{"id":1168314,"date":"2026-09-05T05:33:24","date_gmt":"2026-09-05T05:33:24","guid":{"rendered":"https:\/\/www.europesays.com\/fr\/1168314\/"},"modified":"2026-09-05T05:33:24","modified_gmt":"2026-09-05T05:33:24","slug":"decret-de-trump-blocage-judiciaire-incertitudes-autour-du-vote-par-correspondance-pour-les-midterms-americaines","status":"publish","type":"post","link":"https:\/\/www.europesays.com\/fr\/1168314\/","title":{"rendered":"D\u00e9cret de Trump, blocage judiciaire\u2026 Incertitudes autour du vote par correspondance pour les midterms am\u00e9ricaines"},"content":{"rendered":"<p>A moins de deux mois des midterms du 3\u00a0novembre 2026, le vote par correspondance devient l\u2019un des principaux foyers de tension du scrutin. La Caroline du Nord a commenc\u00e9 vendredi \u00e0 envoyer ses premiers bulletins, alors que les r\u00e8gles qui pourraient encadrer leur traitement restent suspendues \u00e0 une bataille judiciaire engag\u00e9e autour d\u2019un d\u00e9cret de <a href=\"https:\/\/www.20minutes.fr\/dossier\/donald_trump\" target=\"_blank\" class=\"c-link c-link--is-underlined\" rel=\"nofollow noopener\">Donald Trump<\/a>.<\/p>\n<p>La magistrate charg\u00e9e du dossier a prolong\u00e9 vendredi cette suspension jusqu\u2019au jour de l\u2019\u00e9lection, estimant que \u00ab\u00a0la myriade d\u2019obstacles \u00e9voqu\u00e9s et le temps n\u00e9gligeable pour les responsables de se familiariser avec les nouvelles proc\u00e9dures [\u2026] rendront le respect de ces r\u00e8gles par les responsables locaux et des Etats virtuellement impossible\u00a0\u00bb. De son c\u00f4t\u00e9, le pr\u00e9sident am\u00e9ricain a demand\u00e9 \u00e0 la <a href=\"https:\/\/www.20minutes.fr\/monde\/cour_supreme\/\" target=\"_blank\" class=\"c-link c-link--is-underlined\" rel=\"nofollow noopener\">Cour supr\u00eame<\/a> de r\u00e9tablir des restrictions que la justice a bloqu\u00e9es le 27\u00a0ao\u00fbt.<\/p>\n<p>Une liste d\u2019\u00e9lecteurs autoris\u00e9s \u00e0 voter<\/p>\n<p>Le dispositif contest\u00e9 pr\u00e9voit notamment que les Etats \u00e9tablissent une liste des \u00e9lecteurs autoris\u00e9s \u00e0 voter par correspondance et que la Poste am\u00e9ricaine ne distribue les bulletins qu\u2019aux personnes qui y figurent. Les enveloppes devraient \u00e9galement comporter des codes-barres sp\u00e9cifiques. Un <a href=\"https:\/\/www.20minutes.fr\/societe\/lanceur-alerte\/\" target=\"_blank\" class=\"c-link c-link--is-underlined\" rel=\"nofollow noopener\">lanceur d\u2019alerte<\/a> a averti que \u00ab\u00a0potentiellement, des millions d\u2019\u00e9lecteurs am\u00e9ricains pourraient ne pas recevoir \u00e0 temps ou du tout leur bulletin de vote par correspondance pour les prochaines \u00e9lections\u00a0\u00bb.<\/p>\n<\/p>\n<p>Le gouvernement a pr\u00e9sent\u00e9 ces mesures comme un moyen de prot\u00e9ger l\u2019int\u00e9grit\u00e9 \u00e9lectorale. Donald Trump affirme depuis plusieurs ann\u00e9es que le vote par correspondance favorise la <a href=\"https:\/\/www.20minutes.fr\/dossier\/fraude\" target=\"_blank\" class=\"c-link c-link--is-underlined\" rel=\"nofollow noopener\">fraude<\/a>, tout en y ayant lui-m\u00eame recours, notamment lors de la primaire r\u00e9publicaine en <a href=\"https:\/\/www.20minutes.fr\/dossier\/floride\" target=\"_blank\" class=\"c-link c-link--is-underlined\" rel=\"nofollow noopener\">Floride<\/a> le mois dernier. La controverse touche aussi \u00e0 la r\u00e9partition des comp\u00e9tences entre Washington et les Etats. \u00ab\u00a0Ce sont les Etats qui fixent la date, le lieu et les modalit\u00e9s des \u00e9lections dans ce pays, pas le pr\u00e9sident\u00a0\u00bb, a d\u00e9clar\u00e9 Marc Elias, fondateur de Democracy Docket.<\/p>\n<p>Les d\u00e9mocrates en t\u00eate des sondages<\/p>\n<p>Les responsables \u00e9lectoraux redoutent surtout un changement de r\u00e8gles en pleine pr\u00e9paration du scrutin. Dix-huit autres Etats doivent commencer \u00e0 distribuer leurs bulletins environ 45 jours avant le 3\u00a0novembre. Une d\u00e9cision judiciaire autorisant l\u2019entr\u00e9e en vigueur des restrictions les contraindrait \u00e0 modifier rapidement les enveloppes, les syst\u00e8mes informatiques, la formation des personnels et l\u2019int\u00e9gration des donn\u00e9es \u00e9lectorales. La Caroline du Nord a indiqu\u00e9 qu\u2019elle poursuivrait pour sa part ses envois sans utiliser le syst\u00e8me contest\u00e9.<\/p>\n<p><a href=\"https:\/\/www.20minutes.fr\/monde\/etats-unis\/\" target=\"_blank\" class=\"c-link c-btn c-btn--primary\" rel=\"nofollow noopener\">Notre dossier sur les Etats-Unis<\/a><\/p>\n<p>Ce bras de fer intervient dans un climat politique d\u00e9j\u00e0 tendu, marqu\u00e9 par des conflits sur <a href=\"https:\/\/www.20minutes.fr\/monde\/etats-unis\/4240975-20260826-etats-unis-midterms-joueront-redecoupage-electoral-non-idees-politiques\" target=\"_blank\" class=\"c-link c-link--is-underlined\" rel=\"nofollow noopener\">le red\u00e9coupage \u00e9lectoral dans une douzaine d\u2019Etats<\/a>. Les midterms d\u00e9termineront la majorit\u00e9 au <a href=\"https:\/\/www.20minutes.fr\/dossier\/congres\" target=\"_blank\" class=\"c-link c-link--is-underlined\" rel=\"nofollow noopener\">Congr\u00e8s<\/a> pour les deux derni\u00e8res ann\u00e9es du mandat pr\u00e9sidentiel. Elles se d\u00e9rouleront alors que la popularit\u00e9 de Donald Trump est en baisse sur fond de <a href=\"https:\/\/www.20minutes.fr\/monde\/guerre-iran\/\" target=\"_blank\" class=\"c-link c-link--is-underlined\" rel=\"nofollow noopener\">guerre en Iran<\/a> et de hausse des prix, notamment de l\u2019\u00e9nergie, tandis qu\u2019un mod\u00e8le de projections de l\u2019universit\u00e9 Cornell donne les d\u00e9mocrates en position favorable pour reprendre la Chambre des repr\u00e9sentants.<\/p>\n","protected":false},"excerpt":{"rendered":"A moins de deux mois des midterms du 3\u00a0novembre 2026, le vote par correspondance devient l\u2019un des principaux&hellip;\n","protected":false},"author":2,"featured_media":1168315,"comment_status":"","ping_status":"","sticky":false,"template":"","format":"standard","meta":{"footnotes":"","_share_on_mastodon":"0"},"categories":[5],"tags":[47,11,10658,75,5949,73,1011,27,14,42217,74,12,5995,28],"class_list":["post-1168314","post","type-post","status-publish","format-standard","has-post-thumbnail","category-international","tag-actualite","tag-actualites","tag-cour-supreme","tag-donald-trump","tag-elections","tag-etats-unis","tag-fr","tag-france","tag-international","tag-midterms","tag-monde","tag-news","tag-vote","tag-world"],"share_on_mastodon":{"url":"https:\/\/pubeurope.com\/@fr\/117216805054624709","error":""},"_links":{"self":[{"href":"https:\/\/www.europesays.com\/fr\/wp-json\/wp\/v2\/posts\/1168314","targetHints":{"allow":["GET"]}}],"collection":[{"href":"https:\/\/www.europesays.com\/fr\/wp-json\/wp\/v2\/posts"}],"about":[{"href":"https:\/\/www.europesays.com\/fr\/wp-json\/wp\/v2\/types\/post"}],"author":[{"embeddable":true,"href":"https:\/\/www.europesays.com\/fr\/wp-json\/wp\/v2\/users\/2"}],"replies":[{"embeddable":true,"href":"https:\/\/www.europesays.com\/fr\/wp-json\/wp\/v2\/comments?post=1168314"}],"version-history":[{"count":0,"href":"https:\/\/www.europesays.com\/fr\/wp-json\/wp\/v2\/posts\/1168314\/revisions"}],"wp:featuredmedia":[{"embeddable":true,"href":"https:\/\/www.europesays.com\/fr\/wp-json\/wp\/v2\/media\/1168315"}],"wp:attachment":[{"href":"https:\/\/www.europesays.com\/fr\/wp-json\/wp\/v2\/media?parent=1168314"}],"wp:term":[{"taxonomy":"category","embeddable":true,"href":"https:\/\/www.europesays.com\/fr\/wp-json\/wp\/v2\/categories?post=1168314"},{"taxonomy":"post_tag","embeddable":true,"href":"https:\/\/www.europesays.com\/fr\/wp-json\/wp\/v2\/tags?post=1168314"}],"curies":[{"name":"wp","href":"https:\/\/api.w.org\/{rel}","templated":true}]}}