{"id":1168321,"date":"2026-09-05T05:38:21","date_gmt":"2026-09-05T05:38:21","guid":{"rendered":"https:\/\/www.europesays.com\/fr\/1168321\/"},"modified":"2026-09-05T05:38:21","modified_gmt":"2026-09-05T05:38:21","slug":"un-camp-americain-mario-kart-et-des-concerts-saint-etienne-au-mont-fait-la-fete","status":"publish","type":"post","link":"https:\/\/www.europesays.com\/fr\/1168321\/","title":{"rendered":"Un camp am\u00e9ricain, Mario Kart et des concerts : Saint-\u00c9tienne-au-Mont fait la f\u00eate !"},"content":{"rendered":"<p><img decoding=\"async\" class=\"\" style=\"width:100%;max-width:100%\" src=\"https:\/\/www.europesays.com\/fr\/wp-content\/uploads\/2026\/09\/Capture_d__cran_2026_08_28_1540551787924484338-format16by9.png\" alt=\"En 2025, la manifestation avait attir\u00e9 plus de 2000 participants de tous \u00e2ges.\"\/><\/p>\n<p>En 2025, la manifestation avait attir\u00e9 plus de 2000 participants de tous \u00e2ges.<\/p>\n<p>Cr\u00e9dit : Ville de Saint-Etienne au Mont<\/p>\n<p data-syno-attrs=\"{&quot;textMarks&quot;:[{&quot;_&quot;:&quot;font_size&quot;,&quot;value&quot;:14},{&quot;_&quot;:&quot;font_family&quot;,&quot;value&quot;:&quot;Times New Roman&quot;,&quot;eastAsia&quot;:&quot;Times New Roman&quot;,&quot;complexScript&quot;:&quot;Times New Roman&quot;}]}\">Les <strong>5500 st\u00e9phanois<\/strong> , c&rsquo;est comme cela qu&rsquo;ils se nomment, attendent chaque ann\u00e9e cette manifestation o\u00f9 ils peuvent <strong>se rencontrer<\/strong> , <strong>d\u00e9couvrir la richesse associative<\/strong> ainsi que <strong>culturelle<\/strong> de leur ville et se divertir au son des groupes de musique de la r\u00e9gion.<\/p>\n<p data-syno-attrs=\"{&quot;textMarks&quot;:[{&quot;_&quot;:&quot;font_size&quot;,&quot;value&quot;:14},{&quot;_&quot;:&quot;font_family&quot;,&quot;value&quot;:&quot;Times New Roman&quot;,&quot;eastAsia&quot;:&quot;Times New Roman&quot;,&quot;complexScript&quot;:&quot;Times New Roman&quot;}]}\">C&rsquo;est dans les jardins du ch\u00e2teau Calonne, en centre ville, que les stands et la sc\u00e8ne seront dispos\u00e9es, les activit\u00e9s seront r\u00e9parties entre les jardins et les locaux de la m\u00e9diath\u00e8que.<\/p>\n<p data-syno-attrs=\"{&quot;textMarks&quot;:[{&quot;_&quot;:&quot;font_size&quot;,&quot;value&quot;:14},{&quot;_&quot;:&quot;font_family&quot;,&quot;value&quot;:&quot;Times New Roman&quot;,&quot;eastAsia&quot;:&quot;Times New Roman&quot;,&quot;complexScript&quot;:&quot;Times New Roman&quot;}]}\">Le programme promet d&rsquo;\u00eatre \u00e9clectique et de s&rsquo;adresser <strong>\u00e0 tous les \u00e2ges<\/strong> , citons notamment la reconstitution d&rsquo;un campement am\u00e9ricain de 1944, un tournoi du jeu Mario Kart, et parmi les groupes de musique la salle des calaisiens <strong>The Guards<\/strong> .<\/p>\n<p data-syno-attrs=\"{&quot;textMarks&quot;:[{&quot;_&quot;:&quot;font_size&quot;,&quot;value&quot;:14},{&quot;_&quot;:&quot;font_family&quot;,&quot;value&quot;:&quot;Times New Roman&quot;,&quot;eastAsia&quot;:&quot;Times New Roman&quot;,&quot;complexScript&quot;:&quot;Times New Roman&quot;}]}\">Toutes les activit\u00e9s seront <strong>gratuites<\/strong> , et il sera possible de se <strong>restaurer<\/strong> sur place.<\/p>\n<p data-syno-attrs=\"{&quot;textMarks&quot;:[{&quot;_&quot;:&quot;font_size&quot;,&quot;value&quot;:14},{&quot;_&quot;:&quot;font_family&quot;,&quot;value&quot;:&quot;Times New Roman&quot;,&quot;eastAsia&quot;:&quot;Times New Roman&quot;,&quot;complexScript&quot;:&quot;Times New Roman&quot;}]}\">Se disant consciente des attentes de ses citoyens, l&rsquo;\u00e9quipe municipale r\u00e9cemment \u00e9lue de Saint-Etienne au Mont a promis d&rsquo;augmenter les horaires et les jours d&rsquo;ouverture de ses espaces de loisirs, toute l&rsquo;ann\u00e9e.<\/p>\n<blockquote>\n<p data-syno-attrs=\"{&quot;textMarks&quot;:[{&quot;_&quot;:&quot;font_size&quot;,&quot;value&quot;:14},{&quot;_&quot;:&quot;font_family&quot;,&quot;value&quot;:&quot;Times New Roman&quot;,&quot;eastAsia&quot;:&quot;Times New Roman&quot;,&quot;complexScript&quot;:&quot;Times New Roman&quot;}]}\">S\u00e9bastien Merlin, conseiller municipal d\u00e9l\u00e9gu\u00e9 \u00e0 l&rsquo;\u00e9v\u00e9nementiel, souligne l&rsquo;importance de ce rendez-vous annuel pour les nouveaux arrivants dans la commune.<\/p>\n<\/blockquote>\n","protected":false},"excerpt":{"rendered":"En 2025, la manifestation avait attir\u00e9 plus de 2000 participants de tous \u00e2ges. Cr\u00e9dit : Ville de Saint-Etienne&hellip;\n","protected":false},"author":2,"featured_media":1168322,"comment_status":"","ping_status":"","sticky":false,"template":"","format":"standard","meta":{"footnotes":"","_share_on_mastodon":"0"},"categories":[9653],"tags":[1111,11,66175,2430,120777,73942,120781,120782,1777,674,120773,1011,27,120776,120774,16582,12,120784,120785,25,120780,120775,4001,26857,120783,120779,120778],"class_list":["post-1168321","post","type-post","status-publish","format-standard","has-post-thumbnail","category-saint-etienne","tag-actu","tag-actualites","tag-animations-gratuites","tag-auvergne-rhone-alpes","tag-campement-americain-1944","tag-culture-locale","tag-equipe-municipale-elue","tag-espaces-de-loisirs","tag-eu","tag-europe","tag-fete-annuelle","tag-fr","tag-france","tag-groupes-de-musique-regionaux","tag-jardins-du-chateau-calonne","tag-mediatheque","tag-news","tag-nouveaux-arrivants-commune","tag-programme-detaille-disponible-site-web-ville","tag-republique-francaise","tag-restauration-sur-place","tag-richesse-associative","tag-saint-etienne","tag-saint-etienne-au-mont","tag-sebastien-merlin-evenementiel","tag-the-guards-calaisiens","tag-tournoi-mario-kart"],"share_on_mastodon":{"url":"","error":"Validation failed: Text character limit of 500 exceeded"},"_links":{"self":[{"href":"https:\/\/www.europesays.com\/fr\/wp-json\/wp\/v2\/posts\/1168321","targetHints":{"allow":["GET"]}}],"collection":[{"href":"https:\/\/www.europesays.com\/fr\/wp-json\/wp\/v2\/posts"}],"about":[{"href":"https:\/\/www.europesays.com\/fr\/wp-json\/wp\/v2\/types\/post"}],"author":[{"embeddable":true,"href":"https:\/\/www.europesays.com\/fr\/wp-json\/wp\/v2\/users\/2"}],"replies":[{"embeddable":true,"href":"https:\/\/www.europesays.com\/fr\/wp-json\/wp\/v2\/comments?post=1168321"}],"version-history":[{"count":0,"href":"https:\/\/www.europesays.com\/fr\/wp-json\/wp\/v2\/posts\/1168321\/revisions"}],"wp:featuredmedia":[{"embeddable":true,"href":"https:\/\/www.europesays.com\/fr\/wp-json\/wp\/v2\/media\/1168322"}],"wp:attachment":[{"href":"https:\/\/www.europesays.com\/fr\/wp-json\/wp\/v2\/media?parent=1168321"}],"wp:term":[{"taxonomy":"category","embeddable":true,"href":"https:\/\/www.europesays.com\/fr\/wp-json\/wp\/v2\/categories?post=1168321"},{"taxonomy":"post_tag","embeddable":true,"href":"https:\/\/www.europesays.com\/fr\/wp-json\/wp\/v2\/tags?post=1168321"}],"curies":[{"name":"wp","href":"https:\/\/api.w.org\/{rel}","templated":true}]}}