{"id":1168323,"date":"2026-09-05T05:39:16","date_gmt":"2026-09-05T05:39:16","guid":{"rendered":"https:\/\/www.europesays.com\/fr\/1168323\/"},"modified":"2026-09-05T05:39:16","modified_gmt":"2026-09-05T05:39:16","slug":"meurthe-et-mosellenancy-nancy-labellisee-toutourisme-pour-bien-accueillir-les-voyageurs-avec-chiens","status":"publish","type":"post","link":"https:\/\/www.europesays.com\/fr\/1168323\/","title":{"rendered":"Meurthe-et-MoselleNancy. Nancy labellis\u00e9e Toutourisme pour bien accueillir les voyageurs avec chiens"},"content":{"rendered":"<p>Ce sont les amis des quatre pattes qui vont \u00eatre contents\u00a0! Destination Nancy rejoint le r\u00e9seau Toutourisme. Un label qui garantit un bon accueil \u00e0 ceux qui voyagent avec leurs chiens. Il permet aussi \u00e0 la ville de ne pas se priver de toute une client\u00e8le, puisqu\u2019aujourd\u2019hui certains touristes n\u2019h\u00e9sitent plus \u00e0 privil\u00e9gier des lieux de vill\u00e9giatures \u201cpet friendly\u201d.<\/p>\n<p>\u00ab\u00a0Les animaux de compagnie prennent une part de plus en plus importante dans les familles, observe Nicolas Villiers, directeur de Destination Nancy et\u2026 cr\u00e9ateur du r\u00e9seau Toutourisme, il y a quasi vingt ans. Cela nous oblige \u00e0 offrir des r\u00e9ponses aux questions qui se posent.\u00a0\u00bb<\/p>\n<p>Le label en est une. Il recense les lieux d\u2019h\u00e9bergement, les terrasses, les caf\u00e9s et tous les <a href=\"https:\/\/www.estrepublicain.fr\/economie\/2026\/05\/06\/c-est-juste-une-question-d-education-les-chiens-ont-ils-leur-place-au-restaurant\" target=\"_blank\" rel=\"nofollow noopener\">\u00e9tablissements<\/a> qui accueillent les chiens. Une aubaine pour les ma\u00eetres et pour les autres, les allergiques, qui peuvent s\u2019abstenir de les croiser en choisissant a contrario les adresses qui ne re\u00e7oivent pas les animaux.<\/p>\n<p>Par ailleurs, insiste Nicolas Villiers, le label est aussi une fa\u00e7on de sensibiliser aux bons gestes. \u00ab\u00a0Notre ville est agr\u00e9able, il faut faire en sorte qu\u2019elle le reste, en ramassant les d\u00e9jections par exemple.\u00a0\u00bb Dans le pack de bienvenue offert par <a href=\"https:\/\/www.estrepublicain.fr\/economie\/2026\/07\/04\/l-office-de-tourisme-lance-une-operation-seduction-pour-attirer-les-touristes-nord-americaines-prenommees-nancy\" target=\"_blank\" rel=\"nofollow noopener\">Destination Nancy<\/a> aux touristes accompagn\u00e9s de leurs quatre pattes, figure, outre le guide pratique de la ville, un canisac.<\/p>\n<p>L\u2019office lancera officiellement son entr\u00e9e dans le r\u00e9seau Toutourisme les 26 et 27\u00a0septembre prochains, lors de la 4e  \u00e9dition de la semaine nationale du chien.<\/p>\n","protected":false},"excerpt":{"rendered":"Ce sont les amis des quatre pattes qui vont \u00eatre contents\u00a0! Destination Nancy rejoint le r\u00e9seau Toutourisme. Un&hellip;\n","protected":false},"author":2,"featured_media":1168324,"comment_status":"","ping_status":"","sticky":false,"template":"","format":"standard","meta":{"footnotes":"","_share_on_mastodon":"0"},"categories":[9635],"tags":[1111,11,1867,1704,1777,674,1011,27,775,1702,1703,12,25,104],"class_list":["post-1168323","post","type-post","status-publish","format-standard","has-post-thumbnail","category-nancy","tag-actu","tag-actualites","tag-animaux","tag-edition-nancy-et-agglomeration","tag-eu","tag-europe","tag-fr","tag-france","tag-grand-est","tag-nancy","tag-nancy-ville-54b","tag-news","tag-republique-francaise","tag-societe"],"share_on_mastodon":{"url":"https:\/\/pubeurope.com\/@fr\/117216830814382584","error":""},"_links":{"self":[{"href":"https:\/\/www.europesays.com\/fr\/wp-json\/wp\/v2\/posts\/1168323","targetHints":{"allow":["GET"]}}],"collection":[{"href":"https:\/\/www.europesays.com\/fr\/wp-json\/wp\/v2\/posts"}],"about":[{"href":"https:\/\/www.europesays.com\/fr\/wp-json\/wp\/v2\/types\/post"}],"author":[{"embeddable":true,"href":"https:\/\/www.europesays.com\/fr\/wp-json\/wp\/v2\/users\/2"}],"replies":[{"embeddable":true,"href":"https:\/\/www.europesays.com\/fr\/wp-json\/wp\/v2\/comments?post=1168323"}],"version-history":[{"count":0,"href":"https:\/\/www.europesays.com\/fr\/wp-json\/wp\/v2\/posts\/1168323\/revisions"}],"wp:featuredmedia":[{"embeddable":true,"href":"https:\/\/www.europesays.com\/fr\/wp-json\/wp\/v2\/media\/1168324"}],"wp:attachment":[{"href":"https:\/\/www.europesays.com\/fr\/wp-json\/wp\/v2\/media?parent=1168323"}],"wp:term":[{"taxonomy":"category","embeddable":true,"href":"https:\/\/www.europesays.com\/fr\/wp-json\/wp\/v2\/categories?post=1168323"},{"taxonomy":"post_tag","embeddable":true,"href":"https:\/\/www.europesays.com\/fr\/wp-json\/wp\/v2\/tags?post=1168323"}],"curies":[{"name":"wp","href":"https:\/\/api.w.org\/{rel}","templated":true}]}}