{"id":1168340,"date":"2026-09-05T05:54:16","date_gmt":"2026-09-05T05:54:16","guid":{"rendered":"https:\/\/www.europesays.com\/fr\/1168340\/"},"modified":"2026-09-05T05:54:16","modified_gmt":"2026-09-05T05:54:16","slug":"chantepie-la-guinguette-de-rentree-est-de-retour-dimanche","status":"publish","type":"post","link":"https:\/\/www.europesays.com\/fr\/1168340\/","title":{"rendered":"Chantepie. La guinguette de rentr\u00e9e est de retour dimanche"},"content":{"rendered":"<p>Pour la troisi\u00e8me\u00a0ann\u00e9e cons\u00e9cutive, des passionn\u00e9s proposent aux habitants de la commune de se retrouver, dimanche, pour une guinguette de rentr\u00e9e. \u00a0<strong>Elle se d\u00e9roulera comme les fois pr\u00e9c\u00e9dentes, pr\u00e8s de l\u2019\u00e9tang qui jouxte le Kiosque et le boulodrome<\/strong>\u00a0, indique Erwan Burban, un des organisateurs.<\/p>\n<p><strong>L\u2019\u00e9v\u00e9nement repose sur l\u2019engagement d\u2019un collectif d\u2019habitants, plusieurs dizaines de b\u00e9n\u00e9voles, \u00a0ainsi que sur la g\u00e9n\u00e9rosit\u00e9 des musiciens locaux, l\u2019\u00c9cho des Ruisseaux, Les passants, Des hommes minuscules, qui joueront \u00e0 titre gracieux de la vari\u00e9t\u00e9 fran\u00e7aise\u00a0.<\/strong><\/p>\n<p>Au programme \u00e9galement, un fest-deiz gratuit.<\/p>\n<p>Dimanche 6\u00a0septembre, \u00e0 partir de 15\u00a0h, avenue des M\u00e9liettes, pr\u00e8s du boulodrome et du Kiosque. Gratuit. Stand de galettes saucisses et buvette sur place.<\/p>\n<p>\u00a0<\/p>\n","protected":false},"excerpt":{"rendered":"Pour la troisi\u00e8me\u00a0ann\u00e9e cons\u00e9cutive, des passionn\u00e9s proposent aux habitants de la commune de se retrouver, dimanche, pour une&hellip;\n","protected":false},"author":2,"featured_media":1168341,"comment_status":"","ping_status":"","sticky":false,"template":"","format":"standard","meta":{"footnotes":"","_share_on_mastodon":"0"},"categories":[2821],"tags":[1111,11,829,12790,6664,1777,674,1011,27,5691,12,3086,584,28313,25,8133],"class_list":["post-1168340","post","type-post","status-publish","format-standard","has-post-thumbnail","category-rennes","tag-actu","tag-actualites","tag-bretagne","tag-chantepie","tag-dimanche","tag-eu","tag-europe","tag-fr","tag-france","tag-guinguette","tag-news","tag-redon","tag-rennes","tag-rentree","tag-republique-francaise","tag-retour"],"share_on_mastodon":{"url":"https:\/\/pubeurope.com\/@fr\/117216887921260874","error":""},"_links":{"self":[{"href":"https:\/\/www.europesays.com\/fr\/wp-json\/wp\/v2\/posts\/1168340","targetHints":{"allow":["GET"]}}],"collection":[{"href":"https:\/\/www.europesays.com\/fr\/wp-json\/wp\/v2\/posts"}],"about":[{"href":"https:\/\/www.europesays.com\/fr\/wp-json\/wp\/v2\/types\/post"}],"author":[{"embeddable":true,"href":"https:\/\/www.europesays.com\/fr\/wp-json\/wp\/v2\/users\/2"}],"replies":[{"embeddable":true,"href":"https:\/\/www.europesays.com\/fr\/wp-json\/wp\/v2\/comments?post=1168340"}],"version-history":[{"count":0,"href":"https:\/\/www.europesays.com\/fr\/wp-json\/wp\/v2\/posts\/1168340\/revisions"}],"wp:featuredmedia":[{"embeddable":true,"href":"https:\/\/www.europesays.com\/fr\/wp-json\/wp\/v2\/media\/1168341"}],"wp:attachment":[{"href":"https:\/\/www.europesays.com\/fr\/wp-json\/wp\/v2\/media?parent=1168340"}],"wp:term":[{"taxonomy":"category","embeddable":true,"href":"https:\/\/www.europesays.com\/fr\/wp-json\/wp\/v2\/categories?post=1168340"},{"taxonomy":"post_tag","embeddable":true,"href":"https:\/\/www.europesays.com\/fr\/wp-json\/wp\/v2\/tags?post=1168340"}],"curies":[{"name":"wp","href":"https:\/\/api.w.org\/{rel}","templated":true}]}}