{"id":1168342,"date":"2026-09-05T05:55:35","date_gmt":"2026-09-05T05:55:35","guid":{"rendered":"https:\/\/www.europesays.com\/fr\/1168342\/"},"modified":"2026-09-05T05:55:35","modified_gmt":"2026-09-05T05:55:35","slug":"rugby-nationale-le-ca-perigueux-va-devoir-mettre-les-doigts-dans-la-prise-pour-ramener-une-victoire-de-rennes-et-lancer-sa-saison","status":"publish","type":"post","link":"https:\/\/www.europesays.com\/fr\/1168342\/","title":{"rendered":"Rugby (Nationale)\u00a0: le CA P\u00e9rigueux va devoir \u00ab\u00a0mettre les doigts dans la prise\u00a0\u00bb pour ramener une victoire de Rennes et lancer sa saison"},"content":{"rendered":"<p>Contre une \u00e9quipe programm\u00e9e pour jouer le milieu de tableau, a priori, c\u2019est de l\u2019ordre du possible. Mais attention, le REC a battu Chamb\u00e9ry (35-28) en ouverture avant d\u2019aller s\u2019incliner \u00e0 Vienne (23-21). \u00ab\u00a0C\u2019est une \u00e9quipe qui a du c\u0153ur, des valeurs, qui joue bien au ballon. Il faut qu\u2019on soit en place sur la d\u00e9fense et qu\u2019on soit costaud pour \u00e9viter qu\u2019ils jouent dans notre dos et encha\u00eenent.\u00a0\u00bb<\/p>\n<p>C\u2019est l\u00e0 le hic, la d\u00e9fense est pr\u00e9cis\u00e9ment ce qui a p\u00e9ch\u00e9 en Savoie vendredi 28\u00a0ao\u00fbt. \u00ab\u00a0La d\u00e9fense sur l\u2019homme a \u00e9t\u00e9 catastrophique. Des joueurs n\u2019ont pas plaqu\u00e9, tout simplement. On a eu la possession, l\u2019occupation, la conqu\u00eate, la discipline et pourtant, on a pris sept essais. Chamb\u00e9ry s\u2019est nourri de notre passivit\u00e9 en d\u00e9fense. Sur les plaquages, on recule trop, on manque de caract\u00e8re\u00a0\u00bb, mart\u00e8le Casad\u00e9i.<\/p>\n<p>Du changement<\/p>\n<p>Contre Massy, d\u00e9j\u00e0, le manque d\u2019envie avait \u00e9t\u00e9 soulign\u00e9. Donc, cette fois, la r\u00e9action devient n\u00e9cessaire. \u00ab\u00a0Le rugby, c\u2019est d\u2019abord le combat. \u00c0 un moment donn\u00e9, soit tu mets les doigts dans la prise soit tu n\u2019es pas fait pour jouer au rugby.\u00a0\u00bb En tout cas, cela va entra\u00eener certains changements dans la composition du groupe qui est mont\u00e9 dans le bus vendredi midi. M\u00eame si l\u2019entra\u00eeneur pr\u00e9cise que \u00ab\u00a0personne n\u2019est condamn\u00e9, \u00e7a peut arriver de faire des mauvais matches\u00a0\u00bb. Le tout est de ne pas recommencer trop souvent.<\/p>\n<p>    Rennes (7e\/7 pts) &#8211; P\u00e9rigueux (13e\/3 pts)<br \/>\n<strong>Lieu <\/strong>Rennes (stade V\u00e9lodrome commandant Bougouin). <strong>Horaire <\/strong>Samedi 5\u00a0septembre \u00e0 18 heures. <strong>Arbitre <\/strong>M. Lozano (Hauts-de-France).<br \/><strong>RENNES L\u2019\u00e9quipe possible\u00a0:<\/strong> Labat &#8211; V\u00e9rit\u00e9, Lepresle, Cornu, Lotawa &#8211; (o) Glynn, (m) Berrod &#8211; Baudin, Cazette, Bertrand &#8211; Aperahama, Algans &#8211; Kiewit, Bouaffou, Le Jall\u00e9. <strong>Rempla\u00e7ants\u00a0:<\/strong> Puarai, Foigne, Quesmel, Dufourcq, Dauvergne, Gicquel, Lepeigneul, Tahiviki.<br \/><strong>P\u00c9RIGUEUX L\u2019\u00e9quipe possible\u00a0: <\/strong>Neisen &#8211; Camou, Hickes, Van de Ven, Giresse &#8211; (o) Fauguerolles, (m) Viola &#8211; H. Spring, Merigan, Lanen &#8211; Amosa, Lebas &#8211; Augeix, Lan\u00e7on, Robertson-McCoy. <strong>Rempla\u00e7ants\u00a0:<\/strong> Augry, M.\u00a0Ferreira, Pelmard, Peters, Woki, Bouthier, Viallard, Piaton.<\/p>\n<p>Certains choix sont contraints puisque l\u2019orteil cass\u00e9 d\u2019\u00c9milien Borges ne gu\u00e9rit pas comme souhait\u00e9. Jason Tindili\u00e8re est toujours en convalescence apr\u00e8s son op\u00e9ration du biceps. Charles Four\u00e8s et Sacha Rosenberg sont en phase de reprise et devraient postuler pour la r\u00e9ception de Bourgoin-Jallieu, samedi\u00a012 (18\u00a0h\u00a030). Kito Falatea a mal \u00e0 une cheville, comme Rory Scholes alors que Sam Spring souffre d\u2019une cuisse.<\/p>\n","protected":false},"excerpt":{"rendered":"Contre une \u00e9quipe programm\u00e9e pour jouer le milieu de tableau, a priori, c\u2019est de l\u2019ordre du possible. Mais&hellip;\n","protected":false},"author":2,"featured_media":1168343,"comment_status":"","ping_status":"","sticky":false,"template":"","format":"standard","meta":{"footnotes":"","_share_on_mastodon":"0"},"categories":[2821],"tags":[1111,11,829,1777,674,1011,27,12,584,25],"class_list":["post-1168342","post","type-post","status-publish","format-standard","has-post-thumbnail","category-rennes","tag-actu","tag-actualites","tag-bretagne","tag-eu","tag-europe","tag-fr","tag-france","tag-news","tag-rennes","tag-republique-francaise"],"share_on_mastodon":{"url":"https:\/\/pubeurope.com\/@fr\/117216891928381985","error":""},"_links":{"self":[{"href":"https:\/\/www.europesays.com\/fr\/wp-json\/wp\/v2\/posts\/1168342","targetHints":{"allow":["GET"]}}],"collection":[{"href":"https:\/\/www.europesays.com\/fr\/wp-json\/wp\/v2\/posts"}],"about":[{"href":"https:\/\/www.europesays.com\/fr\/wp-json\/wp\/v2\/types\/post"}],"author":[{"embeddable":true,"href":"https:\/\/www.europesays.com\/fr\/wp-json\/wp\/v2\/users\/2"}],"replies":[{"embeddable":true,"href":"https:\/\/www.europesays.com\/fr\/wp-json\/wp\/v2\/comments?post=1168342"}],"version-history":[{"count":0,"href":"https:\/\/www.europesays.com\/fr\/wp-json\/wp\/v2\/posts\/1168342\/revisions"}],"wp:featuredmedia":[{"embeddable":true,"href":"https:\/\/www.europesays.com\/fr\/wp-json\/wp\/v2\/media\/1168343"}],"wp:attachment":[{"href":"https:\/\/www.europesays.com\/fr\/wp-json\/wp\/v2\/media?parent=1168342"}],"wp:term":[{"taxonomy":"category","embeddable":true,"href":"https:\/\/www.europesays.com\/fr\/wp-json\/wp\/v2\/categories?post=1168342"},{"taxonomy":"post_tag","embeddable":true,"href":"https:\/\/www.europesays.com\/fr\/wp-json\/wp\/v2\/tags?post=1168342"}],"curies":[{"name":"wp","href":"https:\/\/api.w.org\/{rel}","templated":true}]}}