{"id":1168354,"date":"2026-09-05T06:07:19","date_gmt":"2026-09-05T06:07:19","guid":{"rendered":"https:\/\/www.europesays.com\/fr\/1168354\/"},"modified":"2026-09-05T06:07:19","modified_gmt":"2026-09-05T06:07:19","slug":"handball-sans-aymeric-minne-la-peur-du-vide-pour-nantes","status":"publish","type":"post","link":"https:\/\/www.europesays.com\/fr\/1168354\/","title":{"rendered":"Handball : sans Aymeric Minne, la peur du vide pour Nantes ?"},"content":{"rendered":"<p>\n    <strong>D\u00c9CRYPTAGE \u2013<\/strong> Son atout offensif num\u00e9ro 1 parti en Allemagne, le HBC, fortement renouvel\u00e9, pourrait vivre une saison de transition. Ce que r\u00e9futent son entra\u00eeneur et son capitaine, beaucoup plus ambitieux que cela.<\/p>\n<p class=\"fig-paragraph\">Une page s\u2019est-elle tourn\u00e9e \u00e0 Nantes la saison derni\u00e8re\u00a0? Au terme d\u2019un exercice r\u00e9ussi, comme tr\u00e8s souvent ces derni\u00e8res ann\u00e9es dans la Cit\u00e9 des Ducs, le HBC n\u2019a cependant rien gagn\u00e9. Comme trop souvent pour ce Poulidor handballistique en championnat avec cinq places de dauphin du Paris SG ces sept derni\u00e8res saisons. Une belle r\u00e9gularit\u00e9 \u00e0 laquelle il manque une forme de cons\u00e9cration, \u00f4 combien m\u00e9rit\u00e9e au vu de tout le travail accompli et de la ferveur populaire qui r\u00e8gne \u00e0 chaque match disput\u00e9 dans le Hall XXL, pour les rencontres de prestige, et au sein de la H Arena, le reste du temps. Mais l\u2019ogre parisien, monstre de r\u00e9gularit\u00e9, ne laisse que des miettes au Petit Poucet nantais, aussi valeureux qu\u2019impuissant.<\/p>\n<p class=\"fig-paragraph\">L\u2019instauration d\u2019une nouvelle formule, avec une phase r\u00e9guli\u00e8re sous forme de championnat avant un play-off r\u00e9serv\u00e9 aux quatre premiers, pourrait-elle changer la donne et ouvrir des perspectives all\u00e9chantes \u00e0 Nantes\u00a0? \u00abOn va d\u00e9couvrir \u00e7a\u00bb, admet Nicolas Tournat, le nouveau\u2026<\/p>\n<p class=\"fig-premium-paywall__infos\">\n        Cet article est r\u00e9serv\u00e9 aux abonn\u00e9s.        Il vous reste 85% \u00e0 d\u00e9couvrir.\n    <\/p>\n<p>                <img  data- alt=\"Le Figaro\" class=\"fig-img--complete fig-img\"\/><\/p>\n<p class=\"fig-premium-paywall__title\">Vente Flash<\/p>\n<p class=\"fig-premium-paywall__subtitle\">-70% sur votre abonnement. Sans engagement.<\/p>\n<p class=\"fig-premium-paywall__connect\">\n                D\u00e9j\u00e0 abonn\u00e9\u00a0?                <a class=\"fig-premium-paywall__connect-link\" href=\"https:\/\/connect.lefigaro.fr\/login?client=horizon_web&amp;type=main&amp;redirect_uri=https%3A%2F%2Fwww.lefigaro.fr%2Fsports%2Fhandball%2Fhandball-sans-aymeric-minne-la-peur-du-vide-pour-nantes-20260905\" data-js-gtm=\"{&quot;event&quot;:&quot;customEventGA4&quot;,&quot;eventName&quot;:&quot;click_action&quot;,&quot;feature&quot;:&quot;paywall&quot;,&quot;location&quot;:&quot;paywall&quot;,&quot;button_action&quot;:&quot;connect&quot;,&quot;click_text&quot;:&quot;Connectez-vous&quot;}\" rel=\"nofollow noopener\" target=\"_blank\"><br \/>\n                    Connectez-vous<br \/>\n                <\/a>\n            <\/p>\n","protected":false},"excerpt":{"rendered":"D\u00c9CRYPTAGE \u2013 Son atout offensif num\u00e9ro 1 parti en Allemagne, le HBC, fortement renouvel\u00e9, pourrait vivre une saison&hellip;\n","protected":false},"author":2,"featured_media":1168355,"comment_status":"","ping_status":"","sticky":false,"template":"","format":"standard","meta":{"footnotes":"","_share_on_mastodon":"0"},"categories":[2818],"tags":[1111,11,2207,69,525,2211,2212,2210,1981,2206,64,1777,674,1011,27,1792,2209,447,2208,766,12,2636,25,1980],"class_list":["post-1168354","post","type-post","status-publish","format-standard","has-post-thumbnail","category-nantes","tag-actu","tag-actualites","tag-bleus","tag-bundesliga","tag-calendrier","tag-championnat-deurope","tag-championnat-du-monde","tag-ciudad-real","tag-classement","tag-division-1","tag-equipe-de-france","tag-eu","tag-europe","tag-fr","tag-france","tag-handball","tag-kiel","tag-ligue-des-champions","tag-montpellier","tag-nantes","tag-news","tag-pays-de-la-loire","tag-republique-francaise","tag-resultats"],"share_on_mastodon":{"url":"https:\/\/pubeurope.com\/@fr\/117216939083967579","error":""},"_links":{"self":[{"href":"https:\/\/www.europesays.com\/fr\/wp-json\/wp\/v2\/posts\/1168354","targetHints":{"allow":["GET"]}}],"collection":[{"href":"https:\/\/www.europesays.com\/fr\/wp-json\/wp\/v2\/posts"}],"about":[{"href":"https:\/\/www.europesays.com\/fr\/wp-json\/wp\/v2\/types\/post"}],"author":[{"embeddable":true,"href":"https:\/\/www.europesays.com\/fr\/wp-json\/wp\/v2\/users\/2"}],"replies":[{"embeddable":true,"href":"https:\/\/www.europesays.com\/fr\/wp-json\/wp\/v2\/comments?post=1168354"}],"version-history":[{"count":0,"href":"https:\/\/www.europesays.com\/fr\/wp-json\/wp\/v2\/posts\/1168354\/revisions"}],"wp:featuredmedia":[{"embeddable":true,"href":"https:\/\/www.europesays.com\/fr\/wp-json\/wp\/v2\/media\/1168355"}],"wp:attachment":[{"href":"https:\/\/www.europesays.com\/fr\/wp-json\/wp\/v2\/media?parent=1168354"}],"wp:term":[{"taxonomy":"category","embeddable":true,"href":"https:\/\/www.europesays.com\/fr\/wp-json\/wp\/v2\/categories?post=1168354"},{"taxonomy":"post_tag","embeddable":true,"href":"https:\/\/www.europesays.com\/fr\/wp-json\/wp\/v2\/tags?post=1168354"}],"curies":[{"name":"wp","href":"https:\/\/api.w.org\/{rel}","templated":true}]}}