{"id":1168364,"date":"2026-09-05T06:12:49","date_gmt":"2026-09-05T06:12:49","guid":{"rendered":"https:\/\/www.europesays.com\/fr\/1168364\/"},"modified":"2026-09-05T06:12:49","modified_gmt":"2026-09-05T06:12:49","slug":"une-commune-du-nord-organise-ce-week-end-le-championnat-du-monde-de-decorticage-de-bigorneaux","status":"publish","type":"post","link":"https:\/\/www.europesays.com\/fr\/1168364\/","title":{"rendered":"Une commune du Nord organise ce week-end le championnat du monde\u2026 de d\u00e9corticage de bigorneaux"},"content":{"rendered":"<p>Un \u00e9v\u00e8nement insolite aura lieu dimanche 6\u00a0septembre 2026 \u00e0\u00a0Grand-Fort-Philippe.\u00a0<a href=\"https:\/\/actu.fr\/hauts-de-france\/grand-fort-philippe_59272\/insolite-le-nord-accueille-le-6e-championnat-du-monde-de-decorticage-de-bigorneaux-au-coeur-dun-festival_64730418.html\" target=\"_blank\" rel=\"nofollow noopener\">Comme le rapporte Lille Actu <\/a>, cette\u00a0commune situ\u00e9e pr\u00e8s de Dunkerque\u00a0(Nord) accueillera la sixi\u00e8me \u00e9dition du championnat du monde\u2026 de d\u00e9corticage de bigorneaux. Un concours organis\u00e9 dans le cadre du festival de musique\u00a0\u00ab\u00a0Du Son sur les flots\u00a0\u00bb.<\/p>\n<p>La comp\u00e9tition d\u00e9butera dimanche \u00e0 14\u00a0h\u00a030. <strong>\u00ab\u00a0Pas besoin d\u2019\u00eatre champion olympique du cure-dent\u00a0: un peu d\u2019adresse, beaucoup de bonne humeur et une solide envie de d\u00e9coquiller suffisent\u00a0!\u00a0\u00bb<\/strong>, est-il \u00e9crit sur <a href=\"https:\/\/www.facebook.com\/profile.php?id=100072355757387\" target=\"_blank\" rel=\"nofollow noopener\">la page Facebook<\/a> de l\u2019\u00e9v\u00e8nement. Attention, il est pr\u00e9cis\u00e9 que les places sont limit\u00e9es, <strong>\u00ab\u00a0comme les bigorneaux \u00e0 mar\u00e9e basse\u00a0!\u00a0\u00bb<\/strong>\u00a0<\/p>\n<\/p>\n<p>S\u2019inscrire au championnat en ligne ou sur place<\/p>\n<p>Les personnes qui aimeraient participer \u00e0 ce championnat du monde de d\u00e9corticage de bigorneaux peuvent <a href=\"https:\/\/docs.google.com\/forms\/d\/e\/1FAIpQLSdGL-TPZU-HmHGeoirjzGsSXZWgwsrB8KQ-Lf2tBN7ld0n33Q\/closedform\" target=\"_blank\" rel=\"nofollow noopener\">s\u2019inscrire en ligne<\/a>, ou bien sur place d\u00e8s le 5\u00a0septembre \u00e0 l\u2019accueil du festival. Celles et ceux qui ne souhaitent pas y prendre part sont invit\u00e9s \u00e0 <strong>\u00ab\u00a0encourager les d\u00e9cortiqueurs dans une ambiance compl\u00e8tement d\u00e9coquill\u00e9e\u00a0!\u00a0\u00bb<\/strong><\/p>\n<p>L\u2019an dernier, c\u2019est une habitante de Roubaix qui avait remport\u00e9 la comp\u00e9tition avec 43\u00a0grammes d\u00e9cortiqu\u00e9s en huit minutes. <strong>\u00ab\u00a0Ce qui m\u2019arrive est un truc de dingue\u00a0! Pour l\u2019ann\u00e9e prochaine, je vais revenir surentra\u00een\u00e9e et \u00e7a va faire mal dans les chaumi\u00e8res\u00a0!\u00a0\u00bb<\/strong>, avait-elle confi\u00e9 \u00e0 <a href=\"https:\/\/www.lavoixdunord.fr\/1622346\/article\/2025-09-07\/grand-fort-philippe-claire-boceno-championne-du-monde-2025-de-decorticage-de\" target=\"_blank\" rel=\"nofollow noopener\">nos confr\u00e8res de La Voix du Nord <\/a>.<\/p>\n<p>\u00a0<\/p>\n","protected":false},"excerpt":{"rendered":"Un \u00e9v\u00e8nement insolite aura lieu dimanche 6\u00a0septembre 2026 \u00e0\u00a0Grand-Fort-Philippe.\u00a0Comme le rapporte Lille Actu , cette\u00a0commune situ\u00e9e pr\u00e8s de&hellip;\n","protected":false},"author":2,"featured_media":1168365,"comment_status":"","ping_status":"","sticky":false,"template":"","format":"standard","meta":{"footnotes":"","_share_on_mastodon":"0"},"categories":[2815],"tags":[1111,11,120787,3233,7052,120786,1777,674,1011,27,811,1307,74,12,1308,9271,25,4064],"class_list":["post-1168364","post","type-post","status-publish","format-standard","has-post-thumbnail","category-lille","tag-actu","tag-actualites","tag-bigorneaux","tag-championnat","tag-commune","tag-decorticage","tag-eu","tag-europe","tag-fr","tag-france","tag-hauts-de-france","tag-lille","tag-monde","tag-news","tag-nord","tag-organise","tag-republique-francaise","tag-week-end"],"share_on_mastodon":{"url":"https:\/\/pubeurope.com\/@fr\/117216962611716361","error":""},"_links":{"self":[{"href":"https:\/\/www.europesays.com\/fr\/wp-json\/wp\/v2\/posts\/1168364","targetHints":{"allow":["GET"]}}],"collection":[{"href":"https:\/\/www.europesays.com\/fr\/wp-json\/wp\/v2\/posts"}],"about":[{"href":"https:\/\/www.europesays.com\/fr\/wp-json\/wp\/v2\/types\/post"}],"author":[{"embeddable":true,"href":"https:\/\/www.europesays.com\/fr\/wp-json\/wp\/v2\/users\/2"}],"replies":[{"embeddable":true,"href":"https:\/\/www.europesays.com\/fr\/wp-json\/wp\/v2\/comments?post=1168364"}],"version-history":[{"count":0,"href":"https:\/\/www.europesays.com\/fr\/wp-json\/wp\/v2\/posts\/1168364\/revisions"}],"wp:featuredmedia":[{"embeddable":true,"href":"https:\/\/www.europesays.com\/fr\/wp-json\/wp\/v2\/media\/1168365"}],"wp:attachment":[{"href":"https:\/\/www.europesays.com\/fr\/wp-json\/wp\/v2\/media?parent=1168364"}],"wp:term":[{"taxonomy":"category","embeddable":true,"href":"https:\/\/www.europesays.com\/fr\/wp-json\/wp\/v2\/categories?post=1168364"},{"taxonomy":"post_tag","embeddable":true,"href":"https:\/\/www.europesays.com\/fr\/wp-json\/wp\/v2\/tags?post=1168364"}],"curies":[{"name":"wp","href":"https:\/\/api.w.org\/{rel}","templated":true}]}}