{"id":1168372,"date":"2026-09-05T06:19:21","date_gmt":"2026-09-05T06:19:21","guid":{"rendered":"https:\/\/www.europesays.com\/fr\/1168372\/"},"modified":"2026-09-05T06:19:21","modified_gmt":"2026-09-05T06:19:21","slug":"rhone-une-societe-de-dorure-braquee-au-sud-de-lyon-lune-des-employees-sequestree","status":"publish","type":"post","link":"https:\/\/www.europesays.com\/fr\/1168372\/","title":{"rendered":"Rh\u00f4ne. Une soci\u00e9t\u00e9 de dorure braqu\u00e9e au sud de Lyon, l\u2019une des employ\u00e9es s\u00e9questr\u00e9e"},"content":{"rendered":"<p>Les faits se sont produits le lundi 31\u00a0ao\u00fbt \u00e0 6 heures du matin, \u00e0 Montagny au sud de Lyon. La soci\u00e9t\u00e9 DM Dorure, sp\u00e9cialis\u00e9 dans le traitement de surface par \u00e9lectrolyse, aurait \u00e9t\u00e9 cibl\u00e9e par des braqueurs, a appris Le Progr\u00e8s de plusieurs sources.<\/p>\n<p>Une employ\u00e9e aurait d\u2019abord \u00e9t\u00e9 s\u00e9questr\u00e9e par les suspects.\u00a0Ces derniers auraient r\u00e9ussi \u00e0 prendre la fuite et seraient activement recherch\u00e9s par les forces de l\u2019ordre. Le pr\u00e9judice, pour l\u2019heure, n\u2019a pas \u00e9t\u00e9 communiqu\u00e9.<\/p>\n<p>  Un pr\u00e9judice pour l\u2019heure non communiqu\u00e9<\/p>\n<p>Interrog\u00e9 par Le Progr\u00e8s , l\u2019un des deux responsables associ\u00e9s de cette entreprise affirme\u00a0: \u00ab\u00a0Tout ce que je peux vous dire, c\u2019est qu\u2019ils se sont tromp\u00e9s de cible, nous ne stockons pas de m\u00e9taux pr\u00e9cieux dans nos locaux.\u00a0\u00bb Interrog\u00e9 \u00e0 ce sujet par notre journal, le parquet de Lyon s\u2019est refus\u00e9 \u00e0 tout commentaire, l\u2019affaire \u00e9tant en cours d\u2019instruction.<\/p>\n<p>La soci\u00e9t\u00e9 avait d\u00e9j\u00e0 connu un cambriolage d\u2019envergure en f\u00e9vrier\u00a02024. <a href=\"https:\/\/www.leprogres.fr\/faits-divers-justice\/2024\/02\/22\/pres-de-600-kilos-de-metaux-voles-l-activite-d-une-entreprise-menacee\" target=\"_blank\" rel=\"nofollow noopener\">600\u00a0kilos de m\u00e9taux avaient \u00e9t\u00e9 d\u00e9rob\u00e9s<\/a> , mena\u00e7ant l\u2019activit\u00e9 de l\u2019entreprise. Et avait connu une tentative de vol deux ans plus t\u00f4t.<\/p>\n","protected":false},"excerpt":{"rendered":"Les faits se sont produits le lundi 31\u00a0ao\u00fbt \u00e0 6 heures du matin, \u00e0 Montagny au sud de&hellip;\n","protected":false},"author":2,"featured_media":1168373,"comment_status":"","ping_status":"","sticky":false,"template":"","format":"standard","meta":{"footnotes":"","_share_on_mastodon":"0"},"categories":[1889],"tags":[1111,11,2430,35406,271,272,3154,1777,674,274,107,1011,27,2428,15288,12,25,2429],"class_list":["post-1168372","post","type-post","status-publish","format-standard","has-post-thumbnail","category-lyon","tag-actu","tag-actualites","tag-auvergne-rhone-alpes","tag-brignais-bassin","tag-crime","tag-delit-et-contravention","tag-edition-sud-lyonnais","tag-eu","tag-europe","tag-faits-divers-justice","tag-fil-info","tag-fr","tag-france","tag-lyon","tag-montagny","tag-news","tag-republique-francaise","tag-rhone"],"share_on_mastodon":{"url":"https:\/\/pubeurope.com\/@fr\/117216986239090289","error":""},"_links":{"self":[{"href":"https:\/\/www.europesays.com\/fr\/wp-json\/wp\/v2\/posts\/1168372","targetHints":{"allow":["GET"]}}],"collection":[{"href":"https:\/\/www.europesays.com\/fr\/wp-json\/wp\/v2\/posts"}],"about":[{"href":"https:\/\/www.europesays.com\/fr\/wp-json\/wp\/v2\/types\/post"}],"author":[{"embeddable":true,"href":"https:\/\/www.europesays.com\/fr\/wp-json\/wp\/v2\/users\/2"}],"replies":[{"embeddable":true,"href":"https:\/\/www.europesays.com\/fr\/wp-json\/wp\/v2\/comments?post=1168372"}],"version-history":[{"count":0,"href":"https:\/\/www.europesays.com\/fr\/wp-json\/wp\/v2\/posts\/1168372\/revisions"}],"wp:featuredmedia":[{"embeddable":true,"href":"https:\/\/www.europesays.com\/fr\/wp-json\/wp\/v2\/media\/1168373"}],"wp:attachment":[{"href":"https:\/\/www.europesays.com\/fr\/wp-json\/wp\/v2\/media?parent=1168372"}],"wp:term":[{"taxonomy":"category","embeddable":true,"href":"https:\/\/www.europesays.com\/fr\/wp-json\/wp\/v2\/categories?post=1168372"},{"taxonomy":"post_tag","embeddable":true,"href":"https:\/\/www.europesays.com\/fr\/wp-json\/wp\/v2\/tags?post=1168372"}],"curies":[{"name":"wp","href":"https:\/\/api.w.org\/{rel}","templated":true}]}}