{"id":1168383,"date":"2026-09-05T06:26:35","date_gmt":"2026-09-05T06:26:35","guid":{"rendered":"https:\/\/www.europesays.com\/fr\/1168383\/"},"modified":"2026-09-05T06:26:35","modified_gmt":"2026-09-05T06:26:35","slug":"transports-a-paris-rer-transiliens-tramways-quelles-sont-les-perturbations-attendues-jusquau-6-septembre-2","status":"publish","type":"post","link":"https:\/\/www.europesays.com\/fr\/1168383\/","title":{"rendered":"Transports \u00e0 Paris : RER, transiliens, tramways&#8230; Quelles sont les perturbations attendues jusqu&rsquo;au 6 septembre ?"},"content":{"rendered":"<p class=\"dm_article-chapeau\">Des perturbations \u00e0 Paris et en \u00cele-de-France sur le r\u00e9seau SNCF et RATP sont \u00e0 pr\u00e9voir jusqu&rsquo;au dimanche 13 septembre, en raison de travaux. Voici tout ce qu&rsquo;il faut savoir.<\/p>\n<p>La rentr\u00e9e a pris place mais les travaux continuent. Les r\u00e9seaux <a href=\"https:\/\/www.cnews.fr\/sncf\" target=\"_blank\" rel=\"nofollow noopener\">SNCF<\/a> et <a href=\"https:\/\/www.cnews.fr\/ratp\" rel=\"nofollow noopener\" target=\"_blank\">RATP<\/a> sont toujours perturb\u00e9s en raison de la r\u00e9alisation de chantiers cruciaux. Tous visent \u00e0 perfectionner les lignes, les moderniser ou encore en accueillir de nouvelles. Voici les perturbations auxquelles vous pourriez faire face jusqu&rsquo;au 13 septembre prochain.<\/p>\n<p>RER B<\/p>\n<p>Du 7 septembre au 9 septembre inclus, du lundi au vendredi d\u00e8s 22h45, le trafic sera interrompu entre Ch\u00e2telet\u2006\u2013\u2006Les Halles et A\u00e9roport Charles de Gaulle 2\u2006\u2013\u2006TGV et Ch\u00e2telet\u2006\u2013\u2006Les Halles et Mitry\u2006\u2013\u2006Claye en raison de travaux. Des navettes de remplacement sont mises en place.<\/p>\n<p>Du 11 septembre au 13 septembre inclus, du vendredi au dimanche d\u00e8s 22h45, le trafic sera interrompu entre Denfert-Rochereau et Mitry\u2006\u2013\u2006Claye \u2022 A\u00e9roport Charles de Gaulle 2\u2006\u2013\u2006TGV en raison de travaux. Des bus de remplacement sont mis en place.<\/p>\n<p>Du 12 septembre au 13 septembre inclus, le trafic sera interrompu entre Gare du Nord et Denfert-Rochereau en raison de travaux de modernisation. Des bus de remplacement sont mis en place.<\/p>\n<p>RER C<\/p>\n<p>Jusqu&rsquo;au 18 septembre inclus, du lundi au vendredi d\u00e8s 23h, le trafic est interrompu entre Pont de Rungis A\u00e9roport d&rsquo;Orly et Choisy-le-Roi en raison de travaux.<\/p>\n<p>Jusqu&rsquo;au 18 septembre inclus, du lundi au vendredi d\u00e8s 22h, le trafic est interrompu entre Massy\u2006\u2013\u2006Palaiseau et Choisy-le-Roi en raison de travaux.<\/p>\n<p>Jusqu&rsquo;au 2 octobre inclus, du lundi au vendredi d\u00e8s 21h30, le trafic est interrompu entre Pontoise et Avenue Henri Martin en raison de travaux. Des bus de remplacement sont mis \u00e0 disposition.<\/p>\n<p>Du 5 septembre au 6 septembre inclus, le trafic sera interrompu entre Gare d\u2019Austerlitz et Massy\u2006\u2013\u2006Palaiseau en raison de travaux. Des bus de substitution sont mis en place.<\/p>\n<p>Du 5 septembre au 6 septembre inclus, le trafic sera interrompu entre Pontoise et Champ de Mars Tour Eiffel en raison de travaux.<\/p>\n<p>Du 6 septembre au 10 septembre inclus, le trafic sera interrompu d\u00e8s 23h entre Gare d\u2019Austerlitz et Dourdan la For\u00eat, mais aussi entre Gare d\u2019Austerlitz et Saint-Martin d&rsquo;\u00c9tampes, en raison de travaux. Des bus de remplacement sont pr\u00e9vus.<\/p>\n<p>Du 7 septembre au 18 septembre inclus, \u00e0 l\u2019exception du 11 septembre, en semaine d\u00e8s 23h, le trafic sera interrompu entre Gare d\u2019Austerlitz et Juvisy en raison de travaux. Des bus de remplacement sont mis en place.<\/p>\n<p>Du 7 septembre au 25 septembre inclus, du lundi au vendredi d\u00e8s 23h, le trafic sera interrompu entre Saint-Quentin en Yvelines &#8211; Montigny-le-Bretonneux et Javel, et entre Versailles Ch\u00e2teau Rive Gauche et Javel en raison de travaux. Des bus de remplacement sont pr\u00e9vus.<\/p>\n<p>Du 12 septembre au 13 septembre inclus, le trafic sera interrompu entre Choisy-le-Roi et Massy\u2006\u2013\u2006Palaiseau en raison de travaux.<\/p>\n<p>RER D<\/p>\n<p>Jusqu&rsquo;au 18 septembre inclus, du lundi au vendredi d\u00e8s 23h50, le trafic est interrompu entre Juvisy et Corbeil-Essonnes via Ris-Orangis en raison de travaux. Des bus de substitution sont mis en \u0153uvre.<\/p>\n<p>Jusqu&rsquo;au 25 septembre inclus, du lundi au vendredi d\u00e8s 23h35, le trafic est interrompu entre Creil et Gare du Nord en raison de travaux. Des bus de remplacement sont pr\u00e9vus.<\/p>\n<p>Jusqu&rsquo;au 18 septembre inclus, du lundi au vendredi d\u00e8s 23h15, le trafic est interrompu entre Gare du Nord et Gare de Lyon en raison de travaux.<\/p>\n<p>Jusqu&rsquo;au 18 septembre inclus, du lundi au vendredi d\u00e8s 19h50, le trafic est interrompu entre Melun et Combs-la-Ville &#8211; Quincy en raison de travaux. Des bus de remplacement sont planifi\u00e9s.<\/p>\n<p>Jusqu&rsquo;au 18 septembre inclus, du lundi au vendredi d\u00e8s 22h30, les arr\u00eats de Maisons-Alfort &#8211; Alfortville, Le Vert de Maisons, Cr\u00e9teil Pompadour et Villeneuve Triage ne seront pas desservis en raison de travaux. Un service de bus de remplacement est mis en place, avec desserte des gares interm\u00e9diaires.<\/p>\n<p>Du 5 au 6 septembre inclus, le trafic sera interrompu entre Creil et Stade de France Saint-Denis en raison de travaux. Des bus de remplacement sont pr\u00e9vus.<\/p>\n<p>Du 12 septembre au 13 septembre inclus, le trafic sera interrompu entre Gare du Nord et Gare de Lyon en raison de travaux.<\/p>\n<p>RER E<\/p>\n<p>Jusqu&rsquo;au 6 septembre inclus, le week-end d\u00e8s 22h45, le trafic est interrompu entre Chelles &#8211; Gournay et Nanterre-La-Folie en raison de travaux. Des bus de remplacement sont mis \u00e0 disposition.<\/p>\n<p>Le 13 septembre \u00e0 partir de 21h, le trafic sera interrompu entre Nanterre-La-Folie et Chelles &#8211; Gournay en raison de travaux. Le 13 septembre \u00e0 partir de 22h, le trafic sera aussi interrompu entre Nanterre-La-Folie et Tournan pour le m\u00eame motif. Des bus de remplacement sont pr\u00e9vus.<\/p>\n<p>M\u00e9tro 6<\/p>\n<p>Le 6 septembre, le trafic sera interrompu sur toute la ligne en raison de travaux de modernisation. Des bus de remplacement sont mis \u00e0 disposition.<\/p>\n<p>M\u00e9tro 8<\/p>\n<p>Jusqu&rsquo;au 22 avril 2027 inclus, l&rsquo;arr\u00eat n&rsquo;est pas desservi \u00e0 R\u00e9publique en raison de travaux de r\u00e9novation<\/p>\n<p>M\u00e9tro 13<\/p>\n<p>Le 13 septembre jusqu&rsquo;\u00e0 12h, le trafic sera interrompu sur toute la ligne en raison de travaux de modernisation. Des bus de remplacement sont planifi\u00e9s entre Les Courtilles et Porte de Clichy.<\/p>\n<p>T3a<\/p>\n<p>Le 15 septembre de 22h \u00e0 la fin de service, le trafic sera interrompu entre Porte d\u2019Italie et Porte de Charenton en raison de travaux.<\/p>\n<p>T4<\/p>\n<p>Jusqu&rsquo;au 21 octobre inclus, le mardi de 21h15 \u00e0 5h, le trafic est interrompu sur toute la ligne en raison de travaux. Des bus de remplacement sont mis en place pour les voyageurs.<\/p>\n<p>T13<\/p>\n<p>Du 7 septembre au 25 septembre inclus, du lundi au vendredi d\u00e8s 22h, le trafic sera interrompu sur toute la ligne en raison de travaux. Des bus de remplacement sont mis \u00e0 disposition.<\/p>\n<p>T14<\/p>\n<p>Du 5 septembre au 6 septembre jusqu&rsquo;\u00e0 16h, le trafic sera interrompu sur toute la ligne en raison de travaux. Des bus de remplacement sont planifi\u00e9s.<\/p>\n<p>Du 7 septembre au 11 septembre inclus, du lundi au vendredi d\u00e8s 21h45, le trafic sera interrompu sur toute la ligne en raison de travaux.<\/p>\n<p>Le 8 septembre de 11h \u00e0 12h, le trafic sera interrompu sur toute la ligne en raison de travaux.<\/p>\n","protected":false},"excerpt":{"rendered":"Des perturbations \u00e0 Paris et en \u00cele-de-France sur le r\u00e9seau SNCF et RATP sont \u00e0 pr\u00e9voir jusqu&rsquo;au dimanche&hellip;\n","protected":false},"author":2,"featured_media":1156578,"comment_status":"","ping_status":"","sticky":false,"template":"","format":"standard","meta":{"footnotes":"","_share_on_mastodon":"0"},"categories":[1888],"tags":[11,1777,674,1011,27,16077,12,626,25,12396,4109,12443,2216],"class_list":["post-1168383","post","type-post","status-publish","format-standard","has-post-thumbnail","category-paris","tag-actualites","tag-eu","tag-europe","tag-fr","tag-france","tag-mu00e9tro","tag-news","tag-paris","tag-republique-francaise","tag-rer","tag-tramway","tag-transilien","tag-transports-en-commun"],"share_on_mastodon":{"url":"https:\/\/pubeurope.com\/@fr\/117217013443068503","error":""},"_links":{"self":[{"href":"https:\/\/www.europesays.com\/fr\/wp-json\/wp\/v2\/posts\/1168383","targetHints":{"allow":["GET"]}}],"collection":[{"href":"https:\/\/www.europesays.com\/fr\/wp-json\/wp\/v2\/posts"}],"about":[{"href":"https:\/\/www.europesays.com\/fr\/wp-json\/wp\/v2\/types\/post"}],"author":[{"embeddable":true,"href":"https:\/\/www.europesays.com\/fr\/wp-json\/wp\/v2\/users\/2"}],"replies":[{"embeddable":true,"href":"https:\/\/www.europesays.com\/fr\/wp-json\/wp\/v2\/comments?post=1168383"}],"version-history":[{"count":0,"href":"https:\/\/www.europesays.com\/fr\/wp-json\/wp\/v2\/posts\/1168383\/revisions"}],"wp:featuredmedia":[{"embeddable":true,"href":"https:\/\/www.europesays.com\/fr\/wp-json\/wp\/v2\/media\/1156578"}],"wp:attachment":[{"href":"https:\/\/www.europesays.com\/fr\/wp-json\/wp\/v2\/media?parent=1168383"}],"wp:term":[{"taxonomy":"category","embeddable":true,"href":"https:\/\/www.europesays.com\/fr\/wp-json\/wp\/v2\/categories?post=1168383"},{"taxonomy":"post_tag","embeddable":true,"href":"https:\/\/www.europesays.com\/fr\/wp-json\/wp\/v2\/tags?post=1168383"}],"curies":[{"name":"wp","href":"https:\/\/api.w.org\/{rel}","templated":true}]}}