{"id":1168388,"date":"2026-09-05T06:30:12","date_gmt":"2026-09-05T06:30:12","guid":{"rendered":"https:\/\/www.europesays.com\/fr\/1168388\/"},"modified":"2026-09-05T06:30:12","modified_gmt":"2026-09-05T06:30:12","slug":"les-etats-unis-coulent-un-troisieme-bateau-de-narcotrafiquants-presumes-au-large-de-lequateur","status":"publish","type":"post","link":"https:\/\/www.europesays.com\/fr\/1168388\/","title":{"rendered":"Les \u00c9tats-Unis coulent un troisi\u00e8me bateau de narcotrafiquants pr\u00e9sum\u00e9s au large de l&rsquo;\u00c9quateur"},"content":{"rendered":"<p>\n    L\u2019administration Trump a lanc\u00e9 il y a un an une campagne de frappes a\u00e9riennes, dans le Pacifique oriental et la mer des Cara\u00efbes, contre des chaloupes pr\u00e9sum\u00e9es appartenir \u00e0 des trafiquants de drogue, faisant plus de 200 morts.<\/p>\n<p class=\"fig-paragraph\">L&rsquo;arm\u00e9e am\u00e9ricaine a coul\u00e9 une embarcation au large des c\u00f4tes de l&rsquo;<a href=\"http:\/\/www.lefigaro.fr\/animaux\/equateur-une-russe-detenue-pour-trafic-presume-de-32-iguanes-qu-elle-tentait-de-faire-voyager-entasses-dans-huit-boites-en-plastique-20260830\" target=\"_blank\" data-fig-type=\"NewsFlash\" rel=\"noopener nofollow\" data-gtm-custom-categorie=\"navigation\" data-gtm-custom-action=\"crossclick\" data-gtm-custom-label=\"Contextuel\" data-gtm-event=\"customEventSPE\" data-fig-domain=\"LEFIGARO\">\u00c9quateur<\/a>\u00a0en raison de ses liens pr\u00e9sum\u00e9s avec le narcotrafic, la troisi\u00e8me en une semaine, suscitant l&rsquo;inqui\u00e9tude des habitants et organisations de d\u00e9fense des droits humains. L&rsquo;<a href=\"http:\/\/www.lefigaro.fr\/international\/six-mois-apres-les-bavures-de-l-ice-l-administration-trump-relance-son-offensive-contre-l-immigration-20260903\" target=\"_blank\" data-fig-type=\"Article\" rel=\"noopener nofollow\" data-gtm-custom-categorie=\"navigation\" data-gtm-custom-action=\"crossclick\" data-gtm-custom-label=\"Contextuel\" data-gtm-event=\"customEventSPE\" data-fig-domain=\"LEFIGARO\">administration Trump<\/a>\u00a0a lanc\u00e9 il y a un an une campagne de frappes a\u00e9riennes, dans le Pacifique oriental et la mer des Cara\u00efbes, contre des chaloupes pr\u00e9sum\u00e9es appartenir \u00e0 des trafiquants de drogue, faisant plus de 200 morts.<\/p>\n<p class=\"fig-paragraph\">Dans le port de p\u00eache de Manta (sud-ouest), d&rsquo;o\u00f9 sont partis les bateaux intercept\u00e9s cette semaine, des p\u00eacheurs et leurs familles ont assur\u00e9 vendredi n&rsquo;avoir aucun lien avec le narcotrafic. Ils remettent en cause les op\u00e9rations antidrogue am\u00e9ricaines. \u00abNous avons tous peur qu&rsquo;il nous arrive quelque chose\u00bb, confie Fausto Soza devant la capitainerie, o\u00f9 les familles de p\u00eacheurs viennent chercher des informations alors qu&rsquo;elles sont sans contact de leurs proches. Le p\u00eacheur assure que, depuis deux mois, il n&rsquo;ose plus sortir en mer.<\/p>\n<p>                                            <a class=\"fig-a11y-skip\" href=\"#fig-a11y-skip-main-inarticle\" is=\"fig-a11y-skip\" data-trigger-mode=\"visible-once\"><br \/>\n    Passer la publicit\u00e9<br \/>\n<\/a>            <\/p>\n<p>                                            \u00abStation de ravitaillement\u00bb<\/p>\n<p class=\"fig-paragraph\">Jeudi soir, le Commandement Sud am\u00e9ricain (Southcom) a annonc\u00e9 avoir men\u00e9 une op\u00e9ration militaire contre une embarcation qui servait selon lui de \u00abstation de ravitaillement\u00bb au gang \u00e9quatorien Los Choneros. Le bateau a \u00e9t\u00e9 intercept\u00e9 par un navire militaire, aid\u00e9 d&rsquo;un h\u00e9licopt\u00e8re, qui l&rsquo;a abord\u00e9, puis l&rsquo;a fait exploser et couler, selon une vid\u00e9o divulgu\u00e9e par l&rsquo;arm\u00e9e am\u00e9ricaine, montrant aussi une immense colonne de fum\u00e9e s&rsquo;\u00e9levant du site. Le Commandement Sud a indiqu\u00e9 que les membres de l&rsquo;\u00e9quipage avaient \u00e9t\u00e9 \u00abtransf\u00e9r\u00e9s en toute s\u00e9curit\u00e9\u00bb aux autorit\u00e9s \u00e9quatoriennes avant la destruction du bateau.<\/p>\n<p class=\"fig-paragraph\">C&rsquo;est la troisi\u00e8me embarcation ainsi coul\u00e9e en une semaine, apr\u00e8s deux autres pr\u00e9sum\u00e9es appartenir \u00e9galement \u00e0 Los Choneros, gang li\u00e9 \u00e0 l&rsquo;important cartel mexicain de Sinaloa selon l&rsquo;arm\u00e9e am\u00e9ricaine. En juillet, l&rsquo;ONG Human Rights Watch avait affirm\u00e9 que trois embarcations avaient \u00e9t\u00e9 attaqu\u00e9es par les forces am\u00e9ricaines au large de l&rsquo;\u00c9quateur, faisant au moins huit disparus, ce que nie Washington. \u00abJe ne sais m\u00eame plus quoi faire (&#8230;) Je ne mange pas, je ne dors pas en pensant \u00e0 mon fils, je veux qu&rsquo;on me le rende\u00bb, d\u00e9clare en pleurs Maria Cueva, dont le fils de 25 ans fait partie des personnes port\u00e9es disparues.<\/p>\n<p>                                            \u00abBouclier des Am\u00e9riques\u00bb<\/p>\n<p class=\"fig-paragraph\">Dans les attaques men\u00e9es cette semaine, les autorit\u00e9s n&rsquo;ont pas signal\u00e9 de morts. Ce vendredi, la Marine \u00e9quatorienne a confirm\u00e9 avoir transf\u00e9r\u00e9 \u00e0 Manta 28 membres d&rsquo;\u00e9quipage des embarcations coul\u00e9es mercredi et jeudi, remis par les \u00c9tats-Unis. Neuf autres membres d&rsquo;\u00e9quipage sont en train de rentrer en \u00c9quateur \u00e0 bord \u00abd&rsquo;une autre embarcation\u00bb, a ajout\u00e9 la Marine. La nouvelle de leur retour a rendu un certain calme aux familles de p\u00eacheurs. \u00abNos p\u00eacheurs arrivent (&#8230;) ils sont en vie, ils vont bien\u00bb, a d\u00e9clar\u00e9 \u00e0 l&rsquo;AFP Ginger Reyes, 35 ans, \u00e9pouse du capitaine de l&rsquo;un des navires.<\/p>\n<p class=\"fig-paragraph\">Avec le soutien des \u00c9tats-Unis, le pr\u00e9sident \u00e9quatorien Daniel Noboa m\u00e8ne une guerre contre le narcotrafic et a fait entrer son pays dans le \u00abBouclier des Am\u00e9riques\u00bb, coalition antidrogue d&rsquo;une vingtaine d&rsquo;Etats d&rsquo;Am\u00e9rique latine et des Cara\u00efbes dirig\u00e9e par le pr\u00e9sident Trump. Mais la guerre frontale contre le crime organis\u00e9 de Daniel Noboa n&rsquo;a pas r\u00e9ussi \u00e0 faire diminuer la violence en \u00c9quateur, d&rsquo;o\u00f9 part depuis les ports sur le Pacifique la coca\u00efne produite dans les pays voisins, la Colombie et le P\u00e9rou. L&rsquo;an dernier, le taux d&rsquo;homicides du pays a \u00e9t\u00e9 le plus \u00e9lev\u00e9 d&rsquo;Am\u00e9rique du Sud: 51 pour 100.000 habitants.<\/p>\n","protected":false},"excerpt":{"rendered":"L\u2019administration Trump a lanc\u00e9 il y a un an une campagne de frappes a\u00e9riennes, dans le Pacifique oriental&hellip;\n","protected":false},"author":2,"featured_media":1168389,"comment_status":"","ping_status":"","sticky":false,"template":"","format":"standard","meta":{"footnotes":"","_share_on_mastodon":"0"},"categories":[1589],"tags":[11,73,1866,8721,12,1864,1865,1863,308],"class_list":["post-1168388","post","type-post","status-publish","format-standard","has-post-thumbnail","category-etats-unis","tag-actualites","tag-etats-unis","tag-etats-unis-damerique","tag-narcotrafic","tag-news","tag-united-states","tag-united-states-of-america","tag-us","tag-usa"],"share_on_mastodon":{"url":"https:\/\/pubeurope.com\/@fr\/117217029563866382","error":""},"_links":{"self":[{"href":"https:\/\/www.europesays.com\/fr\/wp-json\/wp\/v2\/posts\/1168388","targetHints":{"allow":["GET"]}}],"collection":[{"href":"https:\/\/www.europesays.com\/fr\/wp-json\/wp\/v2\/posts"}],"about":[{"href":"https:\/\/www.europesays.com\/fr\/wp-json\/wp\/v2\/types\/post"}],"author":[{"embeddable":true,"href":"https:\/\/www.europesays.com\/fr\/wp-json\/wp\/v2\/users\/2"}],"replies":[{"embeddable":true,"href":"https:\/\/www.europesays.com\/fr\/wp-json\/wp\/v2\/comments?post=1168388"}],"version-history":[{"count":0,"href":"https:\/\/www.europesays.com\/fr\/wp-json\/wp\/v2\/posts\/1168388\/revisions"}],"wp:featuredmedia":[{"embeddable":true,"href":"https:\/\/www.europesays.com\/fr\/wp-json\/wp\/v2\/media\/1168389"}],"wp:attachment":[{"href":"https:\/\/www.europesays.com\/fr\/wp-json\/wp\/v2\/media?parent=1168388"}],"wp:term":[{"taxonomy":"category","embeddable":true,"href":"https:\/\/www.europesays.com\/fr\/wp-json\/wp\/v2\/categories?post=1168388"},{"taxonomy":"post_tag","embeddable":true,"href":"https:\/\/www.europesays.com\/fr\/wp-json\/wp\/v2\/tags?post=1168388"}],"curies":[{"name":"wp","href":"https:\/\/api.w.org\/{rel}","templated":true}]}}