{"id":1168394,"date":"2026-09-05T06:33:18","date_gmt":"2026-09-05T06:33:18","guid":{"rendered":"https:\/\/www.europesays.com\/fr\/1168394\/"},"modified":"2026-09-05T06:33:18","modified_gmt":"2026-09-05T06:33:18","slug":"brest-rennes-lorient-et-les-grands-deurope-loffre-dazn-a-1499-e-vit-ses-dernieres-heures","status":"publish","type":"post","link":"https:\/\/www.europesays.com\/fr\/1168394\/","title":{"rendered":"Brest, Rennes, Lorient\u2026 et les grands d\u2019Europe : l\u2019offre DAZN \u00e0 14,99 \u20ac vit ses derni\u00e8res heures"},"content":{"rendered":"<p>Cette <a href=\"https:\/\/tidd.ly\/4haFiLz\" rel=\"sponsored nofollow noopener\" target=\"_blank\">offre de rentr\u00e9e<\/a> arrive toutefois \u00e0 son terme : dimanche 6 septembre constitue le dernier jour pour en profiter au tarif de lancement.<\/p>\n<p><strong>Trois mois au tarif de lancement<\/strong><\/p>\n<p>Le fonctionnement est simple. Toute souscription \u00e9ligible avant la date limite permet d\u2019obtenir <a href=\"https:\/\/tidd.ly\/4haFiLz\" rel=\"sponsored nofollow noopener\" target=\"_blank\">DAZN + Ligue 1+<\/a> \u00e0 14,99 \u20ac par mois pendant trois mois. Les neuf mensualit\u00e9s suivantes passent ensuite \u00e0 22,99 \u20ac, dans le cadre d\u2019un engagement d\u2019un an. Deux connexions simultan\u00e9es sont pr\u00e9vues.\u00a0<\/p>\n<p>D\u00e8s lundi 7 septembre, cette p\u00e9riode initiale \u00e0 14,99 \u20ac dispara\u00eet : l\u2019abonnement annuel sera alors propos\u00e9 directement \u00e0 22,99 \u20ac mensuels.<\/p>\n<p><a href=\"https:\/\/tidd.ly\/4haFiLz\" rel=\"sponsored nofollow noopener\" target=\"_blank\">S\u2019ABONNER AVEC LA PROMO ICI<\/a><strong>Du football breton aux grands d\u2019Espagne<\/strong><\/p>\n<p>Pour les amateurs de Ligue 1, la formule donne acc\u00e8s au Championnat via Ligue 1+. Mais sa particularit\u00e9 tient surtout au catalogue suppl\u00e9mentaire inclus.<\/p>\n<p>LaLiga est accessible sans suppl\u00e9ment dans le bundle, avec chaque journ\u00e9e du Bar\u00e7a, du Real Madrid ou de l\u2019Atl\u00e9tico. La Copa del Rey fait \u00e9galement partie de l\u2019offre.<\/p>\n<p>Les amateurs de calcio retrouvent de leur c\u00f4t\u00e9 la Serie A, la Coppa Italia et la Supercoppa Italiana. DAZN r\u00e9unit ainsi sur sa plateforme plusieurs des championnats les plus suivis en Europe.\u00a0<\/p>\n<p>Le Cl\u00e1sico Bar\u00e7a-Real du 25 octobre figure notamment parmi les rendez-vous \u00e0 venir.<\/p>\n<p><strong>Que peut-on regarder en dehors du football ?<\/strong><\/p>\n<p>L\u2019offre se veut aussi multisports. Elle comprend la Betclic \u00c9lite, pour suivre le basket fran\u00e7ais, ainsi que de grands \u00e9v\u00e9nements de boxe.<\/p>\n<p>Les amateurs de comp\u00e9titions nord-am\u00e9ricaines disposent \u00e9galement de contenus autour de la NHL et de la NCAA. Le NFL Game Pass est distribu\u00e9 s\u00e9par\u00e9ment sur la plateforme DAZN.<\/p>\n<p><strong>Et pour les moins de 26 ans ?<\/strong><\/p>\n<p>Un autre tarif m\u00e9rite d\u2019\u00eatre regard\u00e9 par les jeunes supporters. DAZN propose aux moins de 26 ans le <a href=\"https:\/\/tidd.ly\/4haFiLz\" rel=\"sponsored nofollow noopener\" target=\"_blank\">bundle avec Ligue 1+<\/a> \u00e0 13,99 \u20ac par mois sans engagement. Cette formule fonctionne avec une seule connexion et n\u00e9cessite une v\u00e9rification de l\u2019\u00e2ge.<\/p>\n<p><a href=\"https:\/\/tidd.ly\/4haFiLz\" rel=\"sponsored nofollow noopener\" target=\"_blank\">PROFITER DE L\u2019OFFRE ICI<\/a><\/p>\n<p>Pour tous les autres, le calendrier est d\u00e9sormais tr\u00e8s court : apr\u00e8s dimanche, les trois mois \u00e0 14,99 \u20ac ne seront plus propos\u00e9s aux nouveaux souscripteurs.<\/p>\n","protected":false},"excerpt":{"rendered":"Cette offre de rentr\u00e9e arrive toutefois \u00e0 son terme : dimanche 6 septembre constitue le dernier jour pour&hellip;\n","protected":false},"author":2,"featured_media":1168395,"comment_status":"","ping_status":"","sticky":false,"template":"","format":"standard","meta":{"footnotes":"","_share_on_mastodon":"0"},"categories":[1586],"tags":[11,1777,674,1011,27,48888,12,116945,25,517],"class_list":["post-1168394","post","type-post","status-publish","format-standard","has-post-thumbnail","category-europe","tag-actualites","tag-eu","tag-europe","tag-fr","tag-france","tag-guide-conso","tag-news","tag-ou-voir-les-matchs","tag-republique-francaise","tag-sport"],"share_on_mastodon":{"url":"https:\/\/pubeurope.com\/@fr\/117217041051481689","error":""},"_links":{"self":[{"href":"https:\/\/www.europesays.com\/fr\/wp-json\/wp\/v2\/posts\/1168394","targetHints":{"allow":["GET"]}}],"collection":[{"href":"https:\/\/www.europesays.com\/fr\/wp-json\/wp\/v2\/posts"}],"about":[{"href":"https:\/\/www.europesays.com\/fr\/wp-json\/wp\/v2\/types\/post"}],"author":[{"embeddable":true,"href":"https:\/\/www.europesays.com\/fr\/wp-json\/wp\/v2\/users\/2"}],"replies":[{"embeddable":true,"href":"https:\/\/www.europesays.com\/fr\/wp-json\/wp\/v2\/comments?post=1168394"}],"version-history":[{"count":0,"href":"https:\/\/www.europesays.com\/fr\/wp-json\/wp\/v2\/posts\/1168394\/revisions"}],"wp:featuredmedia":[{"embeddable":true,"href":"https:\/\/www.europesays.com\/fr\/wp-json\/wp\/v2\/media\/1168395"}],"wp:attachment":[{"href":"https:\/\/www.europesays.com\/fr\/wp-json\/wp\/v2\/media?parent=1168394"}],"wp:term":[{"taxonomy":"category","embeddable":true,"href":"https:\/\/www.europesays.com\/fr\/wp-json\/wp\/v2\/categories?post=1168394"},{"taxonomy":"post_tag","embeddable":true,"href":"https:\/\/www.europesays.com\/fr\/wp-json\/wp\/v2\/tags?post=1168394"}],"curies":[{"name":"wp","href":"https:\/\/api.w.org\/{rel}","templated":true}]}}