{"id":1168396,"date":"2026-09-05T06:34:11","date_gmt":"2026-09-05T06:34:11","guid":{"rendered":"https:\/\/www.europesays.com\/fr\/1168396\/"},"modified":"2026-09-05T06:34:11","modified_gmt":"2026-09-05T06:34:11","slug":"une-commission-du-parlement-europeen-approuve-des-mesures-de-liberalisation-des-echanges-pour-les-produits-armeniens","status":"publish","type":"post","link":"https:\/\/www.europesays.com\/fr\/1168396\/","title":{"rendered":"Une commission du Parlement europ\u00e9en approuve des mesures de lib\u00e9ralisation des \u00e9changes pour les produits arm\u00e9niens"},"content":{"rendered":"<p>La commission du commerce international (INTA) du Parlement europ\u00e9en a approuv\u00e9 la suppression temporaire des droits de douane sur une large gamme de marchandises import\u00e9es d\u2019Arm\u00e9nie dans l\u2019Union europ\u00e9enne, dans le contexte des restrictions commerciales impos\u00e9es par la Russie sur les exportations arm\u00e9niennes.<\/p>\n<p>Selon un journaliste d\u2019Armenpress \u00e0 Bruxelles, la <a href=\"https:\/\/armenpress.am\/en\/article\/1259485\" target=\"_blank\" rel=\"noopener nofollow\">proposition<\/a> pr\u00e9sent\u00e9e par la Commission europ\u00e9enne a \u00e9t\u00e9 adopt\u00e9e sans amendements le 3 septembre, avec 35 voix pour, 2 contre et 3 abstentions.<\/p>\n<p>Selon cette proposition, l\u2019Union europ\u00e9enne pr\u00e9voit de supprimer les droits de douane sur un certain nombre de produits arm\u00e9niens pendant une p\u00e9riode de deux ans.<\/p>\n<p>Parall\u00e8lement, des quotas d\u2019importation en franchise de droits seront instaur\u00e9s pour huit types de produits agricoles arm\u00e9niens, notamment le raisin, les abricots, les cerises, les p\u00eaches et les concombres.<\/p>\n<p>Cette mesure fait suite aux restrictions impos\u00e9es par la Russie depuis mai 2026 sur plusieurs produits d\u2019exportation arm\u00e9niens essentiels. Il s\u2019agit notamment des boissons alcoolis\u00e9es, de l\u2019eau min\u00e9rale, des fruits et l\u00e9gumes, ainsi que de leur transit par la Russie.<\/p>\n<p>Selon la Commission europ\u00e9enne, ces restrictions ont perturb\u00e9 les cha\u00eenes d\u2019approvisionnement traditionnelles de l\u2019Arm\u00e9nie et consid\u00e9rablement limit\u00e9 son acc\u00e8s aux march\u00e9s d\u2019exportation traditionnels. Cette situation a eu un impact particuli\u00e8rement grave sur les petites et moyennes entreprises, ainsi que sur les producteurs agricoles, tout en mena\u00e7ant la r\u00e9silience \u00e9conomique du pays.<\/p>\n<p>L\u2019UE consid\u00e8re cette initiative comme une mesure temporaire visant \u00e0 soutenir l\u2019\u00e9conomie arm\u00e9nienne et \u00e0 cr\u00e9er des opportunit\u00e9s suppl\u00e9mentaires pour les exportateurs d\u2019acc\u00e9der au march\u00e9 de l\u2019UE.<\/p>\n<p>Le Conseil de l\u2019UE a approuv\u00e9 en d\u00e9but de semaine l\u2019introduction de mesures temporaires de lib\u00e9ralisation des \u00e9changes pour les produits arm\u00e9niens afin de soutenir l\u2019\u00e9conomie arm\u00e9nienne suite aux restrictions commerciales r\u00e9cemment impos\u00e9es par la Russie.<\/p>\n<p>Ces mesures lib\u00e9raliseront environ 80 % des exportations arm\u00e9niennes vers l\u2019UE, a indiqu\u00e9 le Conseil dans un communiqu\u00e9 de presse avant de les soumettre \u00e0 l\u2019INTA.<\/p>\n<p>Ce r\u00e9gime pr\u00e9f\u00e9rentiel est assorti de certaines conditions et comprend \u00e9galement des mesures de sauvegarde visant \u00e0 prot\u00e9ger le march\u00e9 de l\u2019UE si les importations ont un impact n\u00e9gatif sur les producteurs de l\u2019UE.<\/p>\n<p>Le Conseil a approuv\u00e9 la proposition de la Commission sans modification, ouvrant la voie \u00e0 une adoption rapide du r\u00e8glement apr\u00e8s que le Parlement europ\u00e9en devrait \u00e9galement l\u2019approuver sans amendements.<\/p>\n<p>\u00ab L\u2019Europe est solidaire de l\u2019Arm\u00e9nie et de son peuple, qui ont choisi la voie claire des r\u00e9formes et d\u2019une coop\u00e9ration renforc\u00e9e avec l\u2019Union europ\u00e9enne. La d\u00e9cision d\u2019aujourd\u2019hui envoie un message sans \u00e9quivoque\u00a0: face \u00e0 la coercition \u00e9conomique, l\u2019UE r\u00e9agira. Nous cr\u00e9erons de nouvelles opportunit\u00e9s et nous serons aux c\u00f4t\u00e9s de nos partenaires \u00bb, a d\u00e9clar\u00e9 Helen McEntee, ministre irlandaise des Affaires \u00e9trang\u00e8res et du Commerce.<\/p>\n<p>Ce r\u00e8glement instaure une suspension temporaire des droits d\u2019importation pour une large gamme de produits arm\u00e9niens, notamment certains produits agricoles soumis \u00e0 des contingents tarifaires. Ces mesures seront applicables pendant deux ans \u00e0 compter de leur entr\u00e9e en vigueur et concerneront pr\u00e8s de 99 % des exportations arm\u00e9niennes de fruits, l\u00e9gumes et plantes frais vers la Russie, ainsi que plus de 91 % des boissons et spiritueux.<\/p>\n<p>Le r\u00e8glement propos\u00e9 vise \u00e0 soutenir l\u2019Arm\u00e9nie suite aux restrictions commerciales impos\u00e9es par la Russie, qui ont perturb\u00e9 ses exportations et ses voies de transit. Il a \u00e9galement pour objectif de renforcer les relations commerciales entre l\u2019UE et l\u2019Arm\u00e9nie, conform\u00e9ment \u00e0 l\u2019Accord de partenariat global et renforc\u00e9 (APGR).<\/p>\n<p>Les accords pr\u00e9f\u00e9rentiels restent subordonn\u00e9s au respect par l\u2019Arm\u00e9nie des r\u00e8gles d\u2019origine applicables, \u00e0 sa coop\u00e9ration administrative avec l\u2019UE, \u00e0 son abstention d\u2019introduire de nouvelles restrictions commerciales sur les importations de l\u2019UE et au respect des \u00e9l\u00e9ments essentiels de l\u2019accord de partenariat \u00e9conomique global (CEPA), notamment les principes d\u00e9mocratiques, l\u2019\u00e9tat de droit et les droits de l\u2019homme.<\/p>\n<p>Le Parlement europ\u00e9en devrait adopter sa position sans amendements lors de sa session pl\u00e9ni\u00e8re de septembre. Une fois cette position formellement adopt\u00e9e, le Conseil l\u2019approuvera et le r\u00e8glement entrera en vigueur le lendemain de sa publication au Journal officiel de l\u2019Union europ\u00e9enne.<\/p>\n<p><strong>Armenpress<\/strong><\/p>\n","protected":false},"excerpt":{"rendered":"La commission du commerce international (INTA) du Parlement europ\u00e9en a approuv\u00e9 la suppression temporaire des droits de douane&hellip;\n","protected":false},"author":2,"featured_media":1168397,"comment_status":"","ping_status":"","sticky":false,"template":"","format":"standard","meta":{"footnotes":"","_share_on_mastodon":"0"},"categories":[1586],"tags":[11,5950,312,33,1777,674,1779,1011,27,12,25,1778,364],"class_list":["post-1168396","post","type-post","status-publish","format-standard","has-post-thumbnail","category-europe","tag-actualites","tag-armenie","tag-diplomatie","tag-economie","tag-eu","tag-europe","tag-european-union","tag-fr","tag-france","tag-news","tag-republique-francaise","tag-ue","tag-union-europeenne"],"share_on_mastodon":{"url":"https:\/\/pubeurope.com\/@fr\/117217045240342580","error":""},"_links":{"self":[{"href":"https:\/\/www.europesays.com\/fr\/wp-json\/wp\/v2\/posts\/1168396","targetHints":{"allow":["GET"]}}],"collection":[{"href":"https:\/\/www.europesays.com\/fr\/wp-json\/wp\/v2\/posts"}],"about":[{"href":"https:\/\/www.europesays.com\/fr\/wp-json\/wp\/v2\/types\/post"}],"author":[{"embeddable":true,"href":"https:\/\/www.europesays.com\/fr\/wp-json\/wp\/v2\/users\/2"}],"replies":[{"embeddable":true,"href":"https:\/\/www.europesays.com\/fr\/wp-json\/wp\/v2\/comments?post=1168396"}],"version-history":[{"count":0,"href":"https:\/\/www.europesays.com\/fr\/wp-json\/wp\/v2\/posts\/1168396\/revisions"}],"wp:featuredmedia":[{"embeddable":true,"href":"https:\/\/www.europesays.com\/fr\/wp-json\/wp\/v2\/media\/1168397"}],"wp:attachment":[{"href":"https:\/\/www.europesays.com\/fr\/wp-json\/wp\/v2\/media?parent=1168396"}],"wp:term":[{"taxonomy":"category","embeddable":true,"href":"https:\/\/www.europesays.com\/fr\/wp-json\/wp\/v2\/categories?post=1168396"},{"taxonomy":"post_tag","embeddable":true,"href":"https:\/\/www.europesays.com\/fr\/wp-json\/wp\/v2\/tags?post=1168396"}],"curies":[{"name":"wp","href":"https:\/\/api.w.org\/{rel}","templated":true}]}}