{"id":116841,"date":"2025-05-21T12:25:08","date_gmt":"2025-05-21T12:25:08","guid":{"rendered":"https:\/\/www.europesays.com\/fr\/116841\/"},"modified":"2025-05-21T12:25:08","modified_gmt":"2025-05-21T12:25:08","slug":"insolite-atp-murray-sur-sa-separation-avec-djokovic-il-y-a-une-chose-qui-ne-me-manquera-pas-cest-la-nourriture-il-essayait-toujours-de-me-faire-manger-vegetalien-mais-mec-je-ne-veux","status":"publish","type":"post","link":"https:\/\/www.europesays.com\/fr\/116841\/","title":{"rendered":"Insolite, ATP > Murray sur sa s\u00e9paration avec Djokovic : \u00ab\u00a0Il y a une chose qui ne me manquera pas, c\u2019est la nourriture. Il essayait toujours de me faire manger v\u00e9g\u00e9talien mais mec, je ne veux pas de sandwichs \u00e0 l&rsquo;air et des pois chiches \u00e0 chaque\u00a0repas\u00a0!\u00a0\u00bb"},"content":{"rendered":"<p>Apr\u00e8s la fin de son aven\u00adture avec Novak Djokovic, Andy Murray s\u2019est exprim\u00e9 \u00e0 ce sujet. Connu depuis plusieurs ann\u00e9es pour ses r\u00e9gimes sans gluten et v\u00e9g\u00e9\u00adta\u00adlien, afin de booster ses perfor\u00admances, l\u2019homme aux 24 titres en Grand Chelem aurait tent\u00e9 de convertir le Britannique \u00e0 son alimen\u00adta\u00adtion, pendant leur collaboration.<\/p>\n<blockquote class=\"twitter-tweet\">\n<p lang=\"it\" dir=\"ltr\">\ud83c\udf3f \u274c Murray sulla sepa\u00adra\u00adzione Djokovic, e non solo sul tennis \ud83d\ude0e<\/p>\n<p>\ud83c\udf99\ufe0f \u00ab\u202f\u00c8 stata una bella avven\u00adtura. Abbiamo deciso entrambi che era il momento di sepa\u00adrarci. Novak \u00e8 brillante. Una cosa che non mi mancher\u00e0 \u00e8 il cibo. Cercava sempre di farmi mangiare vegano. Amico, non voglio\u2026 <a href=\"https:\/\/t.co\/BI9eLhNcEx\" data-wpel-link=\"external\" target=\"_blank\" rel=\"nofollow external noopener\">pic.twitter.com\/BI9eLhNcEx<\/a><\/p>\n<p>\u2014 Ubitennis (@Ubitennis) <a href=\"https:\/\/twitter.com\/Ubitennis\/status\/1925141441963065558?ref_src=twsrc%5Etfw\" data-wpel-link=\"external\" target=\"_blank\" rel=\"nofollow external noopener\">May 21,\u00a02025<\/a><\/p><\/blockquote>\n<p><strong>\u00ab\u202fC\u2019\u00e9tait une bonne aven\u00adture. Nous avons tous les deux d\u00e9cid\u00e9 qu\u2019il \u00e9tait temps de nous s\u00e9parer. Novak est brillant. Une chose qui ne me manquera pas, c\u2019est la nour\u00adri\u00adture. Il essayait toujours de me faire manger v\u00e9g\u00e9\u00adta\u00adlien. Je ne veux pas de sand\u00adwichs avec de l\u2019air et des pois chiches \u00e0\u00a0chaque\u00a0repas\u202f\u00bb<\/strong>, a d\u00e9clar\u00e9 l\u2019an\u00adcien num\u00e9ro un mondial avec beau\u00adcoup d\u2019hu\u00admour, dans des propos relay\u00e9s par Ubitennis.<\/p>\n<p class=\"post-published-date\" style=\"color: silver; font-size: 75%; text-align: left;\">Publi\u00e9 le mercredi 21 mai 2025 \u00e0 13:19<\/p>\n<p><script async src=\"https:\/\/platform.twitter.com\/widgets.js\" charset=\"utf-8\"><\/script><\/p>\n","protected":false},"excerpt":{"rendered":"Apr\u00e8s la fin de son aven\u00adture avec Novak Djokovic, Andy Murray s\u2019est exprim\u00e9 \u00e0 ce sujet. Connu depuis&hellip;\n","protected":false},"author":2,"featured_media":116842,"comment_status":"","ping_status":"","sticky":false,"template":"","format":"standard","meta":{"footnotes":""},"categories":[1415],"tags":[4737,105,1011,27,60,1467],"class_list":{"0":"post-116841","1":"post","2":"type-post","3":"status-publish","4":"format-standard","5":"has-post-thumbnail","7":"category-tennis","8":"tag-andy-murray","9":"tag-djokovic","10":"tag-fr","11":"tag-france","12":"tag-sports","13":"tag-tennis"},"share_on_mastodon":{"url":"https:\/\/pubeurope.com\/@fr\/114545814575837696","error":""},"_links":{"self":[{"href":"https:\/\/www.europesays.com\/fr\/wp-json\/wp\/v2\/posts\/116841","targetHints":{"allow":["GET"]}}],"collection":[{"href":"https:\/\/www.europesays.com\/fr\/wp-json\/wp\/v2\/posts"}],"about":[{"href":"https:\/\/www.europesays.com\/fr\/wp-json\/wp\/v2\/types\/post"}],"author":[{"embeddable":true,"href":"https:\/\/www.europesays.com\/fr\/wp-json\/wp\/v2\/users\/2"}],"replies":[{"embeddable":true,"href":"https:\/\/www.europesays.com\/fr\/wp-json\/wp\/v2\/comments?post=116841"}],"version-history":[{"count":0,"href":"https:\/\/www.europesays.com\/fr\/wp-json\/wp\/v2\/posts\/116841\/revisions"}],"wp:featuredmedia":[{"embeddable":true,"href":"https:\/\/www.europesays.com\/fr\/wp-json\/wp\/v2\/media\/116842"}],"wp:attachment":[{"href":"https:\/\/www.europesays.com\/fr\/wp-json\/wp\/v2\/media?parent=116841"}],"wp:term":[{"taxonomy":"category","embeddable":true,"href":"https:\/\/www.europesays.com\/fr\/wp-json\/wp\/v2\/categories?post=116841"},{"taxonomy":"post_tag","embeddable":true,"href":"https:\/\/www.europesays.com\/fr\/wp-json\/wp\/v2\/tags?post=116841"}],"curies":[{"name":"wp","href":"https:\/\/api.w.org\/{rel}","templated":true}]}}