{"id":1168411,"date":"2026-09-05T06:48:29","date_gmt":"2026-09-05T06:48:29","guid":{"rendered":"https:\/\/www.europesays.com\/fr\/1168411\/"},"modified":"2026-09-05T06:48:29","modified_gmt":"2026-09-05T06:48:29","slug":"cambriolage-du-domicile-de-philippe-bouvard-pendant-ses-obseques-a-cannes","status":"publish","type":"post","link":"https:\/\/www.europesays.com\/fr\/1168411\/","title":{"rendered":"Cambriolage du domicile de Philippe Bouvard pendant ses obs\u00e8ques \u00e0 Cannes"},"content":{"rendered":"<p>  <img decoding=\"async\" class=\"r-img lazyloaded\" src=\"https:\/\/www.europesays.com\/fr\/wp-content\/uploads\/2026\/09\/mouchet.jpg\" alt=\"Adrien Mouchet\"\/><\/p>\n<p>par <a href=\"https:\/\/www.rtl.be\/343111\/dpi-authors\/adrien-mouchet\" rel=\"nofollow noopener\" target=\"_blank\">Adrien Mouchet<\/a><\/p>\n<p>\tPubli\u00e9 le 05 septembre \u00e0 06h42<\/p>\n<p>  <a href=\"https:\/\/www.google.com\/preferences\/source?q=rtl%20info\" class=\"r-link--google-favorites\" role=\"button\">Ajoutez-nous \u00e0 vos favoris Google<\/a><br \/>\n\tL\u2019appartement cannois de Philippe Bouvard a \u00e9t\u00e9 cambriol\u00e9 le 31 ao\u00fbt, au moment m\u00eame o\u00f9 se d\u00e9roulaient les obs\u00e8ques de l\u2019animateur historique de RTL<\/p>\n<p>&#13;<br \/>\n&#13;<\/p>\n<p>Le domicile de Philippe Bouvard a \u00e9t\u00e9 cambriol\u00e9 le 31 ao\u00fbt dernier, alors que les obs\u00e8ques de l\u2019animateur embl\u00e9matique de RTL se d\u00e9roulaient \u00e0 Cannes.<\/p>\n<\/p>\n<p>Selon une source polici\u00e8re, les faits se sont produits dans l\u2019apr\u00e8s-midi, au moment o\u00f9 les proches de Philippe Bouvard \u00e9taient r\u00e9unis dans l\u2019\u00e9glise Notre-Dame-de-Bon-Voyage pour lui rendre un dernier hommage.<\/p>\n<p>&#13;<br \/>\n&#13;<\/p>\n<p>&#13;<br \/>\n&#13;<\/p>\n<p>\n  &#13;<br \/>\n  \u00c0 lire aussi&#13;<br \/>\n  &#13;<\/p>\n<p>  <img decoding=\"async\" class=\"r-img\"  typeof=\"foaf:Image\" src=\"https:\/\/www.europesays.com\/fr\/wp-content\/uploads\/2026\/09\/98215920.png\" alt=\"Design sans titre (8).png\"\/><br \/>\n        <a class=\"r-stories--link\" href=\"https:\/\/www.rtl.be\/actu\/monde\/france\/nous-sommes-les-enfants-et-petits-enfants-de-philippe-bouvard-laurent-ruquier\/2026-08-24\/article\/798119\" rel=\"nofollow noopener\" target=\"_blank\">\u00ab\u00a0Nous sommes les enfants et petits-enfants de Philippe Bouvard\u00a0\u00bb\u00a0: Laurent Ruquier rend un hommage \u00e0 son \u00ab\u00a0mod\u00e8le\u00a0\u00bb<\/a>&#13;<br \/>\n  &#13;<br \/>\n&#13;\n<\/p>\n<p>Pendant la c\u00e9r\u00e9monie, des malfaiteurs se sont introduits dans l\u2019appartement de l\u2019animateur, situ\u00e9 \u00e0 Cannes. Plusieurs objets ont \u00e9t\u00e9 d\u00e9rob\u00e9s. \u00c0 ce stade, aucune interpellation n\u2019a eu lieu.<\/p>\n<p>Figure de RTL<\/p>\n<p>Philippe Bouvard est mort le 24 ao\u00fbt dernier \u00e0 l\u2019\u00e2ge de 96 ans. Figure historique de RTL, il avait notamment cr\u00e9\u00e9 \u00ab\u00a0Les Grosses T\u00eates\u00a0\u00bb, \u00e9mission devenue embl\u00e9matique de la station.<\/p>\n<\/p>\n<p>&#13;<br \/>\n&#13;<\/p>\n<p>&#13;<br \/>\n&#13;<\/p>\n<p><a class=\"r-btn r-btn--tag\" href=\"https:\/\/www.rtl.be\/333654\/locations\/cannes-alpes-maritimes\" title=\"Cannes (Alpes-Maritimes)\" rel=\"nofollow noopener\" target=\"_blank\">Cannes (Alpes-Maritimes)<\/a><br \/>\n<a class=\"r-btn r-btn--tag\" href=\"https:\/\/www.rtl.be\/386710\/persons\/philippe-bouvard\" title=\"Philippe Bouvard\" rel=\"nofollow noopener\" target=\"_blank\">Philippe Bouvard<\/a><\/p>\n","protected":false},"excerpt":{"rendered":"par Adrien Mouchet Publi\u00e9 le 05 septembre \u00e0 06h42 Ajoutez-nous \u00e0 vos favoris Google L\u2019appartement cannois de Philippe&hellip;\n","protected":false},"author":2,"featured_media":1168412,"comment_status":"","ping_status":"","sticky":false,"template":"","format":"standard","meta":{"footnotes":"","_share_on_mastodon":"0"},"categories":[1359],"tags":[9827,9071,1174,7306,3983,58,59,1011,27,7216,15086,973,17578,2700],"class_list":["post-1168411","post","type-post","status-publish","format-standard","has-post-thumbnail","category-people","tag-animateur","tag-appartement","tag-cambriolage","tag-cannes","tag-deces","tag-divertissement","tag-entertainment","tag-fr","tag-france","tag-les-grosses-tetes","tag-obseques","tag-people","tag-philippe-bouvard","tag-rtl"],"share_on_mastodon":{"url":"https:\/\/pubeurope.com\/@fr\/117217102751119720","error":""},"_links":{"self":[{"href":"https:\/\/www.europesays.com\/fr\/wp-json\/wp\/v2\/posts\/1168411","targetHints":{"allow":["GET"]}}],"collection":[{"href":"https:\/\/www.europesays.com\/fr\/wp-json\/wp\/v2\/posts"}],"about":[{"href":"https:\/\/www.europesays.com\/fr\/wp-json\/wp\/v2\/types\/post"}],"author":[{"embeddable":true,"href":"https:\/\/www.europesays.com\/fr\/wp-json\/wp\/v2\/users\/2"}],"replies":[{"embeddable":true,"href":"https:\/\/www.europesays.com\/fr\/wp-json\/wp\/v2\/comments?post=1168411"}],"version-history":[{"count":0,"href":"https:\/\/www.europesays.com\/fr\/wp-json\/wp\/v2\/posts\/1168411\/revisions"}],"wp:featuredmedia":[{"embeddable":true,"href":"https:\/\/www.europesays.com\/fr\/wp-json\/wp\/v2\/media\/1168412"}],"wp:attachment":[{"href":"https:\/\/www.europesays.com\/fr\/wp-json\/wp\/v2\/media?parent=1168411"}],"wp:term":[{"taxonomy":"category","embeddable":true,"href":"https:\/\/www.europesays.com\/fr\/wp-json\/wp\/v2\/categories?post=1168411"},{"taxonomy":"post_tag","embeddable":true,"href":"https:\/\/www.europesays.com\/fr\/wp-json\/wp\/v2\/tags?post=1168411"}],"curies":[{"name":"wp","href":"https:\/\/api.w.org\/{rel}","templated":true}]}}