{"id":1168427,"date":"2026-09-05T06:57:20","date_gmt":"2026-09-05T06:57:20","guid":{"rendered":"https:\/\/www.europesays.com\/fr\/1168427\/"},"modified":"2026-09-05T06:57:20","modified_gmt":"2026-09-05T06:57:20","slug":"tcl-q95k-a-lifa-2026-faut-il-craquer-pour-cette-barre-de-son","status":"publish","type":"post","link":"https:\/\/www.europesays.com\/fr\/1168427\/","title":{"rendered":"TCL Q95K \u00e0 l&rsquo;IFA 2026 : faut-il craquer pour cette barre de son ?"},"content":{"rendered":"<p><strong>\u00c0 l\u2019IFA 2026, TCL se contente d\u2019un seul \u00ab\u00a0vrai\u00a0\u00bb lancement dans le segment du home-cin\u00e9ma avec sa nouvelle barre de son Q95K \u00e0 999 \u20ac.<\/strong><\/p>\n<p>Les t\u00e9l\u00e9viseurs sont devenus de plus en plus fins au fil des ann\u00e9es, et cela a \u00e9videmment impact\u00e9 le son qui en sort.\u00a0Avec un tel r\u00e9gime, il ne reste plus assez de volume derri\u00e8re la dalle pour loger <strong>un haut-parleur digne de ce nom<\/strong>, et <a href=\"https:\/\/www.ecranlarge.com\/high-tech\/conseils\/7-problemes-audio-tv-2025\" rel=\"nofollow noopener\" target=\"_blank\">plusieurs probl\u00e8mes audio peuvent appara\u00eetre<\/a>. Toute la strat\u00e9gie audio de TCL d\u00e9coule justement de ce probl\u00e8me, et elle passe d\u00e9sormais par le sans-fil. On fait le point sur ses principales nouveaut\u00e9s \u00e0 <a href=\"https:\/\/www.ifa-berlin.com\/\" target=\"_blank\" rel=\"noreferrer noopener nofollow\">l\u2019IFA de Berlin 2026<\/a>.<\/p>\n<p><img loading=\"lazy\" decoding=\"async\" width=\"1200\" height=\"670\" alt=\"enceintes TCL Z100\" src=\"https:\/\/www.europesays.com\/fr\/wp-content\/uploads\/2026\/09\/enceintes-tcl-z100.jpg\"  \/><\/p>\n<p>La TCL Q95K met \u00e0 l\u2019honneur les enceintes sans fil derri\u00e8re le canap\u00e9<\/p>\n<p>Si la Q95K est consid\u00e9r\u00e9e comme une barre de son par TCL, il s\u2019agit plus pr\u00e9cis\u00e9ment d\u2019un ensemble de quatre \u00e9l\u00e9ments\u00a0: la barre, un caisson de basses sans fil et deux enceintes arri\u00e8re, \u00e9galement sans fil. Le sigle <strong>11.1.4 canaux<\/strong> indique quant \u00e0 lui d\u2019o\u00f9 vient le son : de devant, des c\u00f4t\u00e9s, de l\u2019arri\u00e8re et du plafond par rebond, en Dolby Atmos comme en DTS:X. <strong>22 haut-parleurs<\/strong> se partagent alors le travail, pour une puissance maximale de <strong>1\u00a0420\u00a0W<\/strong> (selon les tests effectu\u00e9s dans les laboratoires TCL).<\/p>\n<p>Sur le papier, le son d\u2019un TIE fighter qui traverse le cadre dans Star Wars devrait donc <strong>passer derri\u00e8re votre canap\u00e9<\/strong>, plut\u00f4t que de rester au niveau de l\u2019\u00e9cran. Il faut aussi noter que TCL a fait appel \u00e0 <strong>Bang &amp; Olufsen pour le calibrage automatique<\/strong>, qui ajuste la restitution sonore selon les caract\u00e9ristiques de la pi\u00e8ce et le placement des enceintes.<\/p>\n<p>Deux prix EISA pour des enceintes de home-cin\u00e9ma TCL<\/p>\n<p>Le jury EISA vient de r\u00e9compenser deux produits TCL d\u00e9j\u00e0 en vente. La barre <strong>A65K d\u00e9croche le prix Soundbar 2026-2027<\/strong>, avec ses 50\u00a0mm d\u2019\u00e9paisseur qui lui permettent de se glisser sous n\u2019importe quel \u00e9cran. Le second prix revient au duo form\u00e9 par l\u2019enceinte <strong>Z100 et son caisson Z100-SW<\/strong>.<\/p>\n<p>Il y a n\u00e9anmoins quelques pr\u00e9cisions que le communiqu\u00e9 ne met pas en avant. <strong>Le Dolby Atmos exige un t\u00e9l\u00e9viseur TCL compatible Dolby Atmos FlexConnect<\/strong>, \u00e0 partir des Mini LED 2025\u00a0: sur n\u2019importe quel autre \u00e9cran, elle redevient une simple enceinte Bluetooth. Et le terme \u00ab\u00a0sans fil\u00a0\u00bb concerne le signal, pas l\u2019alimentation\u00a0: chaque unit\u00e9 se branche au secteur et consomme <strong>40\u00a0W en fonctionnement<\/strong>, soit quatre prises \u00e0 trouver autour du canap\u00e9. Elle d\u00e9livre 90\u00a0W de puissance nominale et 170\u00a0W en cr\u00eate, tandis que son quatri\u00e8me haut-parleur produit <strong>l\u2019Atmos par r\u00e9flexion sur le plafond<\/strong>.<\/p>\n<p><img loading=\"lazy\" decoding=\"async\" width=\"1200\" height=\"670\" alt=\"barre de son TCL A65K\" src=\"https:\/\/www.europesays.com\/fr\/wp-content\/uploads\/2026\/09\/barre-de-son-tcl-a65k.jpg\"  \/><\/p>\n<p>C\u00f4t\u00e9 TV, TCL joue (toujours) la carte de la luminosit\u00e9<\/p>\n<p>Les TV X11L, C8L et C7L, que l\u2019on annon\u00e7ait en mars 2026 comme <a href=\"https:\/\/www.ecranlarge.com\/high-tech\/actu\/tv-tcl-rapport-qualite-prix\" rel=\"nofollow noopener\" target=\"_blank\">des r\u00e9f\u00e9rences en termes de rapport qualit\u00e9-prix<\/a>, reposent sur le SQD-Mini LED, la derni\u00e8re \u00e9volution du r\u00e9tro\u00e9clairage maison. TCL revendique jusqu\u2019\u00e0 <strong>20\u00a0736 zones sur le X11L<\/strong> et une pointe \u00e0 10\u00a0000\u00a0nits, deux valeurs qui ne concernent toutefois que le 98\u00a0pouces. Sur la s\u00e9rie C8L, on passe de <strong>1\u00a0008 zones et 3\u00a0000\u00a0nits en 55\u00a0pouces \u00e0 4\u00a0032 zones et 6\u00a0000\u00a0nits en 98\u00a0pouces<\/strong>. Et pour un salon lumineux, le filtre antireflet de la dalle et le mode R\u00e9alisateur p\u00e8seront tout autant.<\/p>\n<p>Le palmar\u00e8s EISA en dit d\u2019ailleurs plus que la fiche technique\u00a0: <strong>quatre t\u00e9l\u00e9viseurs TCL sont prim\u00e9s<\/strong>, le 98X11L en Statement TV, le 75C8L en Premium Mini LED TV, le 65C7L en Best Buy Mini LED TV et le 85RM9L en Premium RGB LED TV. Cette derni\u00e8re s\u00e9rie pilote s\u00e9par\u00e9ment les diodes rouges, vertes et bleues, et c\u2019est justement l\u00e0 que le r\u00e9tro\u00e9clairage a le plus \u00e9volu\u00e9. Hisense pousse la m\u00eame logique sur sa TV 116UXS, avec <strong>plusieurs dizaines de milliers de zones<\/strong> pour contr\u00f4ler les couleurs.<\/p>\n<p>La <strong>TCL A400 Pro NXTVISION<\/strong>, qui avait d\u00e9j\u00e0 <a href=\"https:\/\/www.ecranlarge.com\/high-tech\/actu\/tcl-tv-nxtvision-2026\" rel=\"nofollow noopener\" target=\"_blank\">attir\u00e9 notre attention en avril 2026<\/a>, troque quant \u00e0 elle le plastique noir contre un cadre monobloc en finition bois noyer clair et une <strong>dalle mate<\/strong>, pour se plaquer au mur comme une toile encadr\u00e9e. Une fois \u00e9teinte, elle d\u00e9roule une galerie de plus de 80 \u0153uvres.<\/p>\n<p>Prix et disponibilit\u00e9 des principales nouveaut\u00e9s<\/p>\n<p>Un seul produit du stand IFA comporte un tarif de lancement, la barre Q95K. TCL ne communique aucun tarif conseill\u00e9 pour ses t\u00e9l\u00e9viseurs, mais les revendeurs fran\u00e7ais en affichent d\u00e9j\u00e0.<\/p>\n<tr>\n<td><strong>Produit<\/strong><\/td>\n<td><strong>Ce qu\u2019il faut retenir<\/strong><\/td>\n<td><strong>Prix conseill\u00e9<\/strong><\/td>\n<td><strong>Disponibilit\u00e9<\/strong><\/td>\n<\/tr>\n<tr>\n<td>Barre de son Q95K<\/td>\n<td>11.1.4 canaux, barre de son, caisson et 2 enceintes arri\u00e8re<\/td>\n<td>999 \u20ac<\/td>\n<td>Fin septembre ou octobre 2026<\/td>\n<\/tr>\n<tr>\n<td>Barre de son A65K<\/td>\n<td>3.1.2 canaux, 50\u00a0mm, prix EISA<\/td>\n<td>249 \u20ac<\/td>\n<td>D\u00e9j\u00e0 disponible<\/td>\n<\/tr>\n<tr>\n<td>Enceinte Z100<\/td>\n<td>1.1.1 canaux, Dolby Atmos avec un t\u00e9l\u00e9viseur TCL<\/td>\n<td>249 \u20ac (199 \u20ac chez Son-Vid\u00e9o)<\/td>\n<td>En stock<\/td>\n<\/tr>\n<tr>\n<td>TV C8L 55\u00a0pouces<\/td>\n<td>SQD-Mini LED, 144\u00a0Hz, son Bang &amp; Olufsen<\/td>\n<td>999 \u20ac<\/td>\n<td>En stock<\/td>\n<\/tr>\n<p>Notre avis : le syst\u00e8me audio sans fil est ce que TCL fait de plus int\u00e9ressant<\/p>\n<p>L\u2019id\u00e9e de <strong>vendre l\u2019image et le son du m\u00eame ensemble<\/strong> n\u2019a rien de nouveau, mais peu de marques vont jusqu\u2019aux enceintes arri\u00e8re pos\u00e9es librement dans la pi\u00e8ce. Pour un salon o\u00f9 il peut \u00eatre compliqu\u00e9 de d\u00e9rouler un c\u00e2ble jusqu\u2019au canap\u00e9, c\u2019est la proposition la plus int\u00e9ressante du stand.<\/p>\n<p>N\u00e9anmoins, sachez que TCL annonce l\u2019ALLM et l\u2019eARC sur sa Q95K sans pr\u00e9ciser le nombre d\u2019entr\u00e9es HDMI, ni la prise en charge du VRR. Et le calendrier compte tout autant\u00a0: la Samsung HW-Q990H, qui propose la m\u00eame configuration <strong>11.1.4 canaux<\/strong>, est affich\u00e9e \u00e0 <strong>990 \u20ac au 4 septembre 2026<\/strong>. Elle co\u00fbte nettement plus cher hors promotion, mais ceux qui ach\u00e8tent en septembre paieront de toute fa\u00e7on le m\u00eame prix des deux c\u00f4t\u00e9s. C\u2019est d\u00e9sormais \u00e0 vous de voir si l\u2019attente vaut le coup.<\/p>\n","protected":false},"excerpt":{"rendered":"\u00c0 l\u2019IFA 2026, TCL se contente d\u2019un seul \u00ab\u00a0vrai\u00a0\u00bb lancement dans le segment du home-cin\u00e9ma avec sa nouvelle&hellip;\n","protected":false},"author":2,"featured_media":1168428,"comment_status":"","ping_status":"","sticky":false,"template":"","format":"standard","meta":{"footnotes":"","_share_on_mastodon":"0"},"categories":[7],"tags":[1011,27,43,40,41,39,42,44],"class_list":["post-1168427","post","type-post","status-publish","format-standard","has-post-thumbnail","category-sciences-et-technologies","tag-fr","tag-france","tag-science","tag-science-and-technology","tag-sciences","tag-sciences-et-technologies","tag-technologies","tag-technology"],"share_on_mastodon":{"url":"https:\/\/pubeurope.com\/@fr\/117217137210372416","error":""},"_links":{"self":[{"href":"https:\/\/www.europesays.com\/fr\/wp-json\/wp\/v2\/posts\/1168427","targetHints":{"allow":["GET"]}}],"collection":[{"href":"https:\/\/www.europesays.com\/fr\/wp-json\/wp\/v2\/posts"}],"about":[{"href":"https:\/\/www.europesays.com\/fr\/wp-json\/wp\/v2\/types\/post"}],"author":[{"embeddable":true,"href":"https:\/\/www.europesays.com\/fr\/wp-json\/wp\/v2\/users\/2"}],"replies":[{"embeddable":true,"href":"https:\/\/www.europesays.com\/fr\/wp-json\/wp\/v2\/comments?post=1168427"}],"version-history":[{"count":0,"href":"https:\/\/www.europesays.com\/fr\/wp-json\/wp\/v2\/posts\/1168427\/revisions"}],"wp:featuredmedia":[{"embeddable":true,"href":"https:\/\/www.europesays.com\/fr\/wp-json\/wp\/v2\/media\/1168428"}],"wp:attachment":[{"href":"https:\/\/www.europesays.com\/fr\/wp-json\/wp\/v2\/media?parent=1168427"}],"wp:term":[{"taxonomy":"category","embeddable":true,"href":"https:\/\/www.europesays.com\/fr\/wp-json\/wp\/v2\/categories?post=1168427"},{"taxonomy":"post_tag","embeddable":true,"href":"https:\/\/www.europesays.com\/fr\/wp-json\/wp\/v2\/tags?post=1168427"}],"curies":[{"name":"wp","href":"https:\/\/api.w.org\/{rel}","templated":true}]}}