{"id":1168437,"date":"2026-09-05T07:03:18","date_gmt":"2026-09-05T07:03:18","guid":{"rendered":"https:\/\/www.europesays.com\/fr\/1168437\/"},"modified":"2026-09-05T07:03:18","modified_gmt":"2026-09-05T07:03:18","slug":"saint-etienne-jen-trouve-jamais-pourquoi-les-stations-de-veliverts-sont-si-souvent-vides","status":"publish","type":"post","link":"https:\/\/www.europesays.com\/fr\/1168437\/","title":{"rendered":"Saint-\u00c9tienne. \u00ab\u00a0J\u2019en trouve jamais\u00a0!\u00a0\u00bb\u00a0: pourquoi les stations de V\u00e9liverts sont si souvent vides"},"content":{"rendered":"<p>Il est midi, pr\u00e8s de l\u2019arr\u00eat de tram Jean-Moulin, ce mardi. La fr\u00e9quence des trams n\u2019est pas optimale en raison d\u2019une manifestation et les rames sont bond\u00e9es pour se rendre \u00e0 Ch\u00e2teaucreux. Le moment para\u00eet id\u00e9al pour prendre un V\u00e9livert\u00a0: pratique, simple \u00e0 retirer, facile \u00e0 conduire. Sauf qu\u2019une fois arriv\u00e9 \u00e0 la station de v\u00e9los, pr\u00e8s du buste, aucun des 30 v\u00e9los n\u2019est disponible.<\/p>\n<p>Il faut alors continuer \u00e0 marcher un peu plus loin et retenter sa chance place Dorian. Mais l\u00e0 encore, rien. Un dernier espoir se dessine place des Ursules. Un v\u00e9lo attend, seul, sur sa borne. Sauf qu\u2019une fois le QR code scann\u00e9, l\u2019application V\u00e9livert indique que le v\u00e9lo est d\u00e9charg\u00e9, donc indisponible.<\/p>\n<p>\u00ab\u00a0Je ne peux pas vraiment compter dessus\u00a0\u00bb<\/p>\n<p>Cette situation&#8230;<\/p>\n","protected":false},"excerpt":{"rendered":"Il est midi, pr\u00e8s de l\u2019arr\u00eat de tram Jean-Moulin, ce mardi. La fr\u00e9quence des trams n\u2019est pas optimale&hellip;\n","protected":false},"author":2,"featured_media":1168438,"comment_status":"","ping_status":"","sticky":false,"template":"","format":"standard","meta":{"footnotes":"","_share_on_mastodon":"0"},"categories":[9653],"tags":[1111,11,2430,4406,33,7539,1777,674,107,1011,27,3367,12,25,4001,7538,4604,10806,104,2803],"class_list":["post-1168437","post","type-post","status-publish","format-standard","has-post-thumbnail","category-saint-etienne","tag-actu","tag-actualites","tag-auvergne-rhone-alpes","tag-commerce-et-services","tag-economie","tag-edition-loire-sud","tag-eu","tag-europe","tag-fil-info","tag-fr","tag-france","tag-loire","tag-news","tag-republique-francaise","tag-saint-etienne","tag-saint-etienne-ville","tag-selection-abonne","tag-selection-de-la-redaction-42","tag-societe","tag-transport"],"share_on_mastodon":{"url":"","error":""},"_links":{"self":[{"href":"https:\/\/www.europesays.com\/fr\/wp-json\/wp\/v2\/posts\/1168437","targetHints":{"allow":["GET"]}}],"collection":[{"href":"https:\/\/www.europesays.com\/fr\/wp-json\/wp\/v2\/posts"}],"about":[{"href":"https:\/\/www.europesays.com\/fr\/wp-json\/wp\/v2\/types\/post"}],"author":[{"embeddable":true,"href":"https:\/\/www.europesays.com\/fr\/wp-json\/wp\/v2\/users\/2"}],"replies":[{"embeddable":true,"href":"https:\/\/www.europesays.com\/fr\/wp-json\/wp\/v2\/comments?post=1168437"}],"version-history":[{"count":0,"href":"https:\/\/www.europesays.com\/fr\/wp-json\/wp\/v2\/posts\/1168437\/revisions"}],"wp:featuredmedia":[{"embeddable":true,"href":"https:\/\/www.europesays.com\/fr\/wp-json\/wp\/v2\/media\/1168438"}],"wp:attachment":[{"href":"https:\/\/www.europesays.com\/fr\/wp-json\/wp\/v2\/media?parent=1168437"}],"wp:term":[{"taxonomy":"category","embeddable":true,"href":"https:\/\/www.europesays.com\/fr\/wp-json\/wp\/v2\/categories?post=1168437"},{"taxonomy":"post_tag","embeddable":true,"href":"https:\/\/www.europesays.com\/fr\/wp-json\/wp\/v2\/tags?post=1168437"}],"curies":[{"name":"wp","href":"https:\/\/api.w.org\/{rel}","templated":true}]}}