{"id":1168439,"date":"2026-09-05T07:04:16","date_gmt":"2026-09-05T07:04:16","guid":{"rendered":"https:\/\/www.europesays.com\/fr\/1168439\/"},"modified":"2026-09-05T07:04:16","modified_gmt":"2026-09-05T07:04:16","slug":"saint-etienne-mhsc-premier-chaudron-pour-les-jeunes-la-defense-a-rude-epreuve-le-retour-des-blesses-les-cles-du-match-selon-benjamin-psaume","status":"publish","type":"post","link":"https:\/\/www.europesays.com\/fr\/1168439\/","title":{"rendered":"Saint-\u00c9tienne \u2013 MHSC\u00a0: \u00ab\u00a0Premier Chaudron pour les jeunes\u00a0\u00bb, \u00ab\u00a0la d\u00e9fense \u00e0 rude \u00e9preuve\u00a0\u00bb, \u00ab\u00a0le retour des bless\u00e9s\u00a0\u00bb\u00a0: les cl\u00e9s du match selon Benjamin Psaume"},"content":{"rendered":"<p>\n                                                                Nouveaut\u00e9 de cette saison, dans le cadre du partenariat entre Midi Libre et le Montpellier Sport Club, son consultant, l\u2019ex-joueur Benjamin Psaume, livre ses cl\u00e9s des rencontres du MHSC chaque jour de match. Quatri\u00e8me num\u00e9ro ce samedi 5\u00a0septembre \u00e0 quelques heures du d\u00e9placement \u00e0 Saint-\u00c9tienne (20\u00a0h). Avant votre rendez-vous, le podcast Montpellier Sport Club autour de Bertrand Queneutte, \u00e0 retrouver dans le week-end sur toutes les plateformes.\n                            <\/p>\n<p>Premier Chaudron pour les jeunes<\/p>\n<p>Le premier Chaudron, comme les premiers gros stades en France, te marque toujours quand tu es un jeune joueur. Il y a plusieurs fa\u00e7ons de l\u2019aborder, \u00e7a peut galvaniser certains, ceux qui ont un mental, une psychologie assez forte, et \u00e7a peut par contre effrayer et faire d\u00e9jouer d\u2019autres.<\/p>\n<p>Dans l\u2019avant-match, dans la pr\u00e9paration\u00a0du coach, du staff, et aussi de Florian Tardieu, qui a l\u2019exp\u00e9rience et en plus conna\u00eet par c\u0153ur ce Chaudron, ils vont avoir une importance primordiale pour pr\u00e9parer les jeunes \u00e0 ce contexte et ce climat tr\u00e8s hostile, o\u00f9 \u00e7a va pousser d\u00e8s la premi\u00e8re minute, et vraiment les pr\u00e9parer \u00e0 \u00e7a, il va falloir r\u00e9pondre pr\u00e9sent dessus.<\/p>\n<p>La d\u00e9fense \u00e0 rude \u00e9preuve<\/p>\n<p>Je ne vais pas \u00eatre original, Saint-\u00c9tienne caracole\u00a0en t\u00eate, met \u00e9norm\u00e9ment de buts, m\u00eame quand ils sont moins bien, comme \u00e0 Dijon au dernier match, ils arrivent \u00e0 en mettre trois et \u00e0 gagner, Donc l\u00e0, \u00e7a va \u00eatre l\u2019aspect d\u00e9fensif de notre \u00e9quipe qui va \u00eatre mis \u00e0 l\u2019\u00e9preuve.<\/p>\n<p>On a une super d\u00e9fense, on est tr\u00e8s solide depuis le d\u00e9but de saison, mais l\u00e0, \u00e7a va \u00eatre vraiment le gros, gros test face \u00e0 l\u2019une des armadas et l\u2019une des meilleures \u00e9quipes de Ligue 2. Quand je parle de l\u2019aspect d\u00e9fensif, bien \u00e9videmment, je ne parle pas que de nos quatre d\u00e9fenseurs, je parle r\u00e9ellement de toute l\u2019\u00e9quipe. Les ailiers vont devoir aider les lat\u00e9raux, les num\u00e9ros\u00a06 vont devoir compenser les permutations et les projections des milieux st\u00e9phanois.<\/p>\n<p>Dans tous les secteurs du jeu, il va falloir vraiment d\u00e9fensivement \u00eatre tr\u00e8s, tr\u00e8s costaud et on a envie de voir notre d\u00e9fense confront\u00e9e \u00e0 la meilleure attaque.<\/p>\n<p>Le retour des bless\u00e9s<\/p>\n<p>Les retours de Chenahhi\u00a0et Mouanga, notamment, sont hyper importants pour le coach. Je pense que Mouanga va r\u00e9int\u00e9grer le 11 d\u00e8s le d\u00e9but, ce qui va permettre \u00e0 Meddah\u00a0de revenir, de s\u2019intercaler dans le milieu avec Tardieu et Vidal-Cartoux, ce qui peut \u00eatre tr\u00e8s int\u00e9ressant face \u00e0 un milieu de terrain performant de Saint-\u00c9tienne qui se projette beaucoup. Tardieu ou Meddah\u00a0auront peut-\u00eatre ce r\u00f4le de troisi\u00e8me d\u00e9fenseur central\u00a0quand ce sera un peu compliqu\u00e9.<\/p>\n<p>Apr\u00e8s, pour le reste de l\u2019\u00e9quipe, on va faire confiance \u00e0 El Hannach \u00e0 droite, Saint-Luce \u00e0 gauche et apr\u00e8s dans l\u2019aspect offensif, sauf surprise, je ne vois pas pourquoi on changerait. Mukiel\u00e9 doit nous sortir la grosse perf\u00a0qui ne nous a pas sortis depuis un moment. Pays\u00a0est en confiance.\u00a0Megnan va d\u00e9couvrir son premier Chaudron, c\u2019est toujours int\u00e9ressant de voir \u00e0 16 ans comment il l\u2019aborde. Donc voil\u00e0, on restera dans la continuit\u00e9.<\/p>\n","protected":false},"excerpt":{"rendered":"Nouveaut\u00e9 de cette saison, dans le cadre du partenariat entre Midi Libre et le Montpellier Sport Club, son&hellip;\n","protected":false},"author":2,"featured_media":1168440,"comment_status":"","ping_status":"","sticky":false,"template":"","format":"standard","meta":{"footnotes":"","_share_on_mastodon":"0"},"categories":[9653],"tags":[1111,11,2430,1777,674,63,1011,27,7089,2208,12,25,4001,517],"class_list":["post-1168439","post","type-post","status-publish","format-standard","has-post-thumbnail","category-saint-etienne","tag-actu","tag-actualites","tag-auvergne-rhone-alpes","tag-eu","tag-europe","tag-football","tag-fr","tag-france","tag-herault","tag-montpellier","tag-news","tag-republique-francaise","tag-saint-etienne","tag-sport"],"share_on_mastodon":{"url":"https:\/\/pubeurope.com\/@fr\/117217163147877610","error":""},"_links":{"self":[{"href":"https:\/\/www.europesays.com\/fr\/wp-json\/wp\/v2\/posts\/1168439","targetHints":{"allow":["GET"]}}],"collection":[{"href":"https:\/\/www.europesays.com\/fr\/wp-json\/wp\/v2\/posts"}],"about":[{"href":"https:\/\/www.europesays.com\/fr\/wp-json\/wp\/v2\/types\/post"}],"author":[{"embeddable":true,"href":"https:\/\/www.europesays.com\/fr\/wp-json\/wp\/v2\/users\/2"}],"replies":[{"embeddable":true,"href":"https:\/\/www.europesays.com\/fr\/wp-json\/wp\/v2\/comments?post=1168439"}],"version-history":[{"count":0,"href":"https:\/\/www.europesays.com\/fr\/wp-json\/wp\/v2\/posts\/1168439\/revisions"}],"wp:featuredmedia":[{"embeddable":true,"href":"https:\/\/www.europesays.com\/fr\/wp-json\/wp\/v2\/media\/1168440"}],"wp:attachment":[{"href":"https:\/\/www.europesays.com\/fr\/wp-json\/wp\/v2\/media?parent=1168439"}],"wp:term":[{"taxonomy":"category","embeddable":true,"href":"https:\/\/www.europesays.com\/fr\/wp-json\/wp\/v2\/categories?post=1168439"},{"taxonomy":"post_tag","embeddable":true,"href":"https:\/\/www.europesays.com\/fr\/wp-json\/wp\/v2\/tags?post=1168439"}],"curies":[{"name":"wp","href":"https:\/\/api.w.org\/{rel}","templated":true}]}}