{"id":116845,"date":"2025-05-21T12:28:08","date_gmt":"2025-05-21T12:28:08","guid":{"rendered":"https:\/\/www.europesays.com\/fr\/116845\/"},"modified":"2025-05-21T12:28:08","modified_gmt":"2025-05-21T12:28:08","slug":"quand-gasly-annoncait-des-2020-que-verstappen-etait-le-meilleur-pilote-en-f1","status":"publish","type":"post","link":"https:\/\/www.europesays.com\/fr\/116845\/","title":{"rendered":"Quand Gasly annon\u00e7ait d\u00e8s 2020 que Verstappen \u00e9tait le meilleur pilote en F1"},"content":{"rendered":"<p>Nous sommes en f\u00e9vrier 2020, la nouvelle saison n\u2019a m\u00eame pas encore d\u00e9but\u00e9, et Max Verstappen est peut-\u00eatre d\u00e9j\u00e0 \u00ab\u00a0le meilleur\u00a0\u00bb pilote du plateau de Formule 1, selon son ancien co\u00e9quipier Pierre Gasly.<\/p>\n<p>Gasly avait re\u00e7u un cruel rappel du niveau d\u2019exigence du monde de la F1, l\u2019ann\u00e9e pr\u00e9c\u00e9dente, lorsqu\u2019il a eu du mal \u00e0 suivre Verstappen chez Red Bull Racing et s\u2019\u00e9tait retrouv\u00e9 r\u00e9trograd\u00e9 chez Toro Rosso apr\u00e8s seulement une demi-saison ; un processus de mont\u00e9e-descente que bien des pilotes de la fili\u00e8re connaissent bien, d\u00e9sormais.<\/p>\n<p>Mais le Fran\u00e7ais n\u2019avait aucune rancune \u00e0 l\u2019\u00e9gard du pilote dont il \u00e9voquait alors la vitesse spectaculaire.<\/p>\n<p>\u00ab\u00a0C\u2019est l\u2019un des pilotes les plus talentueux, sinon le meilleur, du plateau\u00a0\u00bb, avait-t-il d\u00e9clar\u00e9 \u00e0 Auto Bild. \u00ab\u00a0Il a d\u00e9montr\u00e9 \u00e0 plusieurs reprises qu\u2019il \u00e9tait capable de faire des choses que beaucoup d\u2019autres ne peuvent pas faire. Je suis certain qu\u2019il deviendra un jour champion du monde\u00a0\u00bb, avait ajout\u00e9 Gasly.<\/p>\n<p>\u00ab\u00a0Je n\u2019ai que deux ans d\u2019exp\u00e9rience en Formule 1, mais je l\u2019ai affront\u00e9 plus d\u2019une fois en karting. C\u2019est maintenant \u00e0 moi de prouver que je peux continuer \u00e0 me battre contre lui \u00e0 l\u2019avenir, y compris pour le titre.\u00a0\u00bb<\/p>\n<p>La suite de l\u2019Histoire, chacun la connait : Verstappen s\u2019est empar\u00e9 des titres 2021, 2022, 2023 et 2024 de Formule 1. La saison 2020 a marqu\u00e9 le dernier titre en Formule 1 de Lewis Hamilton. Pierre Gasly a de son c\u00f4t\u00e9 pris la direction d\u2019Alpine apr\u00e8s ses ann\u00e9es dans le giron du junior team Red Bull, et est devenu vainqueur de Grand Prix \u00e0 Monza.\u00a0<\/p>\n","protected":false},"excerpt":{"rendered":"Nous sommes en f\u00e9vrier 2020, la nouvelle saison n\u2019a m\u00eame pas encore d\u00e9but\u00e9, et Max Verstappen est peut-\u00eatre&hellip;\n","protected":false},"author":2,"featured_media":116846,"comment_status":"","ping_status":"","sticky":false,"template":"","format":"standard","meta":{"footnotes":""},"categories":[1412],"tags":[5080,5081,23726,5082,1451,5083,5084,5086,5087,1452,1453,1454,1455,1011,27,2236,5089,5090,2248,2255,60,5091,3030,23727],"class_list":{"0":"post-116845","1":"post","2":"type-post","3":"status-publish","4":"format-standard","5":"has-post-thumbnail","7":"category-f1","8":"tag-actualites-f1","9":"tag-actuf1","10":"tag-alpha-tauri","11":"tag-alpine-f1","12":"tag-f1","13":"tag-f1-actu","14":"tag-f1-direct","15":"tag-f1-news","16":"tag-f1news","17":"tag-formula-1","18":"tag-formula1","19":"tag-formule-1","20":"tag-formule1","21":"tag-fr","22":"tag-france","23":"tag-max-verstappen","24":"tag-news-f1","25":"tag-newsf1","26":"tag-pierre-gasly","27":"tag-red-bull","28":"tag-sports","29":"tag-tip","30":"tag-top","31":"tag-toro-rosso"},"share_on_mastodon":{"url":"https:\/\/pubeurope.com\/@fr\/114545826602946676","error":""},"_links":{"self":[{"href":"https:\/\/www.europesays.com\/fr\/wp-json\/wp\/v2\/posts\/116845","targetHints":{"allow":["GET"]}}],"collection":[{"href":"https:\/\/www.europesays.com\/fr\/wp-json\/wp\/v2\/posts"}],"about":[{"href":"https:\/\/www.europesays.com\/fr\/wp-json\/wp\/v2\/types\/post"}],"author":[{"embeddable":true,"href":"https:\/\/www.europesays.com\/fr\/wp-json\/wp\/v2\/users\/2"}],"replies":[{"embeddable":true,"href":"https:\/\/www.europesays.com\/fr\/wp-json\/wp\/v2\/comments?post=116845"}],"version-history":[{"count":0,"href":"https:\/\/www.europesays.com\/fr\/wp-json\/wp\/v2\/posts\/116845\/revisions"}],"wp:featuredmedia":[{"embeddable":true,"href":"https:\/\/www.europesays.com\/fr\/wp-json\/wp\/v2\/media\/116846"}],"wp:attachment":[{"href":"https:\/\/www.europesays.com\/fr\/wp-json\/wp\/v2\/media?parent=116845"}],"wp:term":[{"taxonomy":"category","embeddable":true,"href":"https:\/\/www.europesays.com\/fr\/wp-json\/wp\/v2\/categories?post=116845"},{"taxonomy":"post_tag","embeddable":true,"href":"https:\/\/www.europesays.com\/fr\/wp-json\/wp\/v2\/tags?post=116845"}],"curies":[{"name":"wp","href":"https:\/\/api.w.org\/{rel}","templated":true}]}}