{"id":1168457,"date":"2026-09-05T07:17:12","date_gmt":"2026-09-05T07:17:12","guid":{"rendered":"https:\/\/www.europesays.com\/fr\/1168457\/"},"modified":"2026-09-05T07:17:12","modified_gmt":"2026-09-05T07:17:12","slug":"pro-d2-grenoble-sincline-a-montauban-mais-arrache-le-bonus-defensif","status":"publish","type":"post","link":"https:\/\/www.europesays.com\/fr\/1168457\/","title":{"rendered":"Pro D2 : Grenoble s\u2019incline \u00e0 Montauban mais arrache le bonus d\u00e9fensif"},"content":{"rendered":"<p itemprop=\"description\"><strong>Le FC Grenoble a conc\u00e9d\u00e9 sa premi\u00e8re d\u00e9faite de la saison ce vendredi \u00e0 Montauban (20-17), lors de la 2e journ\u00e9e de Pro D2. Apr\u00e8s une entame parfaite et 14 points d\u2019avance, les Is\u00e9rois ont \u00e9t\u00e9 renvers\u00e9s mais repartent avec le bonus d\u00e9fensif.<\/strong><\/p>\n<p>Grenoble avait id\u00e9alement lanc\u00e9 son match. Une semaine apr\u00e8s son large succ\u00e8s contre Aurillac, le FCG a rapidement pris les commandes \u00e0 Montauban en profitant de l\u2019indiscipline adverse.<\/p>\n<p>Les Is\u00e9rois menaient 14-0 apr\u00e8s seulement un quart d\u2019heure, notamment gr\u00e2ce \u00e0 un essai de 80 m\u00e8tres conclu par Otunuku Pauta d\u00e8s la 4e minute.<\/p>\n<p>Montauban est toutefois progressivement revenu dans la rencontre. Josua Vici a trouv\u00e9 l\u2019en-but \u00e0 la 19e minute, tandis qu\u2019Enzo Herv\u00e9 a permis \u00e0 l\u2019USM de r\u00e9duire encore l\u2019\u00e9cart. Grenoble conservait n\u00e9anmoins quatre points d\u2019avance \u00e0 la pause (14-10).<\/p>\n<p>Grenoble termine \u00e0 13<\/p>\n<p>La dynamique s\u2019est compl\u00e8tement invers\u00e9e au retour des vestiaires. St\u00e9phane Ahmed a donn\u00e9 l\u2019avantage \u00e0 Montauban \u00e0 la 50e minute, avant que l\u2019indiscipline grenobloise ne complique encore davantage la t\u00e2che du FCG.<\/p>\n<p>Cameron Holt a \u00e9t\u00e9 sanctionn\u00e9 pour un plaquage haut \u00e0 la 55e minute, puis Costa Storti a \u00e9t\u00e9 exclu quatre minutes plus tard, laissant Grenoble \u00e0 13.<\/p>\n<p>Malgr\u00e9 cette inf\u00e9riorit\u00e9 num\u00e9rique, les Is\u00e9rois sont rest\u00e9s dans le match jusqu\u2019au bout. Une p\u00e9nalit\u00e9 de Thomas Alary \u00e0 la 80e minute leur a permis de r\u00e9duire l\u2019\u00e9cart et de d\u00e9crocher le bonus d\u00e9fensif.<\/p>\n<p>Le FCG s\u2019incline finalement 20-17 et repart de Montauban avec un point.<\/p>\n","protected":false},"excerpt":{"rendered":"Le FC Grenoble a conc\u00e9d\u00e9 sa premi\u00e8re d\u00e9faite de la saison ce vendredi \u00e0 Montauban (20-17), lors de&hellip;\n","protected":false},"author":2,"featured_media":1168458,"comment_status":"","ping_status":"","sticky":false,"template":"","format":"standard","meta":{"footnotes":"","_share_on_mastodon":"0"},"categories":[9566],"tags":[1111,11,2813,2430,1109,251,1112,2811,1777,674,118,1011,27,21780,2731,14004,1922,1110,1114,108,12,316,25,2812,517,800],"class_list":["post-1168457","post","type-post","status-publish","format-standard","has-post-thumbnail","category-grenoble","tag-actu","tag-actualites","tag-article","tag-auvergne-rhone-alpes","tag-breves","tag-culture","tag-depeches","tag-economique","tag-eu","tag-europe","tag-faits-divers","tag-fr","tag-france","tag-gf38","tag-grenoble","tag-grenoblemag","tag-info","tag-informations","tag-infos","tag-isere","tag-news","tag-politique","tag-republique-francaise","tag-sociale","tag-sport","tag-transports"],"share_on_mastodon":{"url":"https:\/\/pubeurope.com\/@fr\/117217214382412534","error":""},"_links":{"self":[{"href":"https:\/\/www.europesays.com\/fr\/wp-json\/wp\/v2\/posts\/1168457","targetHints":{"allow":["GET"]}}],"collection":[{"href":"https:\/\/www.europesays.com\/fr\/wp-json\/wp\/v2\/posts"}],"about":[{"href":"https:\/\/www.europesays.com\/fr\/wp-json\/wp\/v2\/types\/post"}],"author":[{"embeddable":true,"href":"https:\/\/www.europesays.com\/fr\/wp-json\/wp\/v2\/users\/2"}],"replies":[{"embeddable":true,"href":"https:\/\/www.europesays.com\/fr\/wp-json\/wp\/v2\/comments?post=1168457"}],"version-history":[{"count":0,"href":"https:\/\/www.europesays.com\/fr\/wp-json\/wp\/v2\/posts\/1168457\/revisions"}],"wp:featuredmedia":[{"embeddable":true,"href":"https:\/\/www.europesays.com\/fr\/wp-json\/wp\/v2\/media\/1168458"}],"wp:attachment":[{"href":"https:\/\/www.europesays.com\/fr\/wp-json\/wp\/v2\/media?parent=1168457"}],"wp:term":[{"taxonomy":"category","embeddable":true,"href":"https:\/\/www.europesays.com\/fr\/wp-json\/wp\/v2\/categories?post=1168457"},{"taxonomy":"post_tag","embeddable":true,"href":"https:\/\/www.europesays.com\/fr\/wp-json\/wp\/v2\/tags?post=1168457"}],"curies":[{"name":"wp","href":"https:\/\/api.w.org\/{rel}","templated":true}]}}