{"id":1168459,"date":"2026-09-05T07:18:13","date_gmt":"2026-09-05T07:18:13","guid":{"rendered":"https:\/\/www.europesays.com\/fr\/1168459\/"},"modified":"2026-09-05T07:18:13","modified_gmt":"2026-09-05T07:18:13","slug":"le-lycee-pierre-mendes-france-a-rennes-participe-au-goncourt-des-lyceens-voici-les-16-livres","status":"publish","type":"post","link":"https:\/\/www.europesays.com\/fr\/1168459\/","title":{"rendered":"Le lyc\u00e9e Pierre Mend\u00e8s-France \u00e0 Rennes participe au Goncourt des lyc\u00e9ens : voici les 16 livres"},"content":{"rendered":"<p>C\u2019est parti, pour <a href=\"https:\/\/rennes.maville.com\/actu\/actudet_-le-goncourt-des-lyceens-ce-prix-litteraire-qui-fait-lire-les-jeunes-_52674-7082596_actu.Htm\" target=\"_self\" rel=\"nofollow noopener\">la 39e \u00e9dition du Goncourt des lyc\u00e9ens<\/a>. Pr\u00e8s de 56\u00a0\u00e9tablissements scolaires sont engag\u00e9s cette ann\u00e9e soit pr\u00e8s de 2 000 \u00e9l\u00e8ves. Les \u00e9l\u00e8ves ont un peu plus de deux mois pour lire les seize romans de la s\u00e9lection Goncourt. \u00c0 Rennes, ce sont les \u00e9l\u00e8ves du lyc\u00e9e Pierre-Mend\u00e8s-France qui participent.<\/p>\n<p>Les d\u00e9lib\u00e9rations nationales auront lieu \u00e0 Rennes, le 26\u00a0novembre 2026, d\u2019o\u00f9 sera proclam\u00e9 le Prix.<\/p>\n<p>L\u2019an pass\u00e9 c\u2019est <a href=\"https:\/\/rennes.maville.com\/actu\/actudet_-goncourt-des-lyceens.-la-38e-edition-couronne-la-nuit-au-coeur-de-nathacha-appanah-un-livre-necessaire-_52674-7083226_actu.Htm\" target=\"_self\" rel=\"nofollow noopener\">Natacha Appanah qui l\u2019a remport\u00e9 avec son roman \u00ab\u00a0La nuit au c\u0153ur.\u00a0\u00bb<\/a><\/p>\n<p>Seize livres en lice<\/p>\n<p>Cette ann\u00e9e <a href=\"https:\/\/armentieres.maville.com\/actu\/actudet_-prix-goncourt-2026-philippe-jaenada-anne-godard-lilia-hassaine-la-premiere-selection-des-auteurs-en-lice_54135-7460834_actu.Htm\" target=\"_self\" rel=\"nofollow noopener\">les seize livres en lice<\/a> sont\u00a0: \u00ab\u00a0Minotaure\u00a0\u00bb de Boris Bergmann\u00a0(Albin Michel), \u00ab\u00a0Faire la peau\u00a0\u00bb de Louise Chennevi\u00e8re\u00a0(P.O.L), \u00ab\u00a0Chronique d\u2019un royaume perdu\u00a0\u00bb d\u2019Ananda Devi\u00a0(Grasset), \u00ab\u00a0Le fabuleux piano\u00a0\u00bb de Sonia Devillers\u00a0(Robert Laffont), \u00ab\u00a0Nous aussi\u00a0\u00bb d\u2019Anne Godard\u00a0(Actes Sud), \u00ab\u00a0Joseph dans la nuit\u00a0\u00bb d\u2019Olivier Grondeau\u00a0(L\u2019Iconoclaste), \u00ab\u00a0La solitude des professeurs est infinie\u00a0\u00bb de Yannick Haenel\u00a0(Gallimard), \u00ab\u00a0Je\u00a0\u00bb de Lilia Hassaine\u00a0(Gallimard), \u00ab\u00a0L\u2019inconnue du Quai de Javel\u00a0\u00bb de Philippe Jaenada\u00a0(Flammarion), \u00ab\u00a0Une for\u00eat\u00a0\u00bb de Jean-Yves Jouannais\u00a0(Albin Michel), \u00ab\u00a0N\u2019efface pas mes cercles\u00a0\u00bb d\u2019Emma Marsantes\u00a0(Verdier), \u00ab\u00a0Choses que je croyais perdues\u00a0\u00bb de Cl\u00e9mentine M\u00e9lois\u00a0(L\u2019Arbal\u00e8te\/Gallimard), \u00ab\u00a0C\u2019\u00e9tait \u00e7a ou mourir\u00a0\u00bb de Th\u00e9lyson Or\u00e9lien\u00a0(Grasset), \u00ab\u00a0De l\u2019autre c\u00f4t\u00e9 du lac\u00a0\u00bb de Sylvain Prudhomme\u00a0(Minuit), \u00ab\u00a0La Guerre \u00e9ternelle\u00a0\u00bb d\u2019Olivier Rolin\u00a0(Gallimard), \u00ab\u00a0Bataille au proc\u00e8s\u00a0\u00bb de Patrice Trigano\u00a0(Maurice Nadeau).<\/p>\n<p>\u00a0<\/p>\n","protected":false},"excerpt":{"rendered":"C\u2019est parti, pour la 39e \u00e9dition du Goncourt des lyc\u00e9ens. Pr\u00e8s de 56\u00a0\u00e9tablissements scolaires sont engag\u00e9s cette ann\u00e9e&hellip;\n","protected":false},"author":2,"featured_media":1168460,"comment_status":"","ping_status":"","sticky":false,"template":"","format":"standard","meta":{"footnotes":"","_share_on_mastodon":"0"},"categories":[2821],"tags":[11707,1111,11,829,1777,674,1011,27,51438,48298,1380,2633,15387,120813,12,3745,11850,584,25],"class_list":["post-1168459","post","type-post","status-publish","format-standard","has-post-thumbnail","category-rennes","tag-11707","tag-actu","tag-actualites","tag-bretagne","tag-eu","tag-europe","tag-fr","tag-france","tag-goncourt","tag-lice","tag-livres","tag-lycee","tag-lyceens","tag-mendes-france","tag-news","tag-participe","tag-pierre","tag-rennes","tag-republique-francaise"],"share_on_mastodon":{"url":"https:\/\/pubeurope.com\/@fr\/117217218207772315","error":""},"_links":{"self":[{"href":"https:\/\/www.europesays.com\/fr\/wp-json\/wp\/v2\/posts\/1168459","targetHints":{"allow":["GET"]}}],"collection":[{"href":"https:\/\/www.europesays.com\/fr\/wp-json\/wp\/v2\/posts"}],"about":[{"href":"https:\/\/www.europesays.com\/fr\/wp-json\/wp\/v2\/types\/post"}],"author":[{"embeddable":true,"href":"https:\/\/www.europesays.com\/fr\/wp-json\/wp\/v2\/users\/2"}],"replies":[{"embeddable":true,"href":"https:\/\/www.europesays.com\/fr\/wp-json\/wp\/v2\/comments?post=1168459"}],"version-history":[{"count":0,"href":"https:\/\/www.europesays.com\/fr\/wp-json\/wp\/v2\/posts\/1168459\/revisions"}],"wp:featuredmedia":[{"embeddable":true,"href":"https:\/\/www.europesays.com\/fr\/wp-json\/wp\/v2\/media\/1168460"}],"wp:attachment":[{"href":"https:\/\/www.europesays.com\/fr\/wp-json\/wp\/v2\/media?parent=1168459"}],"wp:term":[{"taxonomy":"category","embeddable":true,"href":"https:\/\/www.europesays.com\/fr\/wp-json\/wp\/v2\/categories?post=1168459"},{"taxonomy":"post_tag","embeddable":true,"href":"https:\/\/www.europesays.com\/fr\/wp-json\/wp\/v2\/tags?post=1168459"}],"curies":[{"name":"wp","href":"https:\/\/api.w.org\/{rel}","templated":true}]}}