{"id":1168461,"date":"2026-09-05T07:19:25","date_gmt":"2026-09-05T07:19:25","guid":{"rendered":"https:\/\/www.europesays.com\/fr\/1168461\/"},"modified":"2026-09-05T07:19:25","modified_gmt":"2026-09-05T07:19:25","slug":"football-lamballe-apres-fougeres-les-regards-se-tournent-vers-la-ta-rennes","status":"publish","type":"post","link":"https:\/\/www.europesays.com\/fr\/1168461\/","title":{"rendered":"Football. Lamballe : apr\u00e8s Foug\u00e8res, les regards se tournent vers la TA Rennes"},"content":{"rendered":"<p>                    Par<br \/>\n        <strong><br \/>\n            <a href=\"https:\/\/actu.fr\/auteur\/steven-couzigou\" title=\"Consulter tous les articles de Steven Couzigou\" rel=\"nofollow noopener\" target=\"_blank\">Steven Couzigou<\/a><br \/>\n                    <\/strong><\/p>\n<p>        Publi\u00e9 le<\/p>\n<p>            5 sept. 2026 \u00e0 8h06        <\/p>\n<p>Le match entre <a href=\"https:\/\/actu.fr\/tag\/lamballe-football-club\" rel=\"nofollow noopener\" target=\"_blank\">Lamballe<\/a> <b>(C\u00f4tes-d\u2019Armor)<\/b> et Foug\u00e8res n\u2019a pas tard\u00e9 \u00e0 d\u00e9marrer. \u00c0 la 11e minute, Foug\u00e8res s\u2019est procur\u00e9 une grosse double occasion.<\/p>\n<p class=\" wall-content\"><b>Paul Jouan<\/b> a d\u2019abord repouss\u00e9 une tentative \u00e0 bout portant, avant que le poteau ne vienne \u00e0 son secours sur la seconde frappe.<\/p>\n<p class=\" wall-content\">Les visiteurs ont finalement trouv\u00e9<b> l\u2019ouverture \u00e0 la 23e minute<\/b>, avant de doubler la mise quatre minutes plus tard.<\/p>\n<p class=\" wall-content\">Juste avant la pause, <b>un troisi\u00e8me but<\/b> est venu alourdir l\u2019addition. \u00ab\u00a0On doit apprendre vite de nos erreurs. Le troisi\u00e8me but est donn\u00e9 juste avant la pause. Il faut savoir g\u00e9rer le timing du match\u00a0\u00bb, analyse <b>Gwenn Toanen.<\/b><\/p>\n<p>Des progr\u00e8s malgr\u00e9 le score<\/p>\n<p class=\" wall-content\">Pour le coach lamballais, tout n\u2019est cependant pas \u00e0 jeter. \u00ab\u00a0On a fait avancer les choses. \u00c0 Dinard, c\u2019\u00e9tait st\u00e9rile. L\u00e0, on a eu <b>un certain nombre de situations offensives<\/b>.\u00a0\u00bb\u00a0Une \u00e9volution qu\u2019il attribue notamment \u00e0 <b>une meilleure relation<\/b> entre les joueurs.<\/p>\n<p class=\" wall-content\">Face \u00e0 une \u00e9quipe de Foug\u00e8res particuli\u00e8rement bien arm\u00e9e offensivement, les Lamballais ont toutefois <b>manqu\u00e9 d\u2019efficacit\u00e9<\/b> dans les deux zones de v\u00e9rit\u00e9.<\/p>\n<blockquote class=\"ac-article-quote wall-content\">\n<p>Le score est s\u00e9v\u00e8re compte tenu de la physionomie du match. Foug\u00e8res est une \u00e9quipe bien arm\u00e9e, qui sera dans le haut du tableau.\u00a0<\/p>\n<p>Gwenn Toanen, entra\u00eeneur de Lamballe<\/p><\/blockquote>\n<p>Apprendre rapidement de ses erreurs<\/p>\n<p class=\" wall-content\">Pour autant, le LFC n\u2019a pas subi pendant 90 minutes. \u00ab\u00a0On n\u2019a pas \u00e9t\u00e9 accul\u00e9s tout le match. On a rendu des coups, on leur a pris le ballon.\u00a0\u00bb<\/p>\n<p class=\" wall-content\">Le technicien pr\u00e9f\u00e8re donc retenir <b>les progr\u00e8s aper\u00e7us dans le jeu,<\/b> tout en insistant sur le travail \u00e0 accomplir dans les derniers m\u00e8tres. \u00ab\u00a0On doit \u00eatre justes et tueurs dans la zone de v\u00e9rit\u00e9, devant.\u00a0\u00bb\u00a0<\/p>\n<p>Un nouveau contexte face \u00e0 TA Rennes B<\/p>\n<p class=\" wall-content\">Lamballe va d\u00e9sormais tenter d\u2019<b>ouvrir son compteur de points<\/b> face \u00e0 la r\u00e9serve du TA Rennes. Un promu qui \u00e9voluera dans un registre diff\u00e9rent.<\/p>\n<p class=\" wall-content\">\u00ab\u00a0C\u2019est une \u00e9quipe assez jeune. Ils ont recrut\u00e9 pas mal de joueurs. Sur synth\u00e9tique, ils ma\u00eetrisent bien leur sujet.\u00a0\u00bb<\/p>\n<p class=\" wall-content\">Apr\u00e8s Dinard et son exp\u00e9rience, puis Foug\u00e8res, formation particuli\u00e8rement arm\u00e9e, les Lamballais vont donc d\u00e9couvrir un nouveau contexte. \u00ab\u00a0Ce sera un match plus ouvert, avec une \u00e9quipe joueuse.\u00a0\u00bb\u00a0<\/p>\n<p class=\" wall-content\">Personnalisez votre actualit\u00e9 en ajoutant vos villes et m\u00e9dias en favori avec <a href=\"https:\/\/moncompte.actu.fr\" title=\"D\u00e9couvez Mon Actu\" rel=\"nofollow noopener\" data-trk=\"{&quot;cta&quot;:{&quot;action&quot;:&quot;https:\\\/\\\/moncompte.actu.fr&quot;,&quot;category&quot;:&quot;mon compte&quot;,&quot;from&quot;:&quot;article footer&quot;,&quot;name&quot;:&quot;Mon actu&quot;,&quot;type&quot;:&quot;cta&quot;}}\" target=\"_blank\">Mon Actu<\/a>.<\/p>\n","protected":false},"excerpt":{"rendered":"Par Steven Couzigou Publi\u00e9 le 5 sept. 2026 \u00e0 8h06 Le match entre Lamballe (C\u00f4tes-d\u2019Armor) et Foug\u00e8res n\u2019a&hellip;\n","protected":false},"author":2,"featured_media":1168462,"comment_status":"","ping_status":"","sticky":false,"template":"","format":"standard","meta":{"footnotes":"","_share_on_mastodon":"0"},"categories":[2821],"tags":[1111,11,829,1777,674,1011,27,120814,12,584,25,60],"class_list":["post-1168461","post","type-post","status-publish","format-standard","has-post-thumbnail","category-rennes","tag-actu","tag-actualites","tag-bretagne","tag-eu","tag-europe","tag-fr","tag-france","tag-lamballe-football-club","tag-news","tag-rennes","tag-republique-francaise","tag-sports"],"share_on_mastodon":{"url":"https:\/\/pubeurope.com\/@fr\/117217222200808859","error":""},"_links":{"self":[{"href":"https:\/\/www.europesays.com\/fr\/wp-json\/wp\/v2\/posts\/1168461","targetHints":{"allow":["GET"]}}],"collection":[{"href":"https:\/\/www.europesays.com\/fr\/wp-json\/wp\/v2\/posts"}],"about":[{"href":"https:\/\/www.europesays.com\/fr\/wp-json\/wp\/v2\/types\/post"}],"author":[{"embeddable":true,"href":"https:\/\/www.europesays.com\/fr\/wp-json\/wp\/v2\/users\/2"}],"replies":[{"embeddable":true,"href":"https:\/\/www.europesays.com\/fr\/wp-json\/wp\/v2\/comments?post=1168461"}],"version-history":[{"count":0,"href":"https:\/\/www.europesays.com\/fr\/wp-json\/wp\/v2\/posts\/1168461\/revisions"}],"wp:featuredmedia":[{"embeddable":true,"href":"https:\/\/www.europesays.com\/fr\/wp-json\/wp\/v2\/media\/1168462"}],"wp:attachment":[{"href":"https:\/\/www.europesays.com\/fr\/wp-json\/wp\/v2\/media?parent=1168461"}],"wp:term":[{"taxonomy":"category","embeddable":true,"href":"https:\/\/www.europesays.com\/fr\/wp-json\/wp\/v2\/categories?post=1168461"},{"taxonomy":"post_tag","embeddable":true,"href":"https:\/\/www.europesays.com\/fr\/wp-json\/wp\/v2\/tags?post=1168461"}],"curies":[{"name":"wp","href":"https:\/\/api.w.org\/{rel}","templated":true}]}}