{"id":1168488,"date":"2026-09-05T07:42:13","date_gmt":"2026-09-05T07:42:13","guid":{"rendered":"https:\/\/www.europesays.com\/fr\/1168488\/"},"modified":"2026-09-05T07:42:13","modified_gmt":"2026-09-05T07:42:13","slug":"bron-un-incendie-ravage-le-toit-du-crematorium-lactivite-suspendue","status":"publish","type":"post","link":"https:\/\/www.europesays.com\/fr\/1168488\/","title":{"rendered":"Bron : un incendie ravage le toit du cr\u00e9matorium, l\u2019activit\u00e9 suspendue"},"content":{"rendered":"<p itemprop=\"description\"><strong>Un incendie s\u2019est d\u00e9clar\u00e9 ce vendredi en fin d\u2019apr\u00e8s-midi sur la toiture du cr\u00e9matorium de Bron. Le feu, qui a g\u00e9n\u00e9r\u00e9 un important panache de fum\u00e9e noire visible depuis Lyon, a \u00e9t\u00e9 ma\u00eetris\u00e9 sans faire de victime.<\/strong><\/p>\n<p>Le cr\u00e9matorium de la M\u00e9tropole de Lyon, situ\u00e9 dans le cimeti\u00e8re communautaire de Bron, a \u00e9t\u00e9 touch\u00e9 par un important incendie ce vendredi 4 septembre.<\/p>\n<p>Vers 18h30, environ 300 m\u00b2 de toiture avaient d\u00e9j\u00e0 \u00e9t\u00e9 d\u00e9truits par les flammes. Une vingtaine de sapeurs-pompiers et quatre v\u00e9hicules ont \u00e9t\u00e9 mobilis\u00e9s pour combattre le sinistre, finalement circonscrit environ une heure plus tard.<\/p>\n<p>Aucune victime n\u2019est \u00e0 d\u00e9plorer, mais les d\u00e9g\u00e2ts mat\u00e9riels sont importants. Les fours du cr\u00e9matorium ont notamment \u00e9t\u00e9 endommag\u00e9s et l\u2019activit\u00e9 du site est suspendue jusqu\u2019\u00e0 nouvel ordre.<\/p>\n<p>Des travaux en cours sur la toiture<\/p>\n<p>L\u2019incendie a provoqu\u00e9 un \u00e9pais panache de fum\u00e9e noire, visible \u00e0 plusieurs kilom\u00e8tres.<\/p>\n<p>Selon les premi\u00e8res informations, des travaux \u00e9taient en cours sur la toiture du b\u00e2timent et pourraient \u00eatre li\u00e9s au d\u00e9part de feu. L\u2019origine exacte du sinistre reste toutefois \u00e0 d\u00e9terminer.<\/p>\n<p>Pr\u00e9sent sur place, le maire de Bron J\u00e9r\u00e9mie Br\u00e9aud a confirm\u00e9 que le feu \u00e9tait ma\u00eetris\u00e9 vendredi soir et salu\u00e9 l\u2019intervention des sapeurs-pompiers.<\/p><\/p>\n","protected":false},"excerpt":{"rendered":"Un incendie s\u2019est d\u00e9clar\u00e9 ce vendredi en fin d\u2019apr\u00e8s-midi sur la toiture du cr\u00e9matorium de Bron. Le feu,&hellip;\n","protected":false},"author":2,"featured_media":1168489,"comment_status":"","ping_status":"","sticky":false,"template":"","format":"standard","meta":{"footnotes":"","_share_on_mastodon":"0"},"categories":[1889],"tags":[1111,11,2813,2190,2430,1109,251,1112,2811,1777,674,118,1011,27,1922,1110,1114,2428,2810,12,241,316,25,2812,517,800],"class_list":["post-1168488","post","type-post","status-publish","format-standard","has-post-thumbnail","category-lyon","tag-actu","tag-actualites","tag-article","tag-asvel","tag-auvergne-rhone-alpes","tag-breves","tag-culture","tag-depeches","tag-economique","tag-eu","tag-europe","tag-faits-divers","tag-fr","tag-france","tag-info","tag-informations","tag-infos","tag-lyon","tag-lyonmag","tag-news","tag-ol","tag-politique","tag-republique-francaise","tag-sociale","tag-sport","tag-transports"],"share_on_mastodon":{"url":"https:\/\/pubeurope.com\/@fr\/117217312583591754","error":""},"_links":{"self":[{"href":"https:\/\/www.europesays.com\/fr\/wp-json\/wp\/v2\/posts\/1168488","targetHints":{"allow":["GET"]}}],"collection":[{"href":"https:\/\/www.europesays.com\/fr\/wp-json\/wp\/v2\/posts"}],"about":[{"href":"https:\/\/www.europesays.com\/fr\/wp-json\/wp\/v2\/types\/post"}],"author":[{"embeddable":true,"href":"https:\/\/www.europesays.com\/fr\/wp-json\/wp\/v2\/users\/2"}],"replies":[{"embeddable":true,"href":"https:\/\/www.europesays.com\/fr\/wp-json\/wp\/v2\/comments?post=1168488"}],"version-history":[{"count":0,"href":"https:\/\/www.europesays.com\/fr\/wp-json\/wp\/v2\/posts\/1168488\/revisions"}],"wp:featuredmedia":[{"embeddable":true,"href":"https:\/\/www.europesays.com\/fr\/wp-json\/wp\/v2\/media\/1168489"}],"wp:attachment":[{"href":"https:\/\/www.europesays.com\/fr\/wp-json\/wp\/v2\/media?parent=1168488"}],"wp:term":[{"taxonomy":"category","embeddable":true,"href":"https:\/\/www.europesays.com\/fr\/wp-json\/wp\/v2\/categories?post=1168488"},{"taxonomy":"post_tag","embeddable":true,"href":"https:\/\/www.europesays.com\/fr\/wp-json\/wp\/v2\/tags?post=1168488"}],"curies":[{"name":"wp","href":"https:\/\/api.w.org\/{rel}","templated":true}]}}