{"id":1168490,"date":"2026-09-05T07:43:17","date_gmt":"2026-09-05T07:43:17","guid":{"rendered":"https:\/\/www.europesays.com\/fr\/1168490\/"},"modified":"2026-09-05T07:43:17","modified_gmt":"2026-09-05T07:43:17","slug":"lyon-une-personne-decedee-apres-une-chute-sur-les-voies-du-metro","status":"publish","type":"post","link":"https:\/\/www.europesays.com\/fr\/1168490\/","title":{"rendered":"Lyon\u00a0: Une personne d\u00e9c\u00e9d\u00e9e apr\u00e8s une chute sur les voies du m\u00e9tro"},"content":{"rendered":"<p>Vendredi, vers 17 heures, une personne est morte \u00e0 la station La\u00ebnnec, dans le 8e\u00a0arrondissement de <a href=\"https:\/\/www.20minutes.fr\/lyon\/\" class=\"c-link c-link--is-underlined\" rel=\"nofollow noopener\" target=\"_blank\">Lyon<\/a>. D\u2019apr\u00e8s les informations du <a href=\"https:\/\/c.leprogres.fr\/faits-divers-justice\/2026\/09\/04\/une-personne-coincee-sous-une-rame-de-metro-la-ligne-d-interrompue\" target=\"_blank\" class=\"c-link c-link--is-underlined\" rel=\"nofollow noopener\">Progr\u00e8s<\/a>, la victime est tomb\u00e9e sur les voies du <a href=\"https:\/\/www.20minutes.fr\/dossier\/metro\" class=\"c-link c-link--is-underlined\" rel=\"nofollow noopener\" target=\"_blank\">m\u00e9tro<\/a> D et s\u2019est retrouv\u00e9e <a href=\"https:\/\/www.20minutes.fr\/faits_divers\/faits-divers-lyon\/4190378-20251208-lyon-cycliste-coincee-sous-tramway-apres-avoir-percutee\" class=\"c-link c-link--is-underlined\" rel=\"nofollow noopener\" target=\"_blank\">coinc\u00e9e sous une rame<\/a>. Malgr\u00e9 l\u2019intervention des secours, elle est d\u00e9c\u00e9d\u00e9e.<\/p>\n<blockquote class=\"twitter-tweet\" align=\"center\" data-lang=\"fr_FR\">\n<p lang=\"fr\" dir=\"ltr\">Ligne D &#8211; 20h22 &#8211; Circule de Saxe &#8211; Gambetta \u00e0 Gare de Vaise-G.Collomb &#8211;  Reprise estim\u00e9e \u00e0 00h- Accident voyageur<\/p>\n<p>\u2014 TCL Lyon InfoTrafic (@LyonTcl) <a href=\"https:\/\/x.com\/LyonTcl\/status\/2095941018214425004?ref_src=twsrc%5Etfw\" rel=\"nofollow\">September 4, 2026<\/a><\/p><\/blockquote>\n<p class=\"mb-xxl@xs color-ultramarine font-weight-semi-bold@xs font-source-serif-pro text-xxl@xs\">L\u2019acc\u00e8s \u00e0 ce contenu X (Twitter) a \u00e9t\u00e9 bloqu\u00e9 afin de respecter vos choix de consentement<\/p>\n<p class=\"mb-m@xs text-l@xs\">En cliquant sur \u00ab\u00a0Accepter les cookies\u00a0\u00bb, vous consentez au d\u00e9p\u00f4t de cookies par X (Twitter) et pourrez ainsi acc\u00e9der \u00e0 ce contenu interactif.<\/p>\n<p class=\"mb-m@xs text-l@xs\">Vous pouvez, \u00e0 tout moment, modifier vos choix cookies ou retirer votre consentement en bas de nos pages.<\/p>\n<p class=\"mb-xl@xs text-s@xs\">En savoir plus sur notre <a href=\"https:\/\/www.20minutes.fr\/gestion-cookies\" class=\"color-ultramarine\" rel=\"nofollow noopener\" target=\"_blank\">politique de cookies<\/a> et sur la <a href=\"https:\/\/privacy.x.com\/en\" class=\"color-ultramarine\" rel=\"nofollow noopener\" target=\"_blank\">politique de confidentialit\u00e9 de ce partenaire<\/a>.<\/p>\n<p>G\u00e9rer mes pr\u00e9f\u00e9rencesJ\u2019accepte les cookies<\/p>\n<p>Toujours selon les informations du journal local, la station a \u00e9t\u00e9 \u00e9vacu\u00e9e et la circulation interrompue sur la ligne, entre Garibaldi et Gare de V\u00e9nissieux. Le trafic a repris vers minuit. Sur ses r\u00e9seaux, TCL avait indiqu\u00e9 un \u00ab\u00a0accident voyageur\u00a0\u00bb.<\/p>\n","protected":false},"excerpt":{"rendered":"Vendredi, vers 17 heures, une personne est morte \u00e0 la station La\u00ebnnec, dans le 8e\u00a0arrondissement de Lyon. D\u2019apr\u00e8s&hellip;\n","protected":false},"author":2,"featured_media":1168491,"comment_status":"","ping_status":"","sticky":false,"template":"","format":"standard","meta":{"footnotes":"","_share_on_mastodon":"0"},"categories":[1889],"tags":[119,1111,47,11,2430,1777,674,118,3561,1011,27,2428,4047,12,25,2429,2431],"class_list":["post-1168490","post","type-post","status-publish","format-standard","has-post-thumbnail","category-lyon","tag-accident","tag-actu","tag-actualite","tag-actualites","tag-auvergne-rhone-alpes","tag-eu","tag-europe","tag-faits-divers","tag-faits-divers-lyon","tag-fr","tag-france","tag-lyon","tag-metro","tag-news","tag-republique-francaise","tag-rhone","tag-rhone-alpes"],"share_on_mastodon":{"url":"https:\/\/pubeurope.com\/@fr\/117217316548019900","error":""},"_links":{"self":[{"href":"https:\/\/www.europesays.com\/fr\/wp-json\/wp\/v2\/posts\/1168490","targetHints":{"allow":["GET"]}}],"collection":[{"href":"https:\/\/www.europesays.com\/fr\/wp-json\/wp\/v2\/posts"}],"about":[{"href":"https:\/\/www.europesays.com\/fr\/wp-json\/wp\/v2\/types\/post"}],"author":[{"embeddable":true,"href":"https:\/\/www.europesays.com\/fr\/wp-json\/wp\/v2\/users\/2"}],"replies":[{"embeddable":true,"href":"https:\/\/www.europesays.com\/fr\/wp-json\/wp\/v2\/comments?post=1168490"}],"version-history":[{"count":0,"href":"https:\/\/www.europesays.com\/fr\/wp-json\/wp\/v2\/posts\/1168490\/revisions"}],"wp:featuredmedia":[{"embeddable":true,"href":"https:\/\/www.europesays.com\/fr\/wp-json\/wp\/v2\/media\/1168491"}],"wp:attachment":[{"href":"https:\/\/www.europesays.com\/fr\/wp-json\/wp\/v2\/media?parent=1168490"}],"wp:term":[{"taxonomy":"category","embeddable":true,"href":"https:\/\/www.europesays.com\/fr\/wp-json\/wp\/v2\/categories?post=1168490"},{"taxonomy":"post_tag","embeddable":true,"href":"https:\/\/www.europesays.com\/fr\/wp-json\/wp\/v2\/tags?post=1168490"}],"curies":[{"name":"wp","href":"https:\/\/api.w.org\/{rel}","templated":true}]}}