{"id":1168510,"date":"2026-09-05T07:56:28","date_gmt":"2026-09-05T07:56:28","guid":{"rendered":"https:\/\/www.europesays.com\/fr\/1168510\/"},"modified":"2026-09-05T07:56:28","modified_gmt":"2026-09-05T07:56:28","slug":"allemagne-chine-le-piege-des-excedents-commerciaux-par-brad-setser","status":"publish","type":"post","link":"https:\/\/www.europesays.com\/fr\/1168510\/","title":{"rendered":"Allemagne-Chine : le pi\u00e8ge des exc\u00e9dents commerciaux, par Brad Setser"},"content":{"rendered":"<p><b style=\"color: rgb(34, 34, 34); font-family: Calibri, sans-serif; font-size: 13.3333px; text-align: justify; background-color: rgb(255, 255, 255);\"><b>Chercheur principal en \u00e9conomie internationale du Council on Foreign Relations de New York. Son expertise comprend la macro\u00e9conomie, les flux de capitaux mondiaux, l&rsquo;analyse de la vuln\u00e9rabilit\u00e9 financi\u00e8re, les restructurations de la dette souveraine et la gestion des crises financi\u00e8res. Il blogue sur Follow the Money (<\/b><b><a data-saferedirecturl=\"https:\/\/www.google.com\/url?hl=fr&amp;q=https:\/\/www.cfr.org\/blog\/Setser&amp;source=gmail&amp;ust=1530703220179000&amp;usg=AFQjCNH8Mk8XjOLhtgOLJbPb8ShXYwHV5g\" href=\"https:\/\/www.cfr.org\/blog\/Setser\" style=\"color: rgb(17, 85, 204);\" target=\"_blank\" rel=\"nofollow noopener\">https:\/\/www.cfr.org\/blog\/Setser<\/a>\u00a0).<\/b><\/b><\/p>\n","protected":false},"excerpt":{"rendered":"Chercheur principal en \u00e9conomie internationale du Council on Foreign Relations de New York. Son expertise comprend la macro\u00e9conomie,&hellip;\n","protected":false},"author":2,"featured_media":1168511,"comment_status":"","ping_status":"","sticky":false,"template":"","format":"standard","meta":{"footnotes":"","_share_on_mastodon":"0"},"categories":[1587],"tags":[11,672,11126,120829,1804,309,120826,19610,1805,120825,120828,1803,1777,450,674,1801,6025,12,13931,120827,1802,62917,8408],"class_list":["post-1168510","post","type-post","status-publish","format-standard","has-post-thumbnail","category-allemagne","tag-actualites","tag-allemagne","tag-bce","tag-brad-setser","tag-bundesrepublik-deutschland","tag-chine","tag-choc-chinois","tag-competitivite","tag-de","tag-depreciation","tag-desindustrialistion","tag-deutschland","tag-eu","tag-euro","tag-europe","tag-germany","tag-industrie-automobile","tag-news","tag-politique-monetaire","tag-reformes-hartz","tag-republique-federale-dallemagne","tag-yuan","tag-zone-euro"],"share_on_mastodon":{"url":"https:\/\/pubeurope.com\/@fr\/117217367395277378","error":""},"_links":{"self":[{"href":"https:\/\/www.europesays.com\/fr\/wp-json\/wp\/v2\/posts\/1168510","targetHints":{"allow":["GET"]}}],"collection":[{"href":"https:\/\/www.europesays.com\/fr\/wp-json\/wp\/v2\/posts"}],"about":[{"href":"https:\/\/www.europesays.com\/fr\/wp-json\/wp\/v2\/types\/post"}],"author":[{"embeddable":true,"href":"https:\/\/www.europesays.com\/fr\/wp-json\/wp\/v2\/users\/2"}],"replies":[{"embeddable":true,"href":"https:\/\/www.europesays.com\/fr\/wp-json\/wp\/v2\/comments?post=1168510"}],"version-history":[{"count":0,"href":"https:\/\/www.europesays.com\/fr\/wp-json\/wp\/v2\/posts\/1168510\/revisions"}],"wp:featuredmedia":[{"embeddable":true,"href":"https:\/\/www.europesays.com\/fr\/wp-json\/wp\/v2\/media\/1168511"}],"wp:attachment":[{"href":"https:\/\/www.europesays.com\/fr\/wp-json\/wp\/v2\/media?parent=1168510"}],"wp:term":[{"taxonomy":"category","embeddable":true,"href":"https:\/\/www.europesays.com\/fr\/wp-json\/wp\/v2\/categories?post=1168510"},{"taxonomy":"post_tag","embeddable":true,"href":"https:\/\/www.europesays.com\/fr\/wp-json\/wp\/v2\/tags?post=1168510"}],"curies":[{"name":"wp","href":"https:\/\/api.w.org\/{rel}","templated":true}]}}