{"id":1168516,"date":"2026-09-05T07:59:16","date_gmt":"2026-09-05T07:59:16","guid":{"rendered":"https:\/\/www.europesays.com\/fr\/1168516\/"},"modified":"2026-09-05T07:59:16","modified_gmt":"2026-09-05T07:59:16","slug":"ce-que-lon-sait-du-hacker-mis-en-examen-pour-le-piratage-des-impots","status":"publish","type":"post","link":"https:\/\/www.europesays.com\/fr\/1168516\/","title":{"rendered":"Ce que l\u2019on sait du hacker mis en examen pour le piratage des imp\u00f4ts"},"content":{"rendered":"<p>        <img decoding=\"async\" loading=\"lazy\" src=\"https:\/\/www.europesays.com\/fr\/wp-content\/uploads\/2026\/09\/286f39a_upload-1-ixfxwffqjsyf-afp-20241119-hl-lageatperroteau-2581106-v1-highres-franceapublicfinanc.jpeg\"  width=\"728\" height=\"410\" alt=\"Devant un Centre des Finances publiques, dans le 9e arrondissement \u00e0 Paris, le 18\u00a0octobre 2024. (photo d\u2019illustration)\"\/>  <\/p>\n<p>LAGEAT PERROTEAU \/ Hans Lucas via AFP<\/p>\n<p>Devant un Centre des Finances publiques, dans le 9e arrondissement \u00e0 Paris, le 18\u00a0octobre 2024. (photo d\u2019illustration)<\/p>\n<p class=\"asset asset-text\">Le piratage du fisc, survenu fin juin et fin juillet, <a href=\"https:\/\/www.huffingtonpost.fr\/economie\/article\/ce-que-l-on-sait-de-la-double-cyberattaque-massive-visant-les-finances-publiques_304791.html\" rel=\"nofollow noopener\" target=\"_blank\">a entra\u00een\u00e9 le vol de donn\u00e9es d\u2019au moins 678\u00a0000\u00a0particuliers et professionnels<\/a>, selon la direction g\u00e9n\u00e9rale des finances publiques (DGFiP). Il n\u2019a \u00e9t\u00e9 port\u00e9 \u00e0 la connaissance du grand public que mi-ao\u00fbt, lorsqu\u2019un groupe de pirates informatiques baptis\u00e9 <a href=\"https:\/\/www.huffingtonpost.fr\/economie\/article\/zerobytes-les-hackers-qui-ont-pirate-le-fisc-assurent-avoir-vendu-les-donnees-volees_306572.html\" rel=\"nofollow noopener\" target=\"_blank\">Zerobytes<\/a>, et se pr\u00e9sentant comme un duo, l\u2019a revendiqu\u00e9.<\/p>\n<p class=\"asset asset-text\">\u00c0 18\u00a0ans, l\u2019un des membres de Zerobytes <a href=\"https:\/\/www.huffingtonpost.fr\/france\/article\/piratage-du-fisc-un-suspect-interpelle-et-mis-en-examen_318255.html\" rel=\"nofollow noopener\" target=\"_blank\">a \u00e9t\u00e9 mis en examen<\/a> et plac\u00e9 en d\u00e9tention provisoire \u00e0 Paris, a-t-on appris vendredi. Un deuxi\u00e8me suspect, \u00e2g\u00e9 de moins de 16\u00a0ans, a \u00e9galement \u00e9t\u00e9 interpell\u00e9 et plac\u00e9 en garde \u00e0 vue, mais lib\u00e9r\u00e9 ensuite, a pr\u00e9cis\u00e9 le parquet, apr\u00e8s des informations de franceinfo et du Monde. Les enqu\u00eateurs vont d\u00e9sormais exploiter son mat\u00e9riel informatique. <strong>Ci-dessous<\/strong>, point par point, Le HuffPost expose les derniers \u00e9l\u00e9ments de cette affaire.<\/p>\n<p>       \u00b7 Qui est le mis en examen\u00a0?    <\/p>\n<p class=\"asset asset-text\">Il s\u2019agit d\u2019un homme de 18\u00a0ans, r\u00e9sidant en \u00cele-de-France, qui a \u00e9t\u00e9 arr\u00eat\u00e9 d\u00e8s le 18\u00a0ao\u00fbt et mis en examen deux jours plus tard. Pirate chevronn\u00e9, il est connu de la police. Et de la justice\u00a0: il avait \u00e9t\u00e9 mis en examen d\u00e9j\u00e0 deux fois, dans deux dossiers d\u2019attaques informatiques commises en 2023 et 2024, alors qu\u2019il \u00e9tait encore mineur. Il \u00e9tait sous contr\u00f4le judiciaire depuis.<\/p>\n<p class=\"asset asset-text\">Le forum sur lequel il revendiquait ses attaques \u00e9tait fonctionnel vendredi apr\u00e8s-midi. Son compte X, sur lequel il narguait les autorit\u00e9s, \u00e9tait lui par contre ferm\u00e9.<\/p>\n<p class=\"asset asset-text\">Autour de Zerobytes, \u00ab\u00a0les investigations se poursuivent d\u00e9sormais sous la conduite d\u2019un juge d\u2019instruction pour identifier et interpeller les autres personnes mises en cause\u00a0\u00bb, a pr\u00e9cis\u00e9 le parquet.<\/p>\n<p>    \u00b7 Que risque-t-il\u00a0?    <\/p>\n<p class=\"asset asset-text\">Dans ce dossier du fisc, il encourt une peine de 10\u00a0ans d\u2019emprisonnement et de 300\u00a0000\u00a0euros d\u2019amende pour une s\u00e9rie de cyberinfractions, ainsi que pour association de malfaiteurs.<\/p>\n<p>    \u00b7 Quelles \u00e9taient ses motivations\u00a0?    <\/p>\n<p class=\"asset asset-text\">Mi-ao\u00fbt, Zerobytes avait affirm\u00e9 \u00e0 l\u2019AFP avoir vendu les donn\u00e9es vol\u00e9es au fisc, pour une somme se chiffrant \u00ab\u00a0en milliers d\u2019euros\u00a0\u00bb, une affirmation inv\u00e9rifiable. Interrog\u00e9 sur ses objectifs, le duo assurait ne pas avoir de \u00ab\u00a0motivations pr\u00e9cises\u00a0\u00bb, si ce n\u2019est \u00ab\u00a0l\u2019argent, j\u2019imagine\u00a0\u00bb.<\/p>\n<p>                     \u00b7 Quelles informations a-t-il vol\u00e9es\u00a0?    <\/p>\n<p class=\"asset asset-text\">Parmi les informations fiscales des particuliers d\u00e9rob\u00e9es figurent les noms et pr\u00e9noms, le revenu fiscal de r\u00e9f\u00e9rence, le quotient familial ou encore le taux de pr\u00e9l\u00e8vement \u00e0 la source.<\/p>\n<p class=\"asset asset-text\">Les donn\u00e9es concernant les professionnels sont \u00ab\u00a0moins sensibles\u00a0\u00bb, selon la DGFiP. Un \u00e9chantillon consult\u00e9 par l\u2019AFP contenait principalement des informations sur des petites et moyennes entreprises, dont celles d\u2019une filiale d\u2019un grand \u00e9quipementier automobile fran\u00e7ais.<\/p>\n<p class=\"asset asset-text\">La pr\u00e9cision de ces fichiers nourrit les craintes d\u2019escroqueries cibl\u00e9es. Dans l\u2019\u00e9conomie cybercriminelle, le pirate qui s\u2019introduit dans un syst\u00e8me n\u2019est g\u00e9n\u00e9ralement pas celui qui exploitera ensuite les informations\u00a0: les bases vol\u00e9es sont souvent revendues \u00e0 des sp\u00e9cialistes de la fraude.<\/p>\n<p>                     \u00b7 Quel est son passif en mati\u00e8re de piratage\u00a0?    <\/p>\n<p class=\"asset asset-text\">Parmi les victimes de Zerobytes, figurent les services de l\u2019\u00c9ducation nationale (Acad\u00e9mie de Cr\u00e9teil, Agence pour l\u2019enseignement fran\u00e7ais \u00e0 l\u2019\u00e9tranger), France Travail, la F\u00e9d\u00e9ration fran\u00e7aise de handball, le distributeur Intermarch\u00e9 ou encore le groupe de t\u00e9l\u00e9coms SFR, selon le parquet de Paris.<\/p>\n<p>    \u00b7 Comment avait r\u00e9agi le gouvernement\u00a0?    <\/p>\n<p class=\"asset asset-text\"><a href=\"https:\/\/www.huffingtonpost.fr\/politique\/article\/apres-le-piratage-du-fisc-les-polemiques-s-accumulent-et-le-gouvernement-presente-des-excuses_307107.html\" rel=\"nofollow noopener\" target=\"_blank\">Le gouvernement<\/a> s\u2019est saisi du dossier, <a href=\"https:\/\/www.huffingtonpost.fr\/politique\/article\/en-quoi-consiste-la-nouvelle-unite-cyber-reponse-de-sebastien-lecornu-aux-piratages-en-serie_307607.html\" rel=\"nofollow noopener\" target=\"_blank\">S\u00e9bastien Lecornu<\/a> demandant un audit \u00e0 l\u2019agence nationale de la s\u00e9curit\u00e9 des syst\u00e8mes d\u2019information (Anssi) et le ministre des Comptes publics David Amiel pr\u00e9sentant ses excuses aux contribuables touch\u00e9s.<\/p>\n<p class=\"asset asset-text\">Sans attendre, la justice avait ouvert en toute discr\u00e9tion une enqu\u00eate, a-t-on appris aupr\u00e8s du parquet vendredi. D\u00e8s la \u00ab\u00a0r\u00e9ception des premi\u00e8res plaintes\u00a0\u00bb, le 31\u00a0juillet, et donc avant la revendication de l\u2019attaque, l\u2019affaire, sensible, a \u00e9t\u00e9 confi\u00e9e \u00e0 l\u2019Office anti-cybercriminalit\u00e9 (Ofac).<\/p>\n<p class=\"asset asset-text\">Le fisc a par ailleurs annonc\u00e9 contacter individuellement <a href=\"https:\/\/www.huffingtonpost.fr\/france\/article\/apres-le-piratage-du-fisc-plusieurs-centaines-de-victimes-intentent-une-action-contre-l-etat_310896.html\" rel=\"nofollow noopener\" target=\"_blank\">les 678\u00a0000\u00a0usagers concern\u00e9s<\/a> pour les mettre en garde contre de possibles escroqueries cibl\u00e9es.<\/p>\n","protected":false},"excerpt":{"rendered":"LAGEAT PERROTEAU \/ Hans Lucas via AFP Devant un Centre des Finances publiques, dans le 9e arrondissement \u00e0&hellip;\n","protected":false},"author":2,"featured_media":1168517,"comment_status":"","ping_status":"","sticky":false,"template":"","format":"standard","meta":{"footnotes":"","_share_on_mastodon":"0"},"categories":[2],"tags":[11,20814,1011,27,10933,4709,12,16421,30089,25],"class_list":["post-1168516","post","type-post","status-publish","format-standard","has-post-thumbnail","category-actualites","tag-actualites","tag-fisc","tag-fr","tag-france","tag-hacker","tag-impot","tag-news","tag-piratage","tag-piratage-informatique","tag-republique-francaise"],"share_on_mastodon":{"url":"https:\/\/pubeurope.com\/@fr\/117217381109974182","error":""},"_links":{"self":[{"href":"https:\/\/www.europesays.com\/fr\/wp-json\/wp\/v2\/posts\/1168516","targetHints":{"allow":["GET"]}}],"collection":[{"href":"https:\/\/www.europesays.com\/fr\/wp-json\/wp\/v2\/posts"}],"about":[{"href":"https:\/\/www.europesays.com\/fr\/wp-json\/wp\/v2\/types\/post"}],"author":[{"embeddable":true,"href":"https:\/\/www.europesays.com\/fr\/wp-json\/wp\/v2\/users\/2"}],"replies":[{"embeddable":true,"href":"https:\/\/www.europesays.com\/fr\/wp-json\/wp\/v2\/comments?post=1168516"}],"version-history":[{"count":0,"href":"https:\/\/www.europesays.com\/fr\/wp-json\/wp\/v2\/posts\/1168516\/revisions"}],"wp:featuredmedia":[{"embeddable":true,"href":"https:\/\/www.europesays.com\/fr\/wp-json\/wp\/v2\/media\/1168517"}],"wp:attachment":[{"href":"https:\/\/www.europesays.com\/fr\/wp-json\/wp\/v2\/media?parent=1168516"}],"wp:term":[{"taxonomy":"category","embeddable":true,"href":"https:\/\/www.europesays.com\/fr\/wp-json\/wp\/v2\/categories?post=1168516"},{"taxonomy":"post_tag","embeddable":true,"href":"https:\/\/www.europesays.com\/fr\/wp-json\/wp\/v2\/tags?post=1168516"}],"curies":[{"name":"wp","href":"https:\/\/api.w.org\/{rel}","templated":true}]}}