{"id":1168550,"date":"2026-09-05T08:27:25","date_gmt":"2026-09-05T08:27:25","guid":{"rendered":"https:\/\/www.europesays.com\/fr\/1168550\/"},"modified":"2026-09-05T08:27:25","modified_gmt":"2026-09-05T08:27:25","slug":"allemagne-jeune-radical-dangereux-nostalgique-de-la-rda-qui-est-ulrich-siegmund-candidat-afd-aux-regionales","status":"publish","type":"post","link":"https:\/\/www.europesays.com\/fr\/1168550\/","title":{"rendered":"Allemagne\u00a0: Jeune, radical, \u00ab\u00a0dangereux\u00a0\u00bb, nostalgique de la RDA, qui est Ulrich Siegmund, candidat AfD aux r\u00e9gionales\u00a0?"},"content":{"rendered":"<p>Cr\u00e9dit\u00e9 \u00e0 42\u00a0% dans les sondages, Ulrich Siegmund, le candidat du parti d\u2019extr\u00eame droite <a href=\"https:\/\/www.20minutes.fr\/monde\/allemagne\/4173030-20250915-allemagne-region-plus-peuplee-extreme-droite-triple-score\" class=\"c-link c-link--is-underlined\" rel=\"nofollow noopener\" target=\"_blank\">l\u2019AfD (alternative pour l\u2019Allemagne),<\/a> ne s\u2019est pas d\u00e9parti de son sourire pendant la campagne pour les r\u00e9gionales dans la Saxe-Anhalt. Si la liste du trentenaire remporte le scrutin ce dimanche 6\u00a0septembre dans ce L\u00e4nder de l\u2019Est de l\u2019<a href=\"https:\/\/www.20minutes.fr\/dossier\/allemagne\" class=\"c-link c-link--is-underlined\" rel=\"nofollow noopener\" target=\"_blank\">Allemagne<\/a>, ce sera une premi\u00e8re pour le parti d\u2019extr\u00eame droite, qui a \u00e9t\u00e9 jug\u00e9 infr\u00e9quentable par le <a href=\"https:\/\/www.20minutes.fr\/politique\/rassemblement-national\/\" class=\"c-link c-link--is-underlined\" rel=\"nofollow noopener\" target=\"_blank\">Rassemblement national<\/a> lui-m\u00eame.<\/p>\n<\/p>\n<p>Avec une majorit\u00e9 absolue, il pourrait, \u00e0 la faveur d\u2019une crise entre les deux principaux partis f\u00e9d\u00e9raux \u2013 la CSU pour les conservateurs, et le SPD, pour les sociod\u00e9mocrates \u2013, former le premier gouvernement r\u00e9gional d\u2019<a href=\"https:\/\/www.20minutes.fr\/dossier\/extreme_droite\" class=\"c-link c-link--is-underlined\" rel=\"nofollow noopener\" target=\"_blank\">extr\u00eame droite<\/a> de l\u2019apr\u00e8s-guerre.<\/p>\n<p>Populaire sur les r\u00e9seaux sociaux<\/p>\n<p>Sur le terrain, lors de meetings organis\u00e9s pour s\u00e9duire des familles, proposant ch\u00e2teaux gonflables et saucisses grill\u00e9es, l\u2019homme de 35 ans, mari\u00e9 et p\u00e8re d\u2019une petite fille, jouit d\u2019une assez grande popularit\u00e9. Chevelure poivre et sel et regard bleu, l\u2019ancien entrepreneur en parfums d\u2019ambiance se plie aux selfies et autographes avec un style d\u00e9contract\u00e9.<\/p>\n<p>Il faut dire que l\u2019AfD, qu\u2019il a rejoint en\u00a02014, travaille <a href=\"https:\/\/www.breizh-info.com\/2026\/09\/02\/263659\/afd-saxe-reichardt\/\" target=\"_blank\" class=\"c-link c-link--is-underlined\" rel=\"nofollow noopener\">son omnipr\u00e9sence sur les r\u00e9seaux sociaux<\/a>, depuis plusieurs ann\u00e9es. \u00ab\u00a0La radio et la t\u00e9l\u00e9vision r\u00e9gionales sont vues comme des organes du pouvoir, donc on ne l\u2019\u00e9coute pas, on s\u2019informe de mani\u00e8re alternative sur les r\u00e9seaux sociaux\u00a0\u00bb, pr\u00e9cise Pierre-Yves Camus, politologue sp\u00e9cialiste de l\u2019extr\u00eame droite. Il cumulerait 1,1\u00a0million de fans et d\u2019abonn\u00e9s cumul\u00e9s sur les diff\u00e9rentes plateformes.<\/p>\n<p>\u00ab\u00a0Dangereux\u00a0\u00bb, il veut r\u00e9\u00e9crire l\u2019histoire<\/p>\n<p>Mi-ao\u00fbt, il a fait la une du tr\u00e8s s\u00e9rieux magazine d\u2019investigation Der Spiegel avec ce titre \u00ab\u00a0L\u2019homme le plus dangereux d\u2019Allemagne\u00a0\u00bb. Et pour cause, il est affili\u00e9 \u00e0 la mouvance la plus radicale de l\u2019AfD, appel\u00e9e Der Fl\u00fcgel (l\u2019aile en allemand). Jean-Yves Camus rappelle qu\u2019elle avait \u00e9t\u00e9 mise sous observation car la Constitution allemande interdit \u00ab\u00a0de pr\u00f4ner un \u00c9tat qui d\u00e9fend une conception ethnique de la nation\u00a0\u00bb. Cette aile droiti\u00e8re de l\u2019AfD avait \u00e9t\u00e9 somm\u00e9e de se mettre en sommeil mais \u00ab\u00a0elle ne l\u2019a absolument pas fait\u00a0\u00bb, pr\u00e9cise ce sp\u00e9cialiste.<\/p>\n<p>\u00ab\u00a0C\u2019est une mouvance extr\u00eamement radicale, <a href=\"https:\/\/www.20minutes.fr\/monde\/allemagne\/4134016-20250116-allemagne-oui-afd-bien-distribue-billets-expulsion-promouvoir-remigration\" class=\"c-link c-link--is-underlined\" rel=\"nofollow noopener\" target=\"_blank\">sur les questions identitaires <\/a>et sur son rapport \u00e0 la Russie, qui est important quand on voit quand m\u00eame qu\u2019il s\u2019agit de la partie Est de l\u2019Allemagne\u00a0\u00bb, ajoute-t-il, pr\u00e9cisant que le message n\u2019est pas anodin dans le contexte de <a href=\"https:\/\/www.20minutes.fr\/monde\/allemagne\/4242376-20260902-attaque-aeroport-leipzig-adn-boite-conserve-indices-amenent-allemagne-accuser-russie\" target=\"_blank\" class=\"c-link c-link--is-underlined\" rel=\"nofollow noopener\">tensions tr\u00e8s fortes entre Berlin et Moscou<\/a>.<\/p>\n<p>Par exemple sur l\u2019\u00e9ducation, qui fait partie des comp\u00e9tences propres aux L\u00e4nder allemands, \u00ab\u00a0on voit bien ce que pourraient \u00eatre les pressions et les \u00e9victions de l\u2019AfD dans la mani\u00e8re dont on enseigne l\u2019histoire, le rapport aux \u00e9trangers,\u00a0etc. dans le syst\u00e8me scolaire.\u00a0\u00bb<\/p>\n<p>Ostalgie<\/p>\n<p>Ulrich Siegmund est n\u00e9 tr\u00e8s exactement l\u2019ann\u00e9e de la r\u00e9unification, en\u00a01990. \u00ab\u00a0Et s\u2019il ne l\u2019a pas connu lui-m\u00eame, il l\u2019a connu par le reste de sa famille\u00a0\u00bb, pointe le politologue. Il surfe sur une sorte de nostalgie de l\u2019ancienne RDA, cultivant le sentiment que les Allemands de l\u2019Est sont rest\u00e9s des citoyens de seconde zone par rapport \u00e0 ceux de l\u2019Ouest. \u00ab\u00a0L\u2019\u00e9tat national allemand voulu par l\u2019AfD c\u2019est tr\u00e8s simple, c\u2019est l\u2019organisation sociale de la RDA avec l\u2019\u00e9conomie de march\u00e9\u00a0\u00bb, clarifie Jean-Yves Camus. Dans cet objectif, de m\u00eame qu\u2019il fallait se d\u00e9barrasser du communisme, il faut se d\u00e9barrasser \u00ab\u00a0des partis du syst\u00e8me\u00a0\u00bb selon la ligne du parti d\u2019extr\u00eame droite.<\/p>\n<p>\u00ab\u00a0La RDA a \u00e9t\u00e9 un r\u00e9gime communiste qui n\u2019avait pas \u00e9t\u00e9 d\u00e9nazifi\u00e9, souligne ce sp\u00e9cialiste. On a maintenant des donn\u00e9es pr\u00e9cises sur le nombre de responsables est-allemands, y compris militaires et membres du parti communiste, qui avaient \u00e9t\u00e9 des cadres interm\u00e9diaires du parti nazi. C\u2019\u00e9tait extr\u00eamement fr\u00e9quent\u00a0\u00bb. Officiellement, on pr\u00f4nait \u00e0 l\u2019Est les slogans communistes de l\u2019amiti\u00e9 entre les peuples, de soutien aux peuples opprim\u00e9s et colonis\u00e9s \u00ab\u00a0mais en fait on ne tol\u00e9rait pas d\u2019\u00e9trangers sur son sol, \u00e0 l\u2019exception de quelques \u00e9tudiants chinois et vietnamiens\u00a0\u00bb, rappelle-t-il.<\/p>\n<p><a href=\"https:\/\/www.20minutes.fr\/dossier\/extreme_droite\" class=\"c-link c-btn c-btn--primary\" rel=\"nofollow noopener\" target=\"_blank\">Toutes nos infos sur l&rsquo;extr\u00eame droite<\/a><\/p>\n<p>Il observe que l\u2019AfD est en train de s\u2019ancrer sur une partie du territoire allemand situ\u00e9 \u00e0 l\u2019Est, et que \u00ab\u00a0cela pose la question de savoir si finalement la r\u00e9unification a si bien fonctionn\u00e9 que cela\u00a0\u00bb.<\/p>\n","protected":false},"excerpt":{"rendered":"Cr\u00e9dit\u00e9 \u00e0 42\u00a0% dans les sondages, Ulrich Siegmund, le candidat du parti d\u2019extr\u00eame droite l\u2019AfD (alternative pour l\u2019Allemagne),&hellip;\n","protected":false},"author":2,"featured_media":1168551,"comment_status":"","ping_status":"","sticky":false,"template":"","format":"standard","meta":{"footnotes":"","_share_on_mastodon":"0"},"categories":[5],"tags":[47,11,672,5949,1076,1011,27,14,74,936,12,120831,28],"class_list":["post-1168550","post","type-post","status-publish","format-standard","has-post-thumbnail","category-international","tag-actualite","tag-actualites","tag-allemagne","tag-elections","tag-extreme-droite","tag-fr","tag-france","tag-international","tag-monde","tag-nazi","tag-news","tag-rda","tag-world"],"share_on_mastodon":{"url":"https:\/\/pubeurope.com\/@fr\/117217489405948190","error":""},"_links":{"self":[{"href":"https:\/\/www.europesays.com\/fr\/wp-json\/wp\/v2\/posts\/1168550","targetHints":{"allow":["GET"]}}],"collection":[{"href":"https:\/\/www.europesays.com\/fr\/wp-json\/wp\/v2\/posts"}],"about":[{"href":"https:\/\/www.europesays.com\/fr\/wp-json\/wp\/v2\/types\/post"}],"author":[{"embeddable":true,"href":"https:\/\/www.europesays.com\/fr\/wp-json\/wp\/v2\/users\/2"}],"replies":[{"embeddable":true,"href":"https:\/\/www.europesays.com\/fr\/wp-json\/wp\/v2\/comments?post=1168550"}],"version-history":[{"count":0,"href":"https:\/\/www.europesays.com\/fr\/wp-json\/wp\/v2\/posts\/1168550\/revisions"}],"wp:featuredmedia":[{"embeddable":true,"href":"https:\/\/www.europesays.com\/fr\/wp-json\/wp\/v2\/media\/1168551"}],"wp:attachment":[{"href":"https:\/\/www.europesays.com\/fr\/wp-json\/wp\/v2\/media?parent=1168550"}],"wp:term":[{"taxonomy":"category","embeddable":true,"href":"https:\/\/www.europesays.com\/fr\/wp-json\/wp\/v2\/categories?post=1168550"},{"taxonomy":"post_tag","embeddable":true,"href":"https:\/\/www.europesays.com\/fr\/wp-json\/wp\/v2\/tags?post=1168550"}],"curies":[{"name":"wp","href":"https:\/\/api.w.org\/{rel}","templated":true}]}}