{"id":1168558,"date":"2026-09-05T08:34:21","date_gmt":"2026-09-05T08:34:21","guid":{"rendered":"https:\/\/www.europesays.com\/fr\/1168558\/"},"modified":"2026-09-05T08:34:21","modified_gmt":"2026-09-05T08:34:21","slug":"le-match-est-a-saint-etienne-mais-les-supporters-de-montpellier-sont-interdits-de-deplacement-dans-lherault-un-arrete-improbable-assigne-les-supporters-du-mhsc-a-residence","status":"publish","type":"post","link":"https:\/\/www.europesays.com\/fr\/1168558\/","title":{"rendered":"Le match est \u00e0 Saint-\u00c9tienne, mais les supporters de Montpellier sont interdits de d\u00e9placement&#8230; dans l&rsquo;H\u00e9rault : un arr\u00eat\u00e9 improbable assigne les supporters du MHSC \u00e0 r\u00e9sidence"},"content":{"rendered":"<p>\n                                                                    l&rsquo;essentiel<br \/>\n                                                                Ce samedi 5 septembre, les supporters du MHSC ne pourront pas se rendre \u00e0 Saint-\u00c9tienne pour suivre leur \u00e9quipe dans le cadre de la 5e journ\u00e9e de Ligue 2. Mais \u00e0 lire la formulation officielle, l&rsquo;interdiction semble aller beaucoup plus loin : les fans de Montpellier seraient interdits de se d\u00e9placer au sein m\u00eame de leur d\u00e9partement, y compris dans leur propre ville. Une situation li\u00e9e \u00e0 une interpr\u00e9tation ambigu\u00eb du texte.\u00a0\n                            <\/p>\n<p>\u00c0 quelques heures du choc de Ligue 2 entre Saint-\u00c9tienne et Montpellier \u00e0 Geoffroy-Guichard (20 h), un communiqu\u00e9 officiel a de quoi faire bondir les supporters pailladins. Sur son site, la pr\u00e9fecture de la Loire \u00e9crit que ce samedi 5 septembre de 0 h \u00e0 minuit, le d\u00e9placement de toute personne se revendiquant supporter du MHSC est \u00ab\u00a0interdit dans les communes de l&rsquo;H\u00e9rault\u00a0\u00bb et \u00e0 Saint-\u00c9tienne.<\/p>\n<blockquote data-class=\"twitter-tweet\">\n<p lang=\"fr\" dir=\"ltr\">Arr\u00eat\u00e9 minist\u00e9riel &#8211; Interdiction de d\u00e9placement des supporters du Montpellier H\u00e9rault Sport Club<\/p>\n<p>Le samedi 5 septembre 2026, de z\u00e9ro heure \u00e0 minuit, le d\u00e9placement individuel ou collectif, par tout moyen, de toute personne se pr\u00e9valant de la qualit\u00e9 de supporter du Montpellier\u2026 <a href=\"https:\/\/t.co\/825jPpZUVj\" rel=\"nofollow\">pic.twitter.com\/825jPpZUVj<\/a><\/p>\n<p>\u2014 Pr\u00e9fet de la Loire (@Prefecture42) <a href=\"https:\/\/x.com\/Prefecture42\/status\/2095847576448733598?ref_src=twsrc%5Etfw\" rel=\"nofollow\">September 4, 2026<\/a><\/p><\/blockquote>\n<p>Pris au pied de la lettre, le texte laisse entendre qu&rsquo;un fan ne pourrait m\u00eame pas circuler dans la ville de Montpellier. En r\u00e9alit\u00e9, l&rsquo;arr\u00eat\u00e9 minist\u00e9riel officiel indique quelque chose de bien plus pr\u00e9cis. Les d\u00e9placements de supporters du MHSC \u00ab\u00a0entre les communes du d\u00e9partement de l&rsquo;H\u00e9rault d&rsquo;une part, et la commune de Saint-\u00c9tienne, d&rsquo;autre part\u00a0\u00bb sont strictement interdits. En clair, les supporters ont l&rsquo;interdiction de prendre la route du Chaudron.<\/p>\n<p class=\"std-elt__inline\">\n        <strong>\u00c0 lire aussi :<\/strong><br \/>\n        <a href=\"https:\/\/www.ladepeche.fr\/2026\/09\/04\/tfc-ce-nest-quune-question-de-temps-pour-que-les-buts-et-les-victoires-arrivent-jens-berthel-askou-reste-confiant-et-tres-optimiste-malgre-la-defaite-13535923.php\" rel=\"nofollow noopener\" target=\"_blank\">TFC : \u00ab\u00a0Ce n&rsquo;est qu&rsquo;une question de temps pour que les buts et les victoires arrivent&#8230;\u00a0\u00bb Jens Berthel Askou reste confiant et tr\u00e8s optimiste malgr\u00e9 la d\u00e9faite face \u00e0 Lille en Ligue 1.<\/a>\n    <\/p>\n<p>Un tr\u00e8s lourd passif entre les deux camps<\/p>\n<p>Dans le communiqu\u00e9, le minist\u00e8re rappelle la violente confrontation du 23 novembre 2024 \u00e0 Saint-\u00c9tienne o\u00f9 260 Montpelli\u00e9rains avaient affront\u00e9 300 \u00e0 400 St\u00e9phanois. Alors que leurs bus se dirigeaient vers le parking visiteur pour int\u00e9grer le parcage en toute s\u00e9curit\u00e9, certains d&rsquo;entre eux sont descendus arm\u00e9s de barres de fer pour en d\u00e9coudre. Au total, le bilan est de 14 bless\u00e9s dont 4 parmi les forces de l&rsquo;ordre. Les autorit\u00e9s estiment d\u00e9sormais que l&rsquo;encadrement pr\u00e9fectoral habituel ne suffit plus. R\u00e9sultat : pas de supporters montpelli\u00e9rains dans le Chaudron.\u00a0<\/p>\n<p>                                                                                <script async src=\"https:\/\/platform.twitter.com\/widgets.js\" charset=\"utf-8\"><\/script><\/p>\n","protected":false},"excerpt":{"rendered":"l&rsquo;essentiel Ce samedi 5 septembre, les supporters du MHSC ne pourront pas se rendre \u00e0 Saint-\u00c9tienne pour suivre&hellip;\n","protected":false},"author":2,"featured_media":1168559,"comment_status":"","ping_status":"","sticky":false,"template":"","format":"standard","meta":{"footnotes":"","_share_on_mastodon":"0"},"categories":[9653],"tags":[1111,11,2430,1777,674,63,1011,27,446,12,25,4001,517],"class_list":["post-1168558","post","type-post","status-publish","format-standard","has-post-thumbnail","category-saint-etienne","tag-actu","tag-actualites","tag-auvergne-rhone-alpes","tag-eu","tag-europe","tag-football","tag-fr","tag-france","tag-ligue-2","tag-news","tag-republique-francaise","tag-saint-etienne","tag-sport"],"share_on_mastodon":{"url":"https:\/\/pubeurope.com\/@fr\/117217517306605223","error":""},"_links":{"self":[{"href":"https:\/\/www.europesays.com\/fr\/wp-json\/wp\/v2\/posts\/1168558","targetHints":{"allow":["GET"]}}],"collection":[{"href":"https:\/\/www.europesays.com\/fr\/wp-json\/wp\/v2\/posts"}],"about":[{"href":"https:\/\/www.europesays.com\/fr\/wp-json\/wp\/v2\/types\/post"}],"author":[{"embeddable":true,"href":"https:\/\/www.europesays.com\/fr\/wp-json\/wp\/v2\/users\/2"}],"replies":[{"embeddable":true,"href":"https:\/\/www.europesays.com\/fr\/wp-json\/wp\/v2\/comments?post=1168558"}],"version-history":[{"count":0,"href":"https:\/\/www.europesays.com\/fr\/wp-json\/wp\/v2\/posts\/1168558\/revisions"}],"wp:featuredmedia":[{"embeddable":true,"href":"https:\/\/www.europesays.com\/fr\/wp-json\/wp\/v2\/media\/1168559"}],"wp:attachment":[{"href":"https:\/\/www.europesays.com\/fr\/wp-json\/wp\/v2\/media?parent=1168558"}],"wp:term":[{"taxonomy":"category","embeddable":true,"href":"https:\/\/www.europesays.com\/fr\/wp-json\/wp\/v2\/categories?post=1168558"},{"taxonomy":"post_tag","embeddable":true,"href":"https:\/\/www.europesays.com\/fr\/wp-json\/wp\/v2\/tags?post=1168558"}],"curies":[{"name":"wp","href":"https:\/\/api.w.org\/{rel}","templated":true}]}}