{"id":116857,"date":"2025-05-21T12:34:10","date_gmt":"2025-05-21T12:34:10","guid":{"rendered":"https:\/\/www.europesays.com\/fr\/116857\/"},"modified":"2025-05-21T12:34:10","modified_gmt":"2025-05-21T12:34:10","slug":"avant-premiere-les-feux-de-lamour-du-23-mai-2025-episode-9226-tf1","status":"publish","type":"post","link":"https:\/\/www.europesays.com\/fr\/116857\/","title":{"rendered":"Avant-premi\u00e8re &#8211; Les feux de l&#039;amour du 23 mai 2025 &#8211; Episode 9226 &#8211; TF1+"},"content":{"rendered":"<ol>\n<li><a href=\"https:\/\/news.google.com\/rss\/articles\/CBMiwwFBVV95cUxPTGhrOGF3QWZpOE9sS3l2OWpBMjk4cVh6X2ZLTGtjaDFVTVotTWlRN2ZUYlNKeGhQTGg4SkRTZUI5M3BITWNoNVl6RWtyMXQ1amVnRkprVFdNM2xOZHdXckpJRkdtOERCakxWTG5hNjQ1WkVMczZxckhQQ084UXJKaVEzSlRkNlp0c2xmeVhVaFRZb2xtajNyNDBHQjRZUVBxblFmRTRmNU9NV2ZFVFFyek9uVjJKNkN3M2JPOEJkbnZBMGc?oc=5\" target=\"_blank\" rel=\"noopener\">Avant-premi\u00e8re &#8211; Les feux de l&rsquo;amour du 23 mai 2025 &#8211; Episode 9226<\/a>&nbsp;&nbsp;TF1+<\/li>\n<li><a href=\"https:\/\/news.google.com\/rss\/articles\/CBMiugFBVV95cUxOaDlYVlpLbHBJVnFwQ1hFOGFCUTFIb0t4MnJpd084RkYzYWZHNExPTzFSSkNndUkzTjB6SWdYQk9MWnZ6SlhWaGJqNWNwNGY3LWN3bW55ajV4ZWVvYWdSUDBubTlmZ01zVTRqcEhkVDBfa05fS0dKQndwRGRLa1ltUUJSU0M1RFZadXdobHFkdVNUaXNWRHItOFd2djZlLVlNRDBBblVwWEZiTlROMUs2bzd6cFRkWXNYN2c?oc=5\" target=\"_blank\" rel=\"noopener\">Les Feux de l&rsquo;Amour: R\u00e9sum\u00e9 de l&rsquo;\u00e9pisode du 19 mai 2025 (Cbs) | R\u00e9sum\u00e9 et r\u00e9actions<\/a>&nbsp;&nbsp;soap-passion.com<\/li>\n<li><a href=\"https:\/\/news.google.com\/rss\/articles\/CBMixgFBVV95cUxQanc2S05ObFFVXzAwd3o3eHRBelVFLVhKblZ2eVFtcGsxX21yVXlGdzg4S1dWT0ZZRkRzSjNvc2g1OUpaVl9oOUk4clhaRmtSSzd1c1ZQcGFkVDBSdnRwTndiVURSbzJVRUNXU1dMXzFBM280X3Q3eXhlZnJsVWZhUGJiQmtRUXZpS3FxNFhWYzlsOW5YOHRSTHgzWkY4R1V6M2JYT0dTUHBBbGk4OFBXNFdXWVVab0RHUjRLMkZUb1I0TEwyenc?oc=5\" target=\"_blank\" rel=\"noopener\">Les Feux de l&rsquo;Amour, spoilers semaine du 19 mai 2025 aux USA<\/a>&nbsp;&nbsp;soap-passion.com<\/li>\n<li><a href=\"https:\/\/news.google.com\/rss\/articles\/CBMivwFBVV95cUxNOG81S0o0ZzBhWV9ETmNGRzBFRGlLTjZFU1EtdXZENTNNNG51V3hHSDREcTlwcGs4ZmpXWjVWbHFPRWRzWHJydUVWLUc0VTZHdVBYR1h5SF9xUjRhU1hCR2czZ0FzUU1mVzhmVUhuSzlMNDBRSHhPNUwyTkh2YTgyMUlZcFJhRzE4MHhfNWNXVTg0Qld5OHdjbUNkRllrZ01LVGI0dVNjTDk1RjlCNTBmTFdvYURQTFdOUm93aVVTaw?oc=5\" target=\"_blank\" rel=\"noopener\">Les Feux de l&rsquo;Amour: R\u00e9sum\u00e9 de l&rsquo;\u00e9pisode du 19 mai 2025 (Rtbf)<\/a>&nbsp;&nbsp;soap-passion.com<\/li>\n<li><a href=\"https:\/\/news.google.com\/rss\/articles\/CBMivAFBVV95cUxQVTViN1ZfemJKc1p0aXFsVlJJTjBpbFgwNlAxcjcxN2dhTmk2d2otcFZPUkxzR0t0QlpGZlRFNDRhRTBFM2h4TjFQd1RvQzFjTVd4QWpGSzBCSXA1Y3RTblhfWEdDckMzeUNnVkprV3lxRlZvZ1JKZXJZNklVcVQ3dWx2Q1NvYkpsemdqS3pBUXNIcUxkekhnc0wtNzJRS2hwbHdiWE9Zcno1U1NjOVQ5Q1h2cUtldmJHbmdsdA?oc=5\" target=\"_blank\" rel=\"noopener\">Les Feux de l&rsquo;Amour, \u00e9pisode n\u00b09222 diffus\u00e9 le lundi 19 mai 2025 sur Tf1 en France<\/a>&nbsp;&nbsp;soap-passion.com<\/li>\n<\/ol>\n","protected":false},"excerpt":{"rendered":"Avant-premi\u00e8re &#8211; Les feux de l&rsquo;amour du 23 mai 2025 &#8211; Episode 9226&nbsp;&nbsp;TF1+ Les Feux de l&rsquo;Amour: R\u00e9sum\u00e9&hellip;\n","protected":false},"author":2,"featured_media":116858,"comment_status":"","ping_status":"","sticky":false,"template":"","format":"standard","meta":{"footnotes":""},"categories":[1356],"tags":[58,59,1365,15848,1011,27,15850,15849,15852,252,1364,15853,15851],"class_list":{"0":"post-116857","1":"post","2":"type-post","3":"status-publish","4":"format-standard","5":"has-post-thumbnail","7":"category-television","8":"tag-divertissement","9":"tag-entertainment","10":"tag-episode","11":"tag-episode-les-feux-de-lamour","12":"tag-fr","13":"tag-france","14":"tag-les-feux-de-lamour","15":"tag-les-feux-de-lamour-episode","16":"tag-streaming-les-feux-de-lamour","17":"tag-television","18":"tag-tv","19":"tag-video-en-streaming-les-feux-de-lamour","20":"tag-video-les-feux-de-lamour"},"share_on_mastodon":{"url":"https:\/\/pubeurope.com\/@fr\/114545850508151960","error":""},"_links":{"self":[{"href":"https:\/\/www.europesays.com\/fr\/wp-json\/wp\/v2\/posts\/116857","targetHints":{"allow":["GET"]}}],"collection":[{"href":"https:\/\/www.europesays.com\/fr\/wp-json\/wp\/v2\/posts"}],"about":[{"href":"https:\/\/www.europesays.com\/fr\/wp-json\/wp\/v2\/types\/post"}],"author":[{"embeddable":true,"href":"https:\/\/www.europesays.com\/fr\/wp-json\/wp\/v2\/users\/2"}],"replies":[{"embeddable":true,"href":"https:\/\/www.europesays.com\/fr\/wp-json\/wp\/v2\/comments?post=116857"}],"version-history":[{"count":0,"href":"https:\/\/www.europesays.com\/fr\/wp-json\/wp\/v2\/posts\/116857\/revisions"}],"wp:featuredmedia":[{"embeddable":true,"href":"https:\/\/www.europesays.com\/fr\/wp-json\/wp\/v2\/media\/116858"}],"wp:attachment":[{"href":"https:\/\/www.europesays.com\/fr\/wp-json\/wp\/v2\/media?parent=116857"}],"wp:term":[{"taxonomy":"category","embeddable":true,"href":"https:\/\/www.europesays.com\/fr\/wp-json\/wp\/v2\/categories?post=116857"},{"taxonomy":"post_tag","embeddable":true,"href":"https:\/\/www.europesays.com\/fr\/wp-json\/wp\/v2\/tags?post=116857"}],"curies":[{"name":"wp","href":"https:\/\/api.w.org\/{rel}","templated":true}]}}