{"id":1168579,"date":"2026-09-05T08:46:19","date_gmt":"2026-09-05T08:46:19","guid":{"rendered":"https:\/\/www.europesays.com\/fr\/1168579\/"},"modified":"2026-09-05T08:46:19","modified_gmt":"2026-09-05T08:46:19","slug":"colleges-en-ille-et-vilaine-les-gros-chantiers-de-lannee","status":"publish","type":"post","link":"https:\/\/www.europesays.com\/fr\/1168579\/","title":{"rendered":"Coll\u00e8ges en Ille-et-Vilaine : les gros chantiers de l&rsquo;ann\u00e9e"},"content":{"rendered":"<p style=\"text-align: justify;\" data-start=\"296\" data-end=\"632\"><strong data-start=\"296\" data-end=\"632\">Reconstructions, extensions, r\u00e9novations thermiques\u2026 Les coll\u00e8ges restent le premier poste d\u2019investissement du D\u00e9partement d\u2019Ille-et-Vilaine, avec plus de 30 millions d\u2019euros engag\u00e9s chaque ann\u00e9e. Plusieurs gros chantiers se profilent, notamment \u00e0 Rennes, Melesse, Saint-Aubin-du-Cormier ou Liffr\u00e9. Le point sur les projets \u00e0 venir.<\/strong><\/p>\n<p style=\"text-align: justify;\" data-start=\"634\" data-end=\"1200\">Les coll\u00e9giens ont repris le chemin des classes. Pour le D\u00e9partement d\u2019Ille-et-Vilaine, la rentr\u00e9e se joue aussi \u00e0 coups de millions d\u2019euros et de grues. La collectivit\u00e9 consacre en 2026 89,1 millions d\u2019euros aux 111 coll\u00e8ges bretilliens, dont 62 publics et 49 priv\u00e9s. Quelque 55 800 \u00e9l\u00e8ves y sont attendus, soit 700 de moins que l\u2019an dernier. Sur cette enveloppe globale, 32,6 millions d\u2019euros concernent les b\u00e2timents, entre construction, r\u00e9novation, \u00e9quipement et fonctionnement.<\/p>\n<p data-start=\"634\" data-end=\"1200\"><strong>Rennes : Beauregard et Clothilde-Vautier dans les cartons<\/strong><\/p>\n<p style=\"text-align: justify;\" data-start=\"1202\" data-end=\"1490\">Les coll\u00e8ges constituent m\u00eame le premier poste d\u2019investissement du D\u00e9partement, avec plus de 30 millions d\u2019euros par an. \u00c0 c\u00f4t\u00e9 des op\u00e9rations lourdes, plus d\u2019un million d\u2019euros est encore pr\u00e9vu cette ann\u00e9e pour renouveler le mat\u00e9riel de cuisine. \u00c0 Rennes, le plus spectaculaire concerne le coll\u00e8ge Beauregard, avec la construction d\u2019un nouvel \u00e9tablissement pour 22,3 millions d\u2019euros. Toujours dans la capitale bretonne, le coll\u00e8ge Clothilde-Vautier doit b\u00e9n\u00e9ficier d\u2019une r\u00e9novation thermique \u00e9valu\u00e9e \u00e0 9,1 millions d\u2019euros.<\/p>\n<p style=\"text-align: justify;\" data-start=\"1981\" data-end=\"2435\">Ailleurs dans le d\u00e9partement, les montants sont tout aussi cons\u00e9quents. \u00c0 Saint-Aubin-du-Cormier, l\u2019extension et la restructuration du coll\u00e8ge Pierre-de-Dreux repr\u00e9sentent 23,1 millions d\u2019euros. \u00c0 Melesse, la construction du coll\u00e8ge Mathurin-M\u00e9heut est chiffr\u00e9e \u00e0 18,9 millions. \u00c0 Liffr\u00e9, 16 millions d\u2019euros sont pr\u00e9vus pour restructurer Martin-Luther-King. Les op\u00e9rations \u00e0 venir concernent \u00e9galement la r\u00e9novation thermique du coll\u00e8ge Gandhi \u00e0 Foug\u00e8res (3,8 millions d\u2019euros) et la r\u00e9novation int\u00e9rieure des Rochers-S\u00e9vign\u00e9 \u00e0 Vitr\u00e9 (2 millions). \u00c0 Betton, 4,3 millions d\u2019euros sont annonc\u00e9s pour restructurer la demi-pension du coll\u00e8ge Fran\u00e7ois-Truffaut. \u00c0 Pac\u00e9, 2,9 millions doivent \u00eatre consacr\u00e9s \u00e0 la restructuration et \u00e0 l\u2019extension de celle de Fran\u00e7oise-Dolto.<\/p>\n<p style=\"text-align: justify;\" data-start=\"2437\" data-end=\"2900\"><strong>Des chantiers \u00e0 plus de 20 millions d\u2019euros<\/strong><\/p>\n<p style=\"text-align: justify;\" data-start=\"2951\" data-end=\"3440\">Cette nouvelle vague s\u2019ajoute \u00e0 une longue s\u00e9rie d\u2019op\u00e9rations lanc\u00e9es depuis 2021. La carte d\u00e9partementale recense notamment la reconstruction du coll\u00e8ge de Cleunay \u00e0 Rennes, pour 22,6 millions d\u2019euros, la restructuration du Querpont \u00e0 Val d\u2019Anast pour 12,1 millions, ou encore la r\u00e9novation thermique de Duguay-Trouin \u00e0 Saint-Malo pour 9,1 millions. Selon les \u00e9tablissements, ces travaux sont d\u00e9j\u00e0 r\u00e9alis\u00e9s, en cours ou encore programm\u00e9s.<\/p>\n<p style=\"text-align: justify;\" data-start=\"3442\" data-end=\"3787\">D\u2019autres op\u00e9rations affichent des factures importantes : 13 millions d\u2019euros pour la restructuration de Georges-Brassens au Rheu, 10,6 millions pour l\u2019extension et la restructuration de Jacques-Pr\u00e9vert \u00e0 Romill\u00e9 et 7,6 millions pour la restructuration partielle du Ch\u00eane-Vert \u00e0 Bain-de-Bretagne. Derri\u00e8re les murs, Jean-Luc Chenut entend donner \u00e0 cette rentr\u00e9e une dimension plus politique. Dans son \u00e9ditorial, le pr\u00e9sident du D\u00e9partement place 2026 \u00ab sous le signe de la justice sociale \u00bb. Son objectif est de \u00ab r\u00e9duire les in\u00e9galit\u00e9s, et renforcer l\u2019\u00e9galit\u00e9 des chances \u00bb. Le pr\u00e9sident revendique ainsi \u00ab un coll\u00e8ge plus accessible, plus \u00e9quitable et plus attentif aux r\u00e9alit\u00e9s v\u00e9cues par les habitants \u00bb.<\/p>\n<p style=\"text-align: justify;\" data-start=\"4606\" data-end=\"5164\"><img fetchpriority=\"high\" decoding=\"async\" class=\"alignnone size-full wp-image-8940\" src=\"data:image\/svg+xml,%3Csvg%20xmlns=\" http:=\"\" alt=\"\" width=\"740\" height=\"450\" data-wp-pid=\"8940\" data-lazy- data-lazy- data-lazy-src=\"https:\/\/www.europesays.com\/fr\/wp-content\/uploads\/2026\/09\/entretien_jl_chenut_c_jerome_sevrette_9_1.jpg\"\/><\/p>\n<p style=\"text-align: justify;\" data-start=\"5166\" data-end=\"5622\"><strong data-start=\"5166\" data-end=\"5189\">Les chiffres cl\u00e9s :<\/strong> 55 800 coll\u00e9giens \u00e0 la rentr\u00e9e 2026, 111 coll\u00e8ges dont 62 publics et 49 priv\u00e9s, 89,1 millions d\u2019euros de budget, dont 32,6 millions pour les b\u00e2timents, 29 millions pour la masse salariale des agents des coll\u00e8ges publics, 23,3 millions pour la vie coll\u00e9gienne et 4,2 millions pour le num\u00e9rique. \u00c0 cela s\u2019ajoutent 8 millions d\u2019euros pour le transport adapt\u00e9 des \u00e9l\u00e8ves en situation de handicap. Le D\u00e9partement emploie 639 agents pour l\u2019entretien des \u00e9tablissements et la restauration scolaire. Les coll\u00e8ges publics sont tous raccord\u00e9s au tr\u00e8s haut d\u00e9bit et 97 % du programme de renouvellement du mat\u00e9riel informatique a \u00e9t\u00e9 r\u00e9alis\u00e9, avec plus de 3 700 ordinateurs remplac\u00e9s. 77,5 % des coll\u00e8ges ont b\u00e9n\u00e9fici\u00e9 d\u2019une action \u00e9ducative soutenue par la collectivit\u00e9 au cours des deux derni\u00e8res ann\u00e9es scolaires.<\/p>\n","protected":false},"excerpt":{"rendered":"Reconstructions, extensions, r\u00e9novations thermiques\u2026 Les coll\u00e8ges restent le premier poste d\u2019investissement du D\u00e9partement d\u2019Ille-et-Vilaine, avec plus de 30&hellip;\n","protected":false},"author":2,"featured_media":1168580,"comment_status":"","ping_status":"","sticky":false,"template":"","format":"standard","meta":{"footnotes":"","_share_on_mastodon":"0"},"categories":[2821],"tags":[1111,11,829,1777,674,1011,27,12,584,25],"class_list":["post-1168579","post","type-post","status-publish","format-standard","has-post-thumbnail","category-rennes","tag-actu","tag-actualites","tag-bretagne","tag-eu","tag-europe","tag-fr","tag-france","tag-news","tag-rennes","tag-republique-francaise"],"share_on_mastodon":{"url":"https:\/\/pubeurope.com\/@fr\/117217564003601459","error":""},"_links":{"self":[{"href":"https:\/\/www.europesays.com\/fr\/wp-json\/wp\/v2\/posts\/1168579","targetHints":{"allow":["GET"]}}],"collection":[{"href":"https:\/\/www.europesays.com\/fr\/wp-json\/wp\/v2\/posts"}],"about":[{"href":"https:\/\/www.europesays.com\/fr\/wp-json\/wp\/v2\/types\/post"}],"author":[{"embeddable":true,"href":"https:\/\/www.europesays.com\/fr\/wp-json\/wp\/v2\/users\/2"}],"replies":[{"embeddable":true,"href":"https:\/\/www.europesays.com\/fr\/wp-json\/wp\/v2\/comments?post=1168579"}],"version-history":[{"count":0,"href":"https:\/\/www.europesays.com\/fr\/wp-json\/wp\/v2\/posts\/1168579\/revisions"}],"wp:featuredmedia":[{"embeddable":true,"href":"https:\/\/www.europesays.com\/fr\/wp-json\/wp\/v2\/media\/1168580"}],"wp:attachment":[{"href":"https:\/\/www.europesays.com\/fr\/wp-json\/wp\/v2\/media?parent=1168579"}],"wp:term":[{"taxonomy":"category","embeddable":true,"href":"https:\/\/www.europesays.com\/fr\/wp-json\/wp\/v2\/categories?post=1168579"},{"taxonomy":"post_tag","embeddable":true,"href":"https:\/\/www.europesays.com\/fr\/wp-json\/wp\/v2\/tags?post=1168579"}],"curies":[{"name":"wp","href":"https:\/\/api.w.org\/{rel}","templated":true}]}}