{"id":1168581,"date":"2026-09-05T08:47:19","date_gmt":"2026-09-05T08:47:19","guid":{"rendered":"https:\/\/www.europesays.com\/fr\/1168581\/"},"modified":"2026-09-05T08:47:19","modified_gmt":"2026-09-05T08:47:19","slug":"infos-enjeux-et-pronostics-ligue-1-rennes-saffirme-le-pfc-fait-mal-a-lom","status":"publish","type":"post","link":"https:\/\/www.europesays.com\/fr\/1168581\/","title":{"rendered":"Infos, enjeux et pronostics Ligue 1 : Rennes s&rsquo;affirme, le PFC fait mal \u00e0 l&rsquo;OM"},"content":{"rendered":"<p class=\"article-excerpt\">Comme tous les samedis, retrouvez les derni\u00e8res infos, les enjeux et les pronostics pour la journ\u00e9e de Ligue 1. <\/p>\n<ul class=\"author-list instapaper_ignore\">\n<li class=\"author-list-item\">\n                    <a href=\"https:\/\/www.433foot.fr\/author\/stephane\/\" class=\"author-avatar\" aria-label=\"Read more of St\u00e9phane D\u00e9senclos\" rel=\"nofollow noopener\" target=\"_blank\"><br \/>\n                        <img decoding=\"async\" class=\"author-profile-image\" src=\"https:\/\/www.europesays.com\/fr\/wp-content\/uploads\/2026\/08\/St--phane-D--senclos-2-2.jpg\" alt=\"St\u00e9phane D\u00e9senclos\" loading=\"eager\"\/><br \/>\n                    <\/a>\n                <\/li>\n<\/ul>\n<p>        <a href=\"#\/share\" class=\"gh-button gh-button-share\">Partager<\/a><\/p>\n<p>                <img decoding=\"async\"   src=\"https:\/\/www.europesays.com\/fr\/wp-content\/uploads\/2026\/09\/---LOTO-SPORTIF-TEXTE.---1.jpeg\" alt=\"Infos, enjeux et pronostics Ligue 1 : Rennes s'affirme, le PFC fait mal \u00e0 l'OM\" fetchpriority=\"high\" loading=\"eager\"\/><\/p>\n<p>        Comme tous les samedis, retrouvez les derni\u00e8res infos, les enjeux et les pronostics pour la journ\u00e9e de Ligue 1. <\/p>\n<p>Alors que trois matchs ont d\u00e9j\u00e0 eu lieu, avec, pour deux d\u2019entre eux, des sc\u00e9narios improbables (victoire de Lille et Monaco, \u00e0 Toulouse et au Parc, contre le cours du jeu), il reste donc 6 rencontres \u00e0 jouer. Trois ce samedi et trois dimanche.<\/p>\n<p>Lens repart de l&rsquo;avant<\/p>\n<p>La Ligue 1 reprend d\u00e8s 17h15, avec le d\u00e9placement p\u00e9rilleux de Lorient \u00e0 Bollaert. D\u00e9sireux de se racheter, apr\u00e8s leur d\u00e9faite \u00e0 Strasbourg, les Lensois sont priv\u00e9s de Nawrocki (ce qui sera le cas pour toute la saison), et de Todibo (pas pr\u00eat), mais r\u00e9cup\u00e8rent Antonio, suspension purg\u00e9e. Edouard, absent \u00e0 Strasbourg, fait \u00e9galement son retour. A Lorient, il n\u2019y a qu\u2019un seul absent, Ibrahima Bald\u00e9, la derni\u00e8re recrue, en provenance de Rodez, sera dans le groupe.<\/p>\n<p>Deux rencontres ont lieu \u00e0 20h45. Apr\u00e8s deux matchs nuls, Le Havre re\u00e7oit Brest, avec l\u2019espoir de d\u00e9coller enfin. Ce sera sans Argent, Mambimbi et Zagadou, mais les Normands restent favoris, dans leur stade. A Brest, Chardonnet et Diambou manquent \u00e0 l\u2019appel.\u00a0<\/p>\n<p>Nice doit d\u00e9coller<\/p>\n<p>Un nul contre Lorient \u00e0 domicile, une claque \u00e0 Paris\u2026 Nice veut lancer sa saison contre Le Mans. Olivier Pantaloni comptera sur ses recrues, notamment Wahi, qui va d\u00e9buter pour son deuxi\u00e8me match de la saison. Au Mans, Sidib\u00e9 est suspendu, Kocik et Colas sont absents.\u00a0<\/p>\n<p>Suite et fin de la 3\u00e8me journ\u00e9e dimanche, avec, d\u00e8s 15h, le match entre Troyes et Strasbourg. Les Aubois, qui commencent bien leur saison, veulent confirmer en s\u2019imposant \u00e0 domicile, mais les Alsaciens, veulent poursuivre sur leur lanc\u00e9e de leur tr\u00e8s bon match contre Lens (victoire 2-1, apr\u00e8s avoir \u00e9t\u00e9 men\u00e9s 0-1). Troyes est priv\u00e9 de Titi et Boura, alors que Strasbourg jouera sans El Mourabet (suspendu), Godo, et toujours, Panichelli.\u00a0<\/p>\n<p>L&rsquo;OM surpris par le Paris FC<\/p>\n<p>Match d\u00e9s\u00e9quilibr\u00e9, \u00e0 17h15, entre Angers et Rennes. Avantage du terrain pour le SCO, mais la tache sera tr\u00e8s compliqu\u00e9e pour les joueurs de St\u00e9phane Gili. Ce sera sans Mouton et Belkebla. A Rennes, Samba fait son retour.<\/p>\n<p>La journ\u00e9e se terminera par le match entre l\u2019OM et le Paris FC. La situation se tend \u00e0 Marseille qui re\u00e7oit une \u00e9quipe de sa cat\u00e9gorie. C\u2019est contre ce type de formation, qui arrive lanc\u00e9e, apr\u00e8s sa nette victoire contre le Paris FC, que va se jouer la saison marseillaise. Des Olympiens priv\u00e9s de Kondogbia et Nnadi, mais qui enregistrent les retour de Paixa et B. Me\u00eft\u00e9. AU PFC, Rosenior est priv\u00e9 d\u2019Otavio, Ikon\u00e9, Sangui et . Mbemba.\u00a0<\/p>\n","protected":false},"excerpt":{"rendered":"Comme tous les samedis, retrouvez les derni\u00e8res infos, les enjeux et les pronostics pour la journ\u00e9e de Ligue&hellip;\n","protected":false},"author":2,"featured_media":1168582,"comment_status":"","ping_status":"","sticky":false,"template":"","format":"standard","meta":{"footnotes":"","_share_on_mastodon":"0"},"categories":[2821],"tags":[1111,11,829,1777,674,1011,27,12,584,25],"class_list":["post-1168581","post","type-post","status-publish","format-standard","has-post-thumbnail","category-rennes","tag-actu","tag-actualites","tag-bretagne","tag-eu","tag-europe","tag-fr","tag-france","tag-news","tag-rennes","tag-republique-francaise"],"share_on_mastodon":{"url":"https:\/\/pubeurope.com\/@fr\/117217570399335011","error":""},"_links":{"self":[{"href":"https:\/\/www.europesays.com\/fr\/wp-json\/wp\/v2\/posts\/1168581","targetHints":{"allow":["GET"]}}],"collection":[{"href":"https:\/\/www.europesays.com\/fr\/wp-json\/wp\/v2\/posts"}],"about":[{"href":"https:\/\/www.europesays.com\/fr\/wp-json\/wp\/v2\/types\/post"}],"author":[{"embeddable":true,"href":"https:\/\/www.europesays.com\/fr\/wp-json\/wp\/v2\/users\/2"}],"replies":[{"embeddable":true,"href":"https:\/\/www.europesays.com\/fr\/wp-json\/wp\/v2\/comments?post=1168581"}],"version-history":[{"count":0,"href":"https:\/\/www.europesays.com\/fr\/wp-json\/wp\/v2\/posts\/1168581\/revisions"}],"wp:featuredmedia":[{"embeddable":true,"href":"https:\/\/www.europesays.com\/fr\/wp-json\/wp\/v2\/media\/1168582"}],"wp:attachment":[{"href":"https:\/\/www.europesays.com\/fr\/wp-json\/wp\/v2\/media?parent=1168581"}],"wp:term":[{"taxonomy":"category","embeddable":true,"href":"https:\/\/www.europesays.com\/fr\/wp-json\/wp\/v2\/categories?post=1168581"},{"taxonomy":"post_tag","embeddable":true,"href":"https:\/\/www.europesays.com\/fr\/wp-json\/wp\/v2\/tags?post=1168581"}],"curies":[{"name":"wp","href":"https:\/\/api.w.org\/{rel}","templated":true}]}}