{"id":1168599,"date":"2026-09-05T09:03:18","date_gmt":"2026-09-05T09:03:18","guid":{"rendered":"https:\/\/www.europesays.com\/fr\/1168599\/"},"modified":"2026-09-05T09:03:18","modified_gmt":"2026-09-05T09:03:18","slug":"il-va-encore-nous-servir-un-bon-mois-pourquoi-le-duel-a-distance-entre-jean-luc-melenchon-et-gabriel-attal-arrange-les-deux-camps","status":"publish","type":"post","link":"https:\/\/www.europesays.com\/fr\/1168599\/","title":{"rendered":"\u00ab\u00a0Il va encore nous servir un bon mois\u00a0\u00bb : pourquoi le duel \u00e0 distance entre Jean-Luc M\u00e9lenchon et Gabriel Attal arrange les deux camps"},"content":{"rendered":"<p class=\"article-p mdl\">Ce sera le th\u00e9\u00e2tre politique du week-end. La\u00a0<a class=\"link\" href=\"https:\/\/www.rtl.fr\/actu\/debats-societe\/braderie-de-lille-on-va-esperer-une-petite-marge-200-300-euros-estime-un-exposant-7900538383\" title=\"Braderie de Lille : &quot;On va esp\u00e9rer une petite marge 200-300 euros&quot;, estime un exposant\" rel=\"nofollow noopener\" target=\"_blank\">grande braderie de Lille<\/a>, samedi 5 et dimanche 6 septembre, va voir d\u00e9filer les candidats \u00e0 la pr\u00e9sidentielle avec pour ce premier jour, un discours de\u00a0<a class=\"link\" href=\"https:\/\/www.rtl.fr\/actu\/politique\/une-erreur-terrible-comment-jean-luc-melenchon-a-change-de-position-sur-le-port-du-voile-7900668239\" title=\"&quot;Une erreur terrible&quot; : comment Jean-Luc M\u00e9lenchon a chang\u00e9 de position sur le port du voile\" rel=\"nofollow noopener\" target=\"_blank\">Jean-Luc M\u00e9lenchon<\/a>\u00a0et une d\u00e9ambulation de\u00a0<a class=\"link\" href=\"https:\/\/www.rtl.fr\/actu\/politique\/j-ai-une-professeure-de-chant-le-drole-d-entrainement-vocal-de-gabriel-attal-pour-gerer-son-stress-avant-une-prise-de-parole-7900668536\" title=\"&quot;J&#039;ai une professeure de chant...&quot; : le dr\u00f4le d&#039;entra\u00eenement vocal de Gabriel Attal pour g\u00e9rer son stress avant une prise de parole\" rel=\"nofollow noopener\" target=\"_blank\">Gabriel Attal<\/a>, entre les 5.000 stands des brocanteurs, bradeuses et commer\u00e7ants.\u00a0<\/p>\n<p class=\"article-p mdl\">Des bibelots donc, des moules-frites et une joute entre le chef de file des Insoumis et celui de Renaissance. Les deux candidats vont mettre en sc\u00e8ne leur opposition sur le m\u00eame terrain comme ils l&rsquo;ont d\u00e9j\u00e0 fait tout l&rsquo;\u00e9t\u00e9 par tweets interpos\u00e9s et au d\u00e9bat du Medef organis\u00e9 \u00e0 Roland-Garros. Des passes d&rsquo;armes calcul\u00e9es car elles servent leur image \u00e0 tous les deux.\u00a0<\/p>\n<p>            M\u00e9lenchon devant Philippe et Attal dans les sondages<\/p>\n<p class=\"article-p mdl\">C\u00f4t\u00e9 Insoumis, on l&rsquo;avoue : donner de la visibilit\u00e9 \u00e0 Gabriel Attal, c&rsquo;est tenter de faire baisser \u00c9douard Philippe dans les sondages. Un cadre Insoumis ose m\u00eame dire \u00e0 RTL \u00ab\u00a0Attal, il va encore nous servir un bon mois\u00a0\u00bb jusqu&rsquo;\u00e0 leurs meetings qui se r\u00e9pondront le m\u00eame week-end, mi-octobre.\u00a0<\/p>\n<p class=\"article-p mdl\">Jean-Luc M\u00e9lenchon talonne le candidat Horizons alors que Gabriel Attal est plus loin derri\u00e8re.\u00a0<a class=\"link\" href=\"https:\/\/www.rtl.fr\/actu\/politique\/sondage-rtl-presidentielle-2027-un-duel-le-pen-melenchon-la-candidate-rn-largement-en-tete-le-leader-insoumis-mieux-place-que-jamais-pour-le-second-tour-7900664150\" title=\"SONDAGE RTL - Pr\u00e9sidentielle 2027 : un duel Le Pen-M\u00e9lenchon ? La candidate RN largement en t\u00eate, le leader insoumis mieux plac\u00e9 que jamais pour le second tour\" rel=\"nofollow noopener\" target=\"_blank\">Selon\u00a0le dernier barom\u00e8tre Toluna Harris Interactive pour M6 et RTL<\/a>\u00a0du lundi 24 ao\u00fbt,\u00a0le candidat Insoumis poursuit sa dynamique et appara\u00eet en position pour se qualifier pour le second tour : avec 16%, il devancerait le leader d\u2019Horizons de 2 points (14%) et celui de Renaissance de 8 (8%).\u00a0<\/p>\n<p class=\"article-p mdl\">Pour Gabriel Attal, cet affrontement avec l&rsquo;Insoumis le cr\u00e9dibilise. Il se mesure \u00e0 un candidat susceptible d&rsquo;acc\u00e9der au second tour. Un de ses proches, presque flatt\u00e9, analyse : \u00ab\u00a0en nous prenant en frontal, M\u00e9lenchon \u00e9limine les autres candidats\u00a0\u00bb.\u00a0<\/p>\n<p class=\"article-p mdl\">L&rsquo;opposition, oui, mais sans se croiser : Gabriel Attal sera \u00e0 la braderie le matin, Jean-Luc M\u00e9lenchon l&rsquo;apr\u00e8s-midi ce samedi.\u00a0<\/p>\n<p>    La r\u00e9daction vous recommande<\/p>\n<p class=\"s-newsletter__title\">\n                L\u2019actualit\u00e9 par la r\u00e9daction de RTL dans votre bo\u00eete mail.\n            <\/p>\n<p class=\"s-newsletter__subtitle\">\n                Gr\u00e2ce \u00e0 votre compte RTL abonnez-vous \u00e0 la newsletter RTL info pour suivre toute l&rsquo;actualit\u00e9 au quotidien\n            <\/p>\n<p>\n                                    Lire la suite\n                                <\/p>\n<p class=\"article-google-preferred__title\">Ne laissez pas Google d\u00e9cider de vos sources.<\/p>\n<p>    <a href=\"https:\/\/www.google.com\/preferences\/source?q=https:\/\/www.rtl.fr\" target=\"_blank\" rel=\"noopener noreferrer nofollow\" class=\"article-google-preferred__btn at-class\" data-at-event=\"action\" data-at-category=\"actualite\" data-at-chapter1=\"pied_article\" data-at-chapter2=\"actu_politique\" data-at-click=\"favori_google\">Ajouter RTL comme source pr\u00e9f\u00e9r\u00e9e<\/a><\/p>\n","protected":false},"excerpt":{"rendered":"Ce sera le th\u00e9\u00e2tre politique du week-end. La\u00a0grande braderie de Lille, samedi 5 et dimanche 6 septembre, va&hellip;\n","protected":false},"author":2,"featured_media":1168600,"comment_status":"","ping_status":"","sticky":false,"template":"","format":"standard","meta":{"footnotes":"","_share_on_mastodon":"0"},"categories":[2815],"tags":[1111,11,18703,1777,674,107,1011,27,4410,811,3081,1307,12,316,26338,25],"class_list":["post-1168599","post","type-post","status-publish","format-standard","has-post-thumbnail","category-lille","tag-actu","tag-actualites","tag-braderie-de-lille","tag-eu","tag-europe","tag-fil-info","tag-fr","tag-france","tag-gabriel-attal","tag-hauts-de-france","tag-jean-luc-melenchon","tag-lille","tag-news","tag-politique","tag-presidentielle-2027","tag-republique-francaise"],"share_on_mastodon":{"url":"https:\/\/pubeurope.com\/@fr\/117217630894319223","error":""},"_links":{"self":[{"href":"https:\/\/www.europesays.com\/fr\/wp-json\/wp\/v2\/posts\/1168599","targetHints":{"allow":["GET"]}}],"collection":[{"href":"https:\/\/www.europesays.com\/fr\/wp-json\/wp\/v2\/posts"}],"about":[{"href":"https:\/\/www.europesays.com\/fr\/wp-json\/wp\/v2\/types\/post"}],"author":[{"embeddable":true,"href":"https:\/\/www.europesays.com\/fr\/wp-json\/wp\/v2\/users\/2"}],"replies":[{"embeddable":true,"href":"https:\/\/www.europesays.com\/fr\/wp-json\/wp\/v2\/comments?post=1168599"}],"version-history":[{"count":0,"href":"https:\/\/www.europesays.com\/fr\/wp-json\/wp\/v2\/posts\/1168599\/revisions"}],"wp:featuredmedia":[{"embeddable":true,"href":"https:\/\/www.europesays.com\/fr\/wp-json\/wp\/v2\/media\/1168600"}],"wp:attachment":[{"href":"https:\/\/www.europesays.com\/fr\/wp-json\/wp\/v2\/media?parent=1168599"}],"wp:term":[{"taxonomy":"category","embeddable":true,"href":"https:\/\/www.europesays.com\/fr\/wp-json\/wp\/v2\/categories?post=1168599"},{"taxonomy":"post_tag","embeddable":true,"href":"https:\/\/www.europesays.com\/fr\/wp-json\/wp\/v2\/tags?post=1168599"}],"curies":[{"name":"wp","href":"https:\/\/api.w.org\/{rel}","templated":true}]}}