{"id":1168601,"date":"2026-09-05T09:05:19","date_gmt":"2026-09-05T09:05:19","guid":{"rendered":"https:\/\/www.europesays.com\/fr\/1168601\/"},"modified":"2026-09-05T09:05:19","modified_gmt":"2026-09-05T09:05:19","slug":"immobilier-ces-arrondissements-de-marseille-sont-ceux-ou-les-prix-augmentent-le-plus","status":"publish","type":"post","link":"https:\/\/www.europesays.com\/fr\/1168601\/","title":{"rendered":"Immobilier : ces arrondissements de Marseille sont ceux o\u00f9 les prix augmentent le plus"},"content":{"rendered":"<p>                    Par<br \/>\n        <strong><br \/>\n            <a href=\"https:\/\/actu.fr\/auteur\/fabien-binacchi\" title=\"Consulter tous les articles de Fabien Binacchi\" rel=\"nofollow noopener\" target=\"_blank\">Fabien Binacchi<\/a><br \/>\n                    <\/strong><\/p>\n<p>        Publi\u00e9 le<\/p>\n<p>            5 sept. 2026 \u00e0 9h51        <\/p>\n<p>Pas de bond spectaculaire, ni dans un sens, ni dans l\u2019autre. Sur les douze derniers mois, le prix moyen de <a href=\"https:\/\/actu.fr\/provence-alpes-cote-d-azur\/marseille_13055\/immobilier-avec-250-000-euros-de-budget-voici-ce-que-vous-pouvez-acheter-a-marseille-et-a-aix-en-provence_64285744.html\" rel=\"nofollow noopener\" target=\"_blank\">l\u2019immobilier<\/a> <a href=\"https:\/\/actu.fr\/marseille\/\" rel=\"nofollow noopener\" target=\"_blank\">marseillais<\/a> est rest\u00e9 atone. Si les chiffres de Seloger donnent -1% entre septembre 2025 et septembre 2026, ceux de Pap.fr voit l\u2019inverse\u2009: +1%. \u00ab\u2009Nous sommes sur une relative stabilit\u00e9 dans la deuxi\u00e8me ville de France\u2009\u00bb, tranche Roman Rainfray, charg\u00e9 d\u2019\u00e9tudes pour le site de petites annonces de \u00ab\u2009particulier \u00e0 particulier\u2009\u00bb. Avec <strong>un m\u00e8tre carr\u00e9 \u00e0 3.346 euros \u00e0 l\u2019\u00e9chelle de toute la cit\u00e9 phoc\u00e9enne.<\/strong> En zoomant, les chiffres ont par contre \u00e9volu\u00e9 plus franchement dans certains arrondissements. Trois, dont un plus particuli\u00e8rement, enregistrent des hausses marqu\u00e9es.<\/p>\n<p>La hausse se poursuit dans le 7e, mais ralentit<\/p>\n<p class=\" wall-content\">Quels sont les arrondissements de Marseille les plus dynamiques sur le terrain de l\u2019immobilier\u2009? En un an, le 7e, le 11e et surtout le 14e enregistrent les plus fortes augmentations. Le 7e, qui compte <strong>sept quartiers des plus recherch\u00e9s de la ville<\/strong> (Bompard, Endoume, Les Iles, Le Pharo, Le Roucas Blanc, Saint-Lambert et Saint-Victor) continue de flamber m\u00eame si la hausse ralentit. Elle est de 4,5% sur les douze derniers mois et de 20,6% en cinq ans, selon les chiffres communiqu\u00e9s par Pap.fr<\/p>\n<p class=\" wall-content\">Cet arrondissement conforte sa place d\u2019arrondissement le plus cher de Marseille. Le prix moyen du m\u00e8tre carr\u00e9 s\u2019\u00e9tablit d\u00e9sormais \u00e0 <strong>5.212 euros.<\/strong> \u00ab\u2009C\u2019est le plus pris\u00e9, une valeur s\u00fbre pour les investisseurs, analyse Roman Rainfray aupr\u00e8s de notre r\u00e9daction. C\u2019est l\u2019image de Marseille avec les villas vue sur la mer qui attire tous ceux qui peuvent se le permettre.\u2009\u00bb<\/p>\n<p>Dans le 14e, \u00ab\u2009on part de tr\u00e8s bas\u2009\u00bb<\/p>\n<p class=\" wall-content\">Le 11e (+5,4% en un an et + 8% sur cinq ans) et surtout le 14e arrondissement ont encore plus d\u2019allant. Quand le premier \u00ab\u2009s\u00e9duit par ses maisons avec jardin et son cadre plus rural\u2009\u00bb, le second, bien moins favoris\u00e9, affiche \u00ab\u2009une croissance astronomique car on part de tr\u00e8s bas\u2009\u00bb, poursuit le sp\u00e9cialiste. Les prix dans ses quartiers (Les Arnavaux, Bon-Secours, Le Canet, Le Merlan, Saint-Barth\u00e9l\u00e9my, Saint-Joseph et Sainte-Marthe) sont <strong>parmi les plus bas du march\u00e9 marseillais\u2009: 1.726 euros du m\u00e8tre carr\u00e9.<\/strong><\/p>\n<blockquote class=\"ac-article-quote wall-content\">\n<p>Sa proximit\u00e9 avec le technop\u00f4le de Ch\u00e2teau-Gombert et ses \u00e9coles d&rsquo;ing\u00e9nieurs, ainsi que des prix encore tr\u00e8s inf\u00e9rieurs \u00e0 la moyenne marseillaise, en font une porte d&rsquo;entr\u00e9e int\u00e9ressante sur le march\u00e9 marseillais.<\/p>\n<p>    <strong>Romain Rainfray<\/strong><br \/>\n        Sur Pap.fr    <\/p><\/blockquote>\n<p class=\" wall-content\">Et l\u2019augmentation est soutenue, stable juste en dessous des 8% annuellement. Toujours selon les donn\u00e9es communiqu\u00e9es par Pap.fr, on enregistre + 7,8% en un an, 7,6% sur deux ans et 7,7% sur les cinq derni\u00e8res ann\u00e9es. \u00ab\u2009<strong>Les prix montent pour rattraper ceux des autres arrondissements<\/strong> d\u2019une m\u00e9tropole qui reste encore relativement accessible\u2009\u00bb.<\/p>\n<p class=\" wall-content\"><strong>Les chiffres dans les autres arrondissements<\/strong><br \/>(\u00e9volution septembre\u00a02026 vs. septembre\u00a02025 Pap.fr)<\/p>\n<ul class=\" wall-content\">\n<li>1er\u2009: 3.206 euros\/m\u00b2 -0,2\u2009%<\/li>\n<li>2e\u2009: 3.312 euros\/m\u00b2 -0,3\u2009%<\/li>\n<li>3e\u2009: 1.816 euros\/m\u00b2 +0,8\u2009%<\/li>\n<li>4e\u2009: 2.931 euros\/m\u00b2 +0,8\u2009%<\/li>\n<li>5e\u2009: 3.493 euros\/m\u00b2 \u22120,4\u2009%<\/li>\n<li>6e\u2009: 3.902 euros\/m\u00b2 +2,1\u2009%<\/li>\n<li>8e\u2009: 4.390 euros\/m\u00b2 \u22120,6\u2009%<\/li>\n<li>9e\u2009: 3.308 euros\/m\u00b2 +2,7\u2009%<\/li>\n<li>10e\u2009: 2.771 euros\/m\u00b2 +1,9\u2009%<\/li>\n<li>12e\u2009: 3.678 euros\/m\u00b2 +1,4\u2009%<\/li>\n<li>13e\u2009: 2.972 euros\/m\u00b2 +0,9\u2009%<\/li>\n<li>15e\u2009: 1.637 euros\/m\u00b2 +1,5\u2009%<\/li>\n<li>16e\u2009: 3.223 euros\/m\u00b2 +0,3\u2009%<\/li>\n<\/ul>\n<p>Le bon moment pour acheter\u2009?<\/p>\n<p class=\" wall-content\">A priori, une baisse des prix \u00e0 Marseille n\u2019est pas \u00e0 esp\u00e9rer. La ville a le vent en poupe et la demande reste forte. Selon Roman Rainfray, il est toujours temps d\u2019acheter. \u00ab\u2009<strong>Les taux restent \u00e0 peu pr\u00e8s acceptables, \u00e0 3,50% sur 20 ans,<\/strong> mais \u00e7a risque d\u2019augmenter avec les prochaines annonces de la BCE (Banque centrale europ\u00e9enne).\u2009\u00bb<\/p>\n<p class=\" wall-content\">\u00ab\u2009Si on a d\u00e9j\u00e0 un coup de c\u0153ur, une id\u00e9e claire de ce qu\u2019on veut, qu\u2019on a d\u00e9j\u00e0 identifi\u00e9 un bien, c\u2019est vraiment le moment, <strong>il ne faut pas h\u00e9siter<\/strong>\u2009\u00bb, appuie l\u2019expert.<\/p>\n<p class=\" wall-content\">Personnalisez votre actualit\u00e9 en ajoutant vos villes et m\u00e9dias en favori avec <a href=\"https:\/\/moncompte.actu.fr\" title=\"D\u00e9couvez Mon Actu\" rel=\"nofollow noopener\" data-trk=\"{&quot;cta&quot;:{&quot;action&quot;:&quot;https:\\\/\\\/moncompte.actu.fr&quot;,&quot;category&quot;:&quot;mon compte&quot;,&quot;from&quot;:&quot;article footer&quot;,&quot;name&quot;:&quot;Mon actu&quot;,&quot;type&quot;:&quot;cta&quot;}}\" target=\"_blank\">Mon Actu<\/a>.<\/p>\n","protected":false},"excerpt":{"rendered":"Par Fabien Binacchi Publi\u00e9 le 5 sept. 2026 \u00e0 9h51 Pas de bond spectaculaire, ni dans un sens,&hellip;\n","protected":false},"author":2,"featured_media":1168602,"comment_status":"","ping_status":"","sticky":false,"template":"","format":"standard","meta":{"footnotes":"","_share_on_mastodon":"0"},"categories":[2814],"tags":[1111,11,1777,674,1011,27,1116,1908,884,12,882,25,104],"class_list":["post-1168601","post","type-post","status-publish","format-standard","has-post-thumbnail","category-marseille","tag-actu","tag-actualites","tag-eu","tag-europe","tag-fr","tag-france","tag-immobilier","tag-logement","tag-marseille","tag-news","tag-provence-alpes-cote-dazur","tag-republique-francaise","tag-societe"],"share_on_mastodon":{"url":"https:\/\/pubeurope.com\/@fr\/117217638965019402","error":""},"_links":{"self":[{"href":"https:\/\/www.europesays.com\/fr\/wp-json\/wp\/v2\/posts\/1168601","targetHints":{"allow":["GET"]}}],"collection":[{"href":"https:\/\/www.europesays.com\/fr\/wp-json\/wp\/v2\/posts"}],"about":[{"href":"https:\/\/www.europesays.com\/fr\/wp-json\/wp\/v2\/types\/post"}],"author":[{"embeddable":true,"href":"https:\/\/www.europesays.com\/fr\/wp-json\/wp\/v2\/users\/2"}],"replies":[{"embeddable":true,"href":"https:\/\/www.europesays.com\/fr\/wp-json\/wp\/v2\/comments?post=1168601"}],"version-history":[{"count":0,"href":"https:\/\/www.europesays.com\/fr\/wp-json\/wp\/v2\/posts\/1168601\/revisions"}],"wp:featuredmedia":[{"embeddable":true,"href":"https:\/\/www.europesays.com\/fr\/wp-json\/wp\/v2\/media\/1168602"}],"wp:attachment":[{"href":"https:\/\/www.europesays.com\/fr\/wp-json\/wp\/v2\/media?parent=1168601"}],"wp:term":[{"taxonomy":"category","embeddable":true,"href":"https:\/\/www.europesays.com\/fr\/wp-json\/wp\/v2\/categories?post=1168601"},{"taxonomy":"post_tag","embeddable":true,"href":"https:\/\/www.europesays.com\/fr\/wp-json\/wp\/v2\/tags?post=1168601"}],"curies":[{"name":"wp","href":"https:\/\/api.w.org\/{rel}","templated":true}]}}