{"id":1168603,"date":"2026-09-05T09:06:12","date_gmt":"2026-09-05T09:06:12","guid":{"rendered":"https:\/\/www.europesays.com\/fr\/1168603\/"},"modified":"2026-09-05T09:06:12","modified_gmt":"2026-09-05T09:06:12","slug":"marseille-un-tournoi-de-futsal-inedit-pour-les-sportifs-de-petite-taille-en-route-vers-le-mondial","status":"publish","type":"post","link":"https:\/\/www.europesays.com\/fr\/1168603\/","title":{"rendered":"Marseille : un tournoi de futsal in\u00e9dit pour les sportifs de petite taille en route vers le Mondial"},"content":{"rendered":"<p>Le gymnase Charpentier de Marseille accueille ce samedi 5 septembre un \u00e9v\u00e9nement sportif hors du commun : le tournoi de futsal inclusif de \u00ab La Petite Ligue France \u00bb. Ayena, fondateur du Collectif France, \u00e9tait l\u2019invit\u00e9 de Maritima Radio pour pr\u00e9senter cette comp\u00e9tition qui sert de tremplin vers la premi\u00e8re Coupe du Monde de la cat\u00e9gorie.<\/p>\n<p class=\"ng-star-inserted\">Le sport comme vecteur d&rsquo;unit\u00e9 et de visibilit\u00e9. C\u2019est le message port\u00e9 par\u00a0<strong class=\"ng-star-inserted\">Ayena<\/strong>, fondateur et manager du Collectif France de futsal pour les personnes de petite taille. Sur Maritima, il a d\u00e9taill\u00e9 les enjeux de ce tournoi qui r\u00e9unira quatre \u00e9quipes (Marseille, Lyon, et deux s\u00e9lections nationales) de 13h \u00e0 20h.<\/p>\n<p class=\"ng-star-inserted\">\u00a0<\/p>\n<p>Objectif : la Coupe du Monde au Maroc<\/p>\n<p class=\"ng-star-inserted\">Plus qu&rsquo;une simple comp\u00e9tition locale, ce rendez-vous marseillais est une \u00e9tape cl\u00e9 dans la pr\u00e9paration d&rsquo;un d\u00e9fi historique.\u00a0\u00ab L\u2019\u00e9quipe de futsal fran\u00e7aise pr\u00e9pare sa toute premi\u00e8re participation \u00e0 une Coupe du Monde pour les personnes de petite taille, qui aura lieu au Maroc en novembre 2026 \u00bb, a confi\u00e9 Ayena.<\/p>\n<p class=\"ng-star-inserted\">Depuis sa cr\u00e9ation en 2022, le collectif ne cesse de grandir : \u00ab Au fur et \u00e0 mesure des ann\u00e9es, le projet s\u2019est am\u00e9lior\u00e9. Nous avons commenc\u00e9 avec 5 joueurs, aujourd&rsquo;hui nous sommes 20 dans le collectif et nous esp\u00e9rons monter jusqu\u2019\u00e0 40. \u00bb<\/p>\n<p class=\"ng-star-inserted\">\u00a0<\/p>\n<p>Un tournoi \u00ab test \u00bb pour une future ligue inclusive<\/p>\n<p class=\"ng-star-inserted\">Si le tournoi de ce samedi met \u00e0 l&rsquo;honneur les sportifs de petite taille, l&rsquo;ambition d&rsquo;Ayena d\u00e9passe ce cadre. Son r\u00f4le actuel, ax\u00e9 sur le management et la recherche de partenariats, vise \u00e0 structurer durablement cette pratique.<\/p>\n<p class=\"ng-star-inserted\">\u00ab Ce tournoi est l\u2019initiative de la naissance d\u2019une ligue de futsal inclusive pour les personnes en situation de handicap. C\u2019est un peu une initiation, un test, pour ensuite inviter plus d\u2019\u00e9quipes sur les prochains \u00e9v\u00e9nements \u00bb, explique-t-il. Pour l&rsquo;heure, aucun club sp\u00e9cifique n&rsquo;est encore structur\u00e9 dans la r\u00e9gion, mais Ayena esp\u00e8re que la vitrine marseillaise cr\u00e9era des vocations.<\/p>\n<p class=\"ng-star-inserted\">\u00a0<\/p>\n<p>Une personnalit\u00e9 surprise attendue au Gymnase Charpentier<\/p>\n<p class=\"ng-star-inserted\">Ouvert \u00e0 tous et gratuit, l&rsquo;\u00e9v\u00e9nement se veut avant tout convivial. En plus des matchs qui d\u00e9buteront \u00e0 14h, une buvette sera tenue au profit de l&rsquo;association.<\/p>\n<p class=\"ng-star-inserted\">Et pour ceux qui h\u00e9siteraient encore \u00e0 venir encourager les joueurs, Ayena a laiss\u00e9 planer le myst\u00e8re :\u00a0\u00ab N&rsquo;h\u00e9sitez pas \u00e0 venir encourager les \u00e9quipes, nous aurons peut-\u00eatre la surprise d&rsquo;une personnalit\u00e9 qui viendra nous voir&#8230; \u00bb<\/p>\n<p class=\"ng-star-inserted\">\u00a0<\/p>\n<p class=\"ng-star-inserted\"><strong class=\"ng-star-inserted\">Informations pratiques :<\/strong><\/p>\n<ul class=\"ng-star-inserted\">\n<li class=\"ng-star-inserted\">\n<p class=\"ng-star-inserted\"><strong class=\"ng-star-inserted\">Quoi :<\/strong> tournoi de Futsal Inclusif (La Petite Ligue France)<\/p>\n<\/li>\n<li class=\"ng-star-inserted\">\n<p class=\"ng-star-inserted\"><strong class=\"ng-star-inserted\">O\u00f9 :<\/strong> gymnase Charpentier, Marseille<\/p>\n<\/li>\n<li class=\"ng-star-inserted\">\n<p class=\"ng-star-inserted\"><strong class=\"ng-star-inserted\">Quand :<\/strong> samedi 5 septembre, de 13h \u00e0 20h (D\u00e9but des matchs \u00e0 14h)<\/p>\n<\/li>\n<li class=\"ng-star-inserted\">\n<p class=\"ng-star-inserted\"><strong class=\"ng-star-inserted\">Tarif :<\/strong> entr\u00e9e gratuite<\/p>\n<\/li>\n<\/ul>\n","protected":false},"excerpt":{"rendered":"Le gymnase Charpentier de Marseille accueille ce samedi 5 septembre un \u00e9v\u00e9nement sportif hors du commun : le&hellip;\n","protected":false},"author":2,"featured_media":1168604,"comment_status":"","ping_status":"","sticky":false,"template":"","format":"standard","meta":{"footnotes":"","_share_on_mastodon":"0"},"categories":[2814],"tags":[1111,11,1777,674,1011,27,24912,15498,884,12,882,25],"class_list":["post-1168603","post","type-post","status-publish","format-standard","has-post-thumbnail","category-marseille","tag-actu","tag-actualites","tag-eu","tag-europe","tag-fr","tag-france","tag-futsal","tag-inclusion","tag-marseille","tag-news","tag-provence-alpes-cote-dazur","tag-republique-francaise"],"share_on_mastodon":{"url":"https:\/\/pubeurope.com\/@fr\/117217643020931404","error":""},"_links":{"self":[{"href":"https:\/\/www.europesays.com\/fr\/wp-json\/wp\/v2\/posts\/1168603","targetHints":{"allow":["GET"]}}],"collection":[{"href":"https:\/\/www.europesays.com\/fr\/wp-json\/wp\/v2\/posts"}],"about":[{"href":"https:\/\/www.europesays.com\/fr\/wp-json\/wp\/v2\/types\/post"}],"author":[{"embeddable":true,"href":"https:\/\/www.europesays.com\/fr\/wp-json\/wp\/v2\/users\/2"}],"replies":[{"embeddable":true,"href":"https:\/\/www.europesays.com\/fr\/wp-json\/wp\/v2\/comments?post=1168603"}],"version-history":[{"count":0,"href":"https:\/\/www.europesays.com\/fr\/wp-json\/wp\/v2\/posts\/1168603\/revisions"}],"wp:featuredmedia":[{"embeddable":true,"href":"https:\/\/www.europesays.com\/fr\/wp-json\/wp\/v2\/media\/1168604"}],"wp:attachment":[{"href":"https:\/\/www.europesays.com\/fr\/wp-json\/wp\/v2\/media?parent=1168603"}],"wp:term":[{"taxonomy":"category","embeddable":true,"href":"https:\/\/www.europesays.com\/fr\/wp-json\/wp\/v2\/categories?post=1168603"},{"taxonomy":"post_tag","embeddable":true,"href":"https:\/\/www.europesays.com\/fr\/wp-json\/wp\/v2\/tags?post=1168603"}],"curies":[{"name":"wp","href":"https:\/\/api.w.org\/{rel}","templated":true}]}}