{"id":1168607,"date":"2026-09-05T09:08:16","date_gmt":"2026-09-05T09:08:16","guid":{"rendered":"https:\/\/www.europesays.com\/fr\/1168607\/"},"modified":"2026-09-05T09:08:16","modified_gmt":"2026-09-05T09:08:16","slug":"seul-dans-sa-voiture-il-recoit-plusieurs-balles-et-meurt-un-automobiliste-tue-froidement-pres-de-lyon","status":"publish","type":"post","link":"https:\/\/www.europesays.com\/fr\/1168607\/","title":{"rendered":"Seul dans sa voiture, il re\u00e7oit plusieurs balles et meurt : un automobiliste tu\u00e9 froidement pr\u00e8s de Lyon"},"content":{"rendered":"<p>                    Par<br \/>\n        <strong><br \/>\n            <a href=\"https:\/\/actu.fr\/auteur\/nicolas-zaugra\" title=\"Consulter tous les articles de Nicolas Zaugra\" rel=\"nofollow noopener\" target=\"_blank\">Nicolas Zaugra<\/a><br \/>\n                    <\/strong><\/p>\n<p>        Publi\u00e9 le<\/p>\n<p>            5 sept. 2026 \u00e0 10h48        <\/p>\n<p>Nouveau r\u00e8glement de comptes potentiel dans l\u2019agglom\u00e9ration lyonnaise. Un homme a \u00e9t\u00e9 tu\u00e9 par balles vendredi vers 23h alors qu\u2019il se trouvait seul dans sa voiture \u00e0 Vaulx-en-Velin dans la m\u00e9tropole de <a href=\"https:\/\/actu.fr\/auvergne-rhone-alpes\/lyon_69123\" rel=\"nofollow noopener\" target=\"_blank\">Lyon<\/a>, a appris actu Lyon de source polici\u00e8re samedi matin.<\/p>\n<p class=\" wall-content\">Le drame s\u2019est produit au niveau du 154 avenue Gabriel P\u00e9ri non loin du Supermarch\u00e9 aux puces et du secteur du canal de Jonage.<\/p>\n<p>D\u00e9c\u00e9d\u00e9 sur place<\/p>\n<p class=\" wall-content\">Plusieurs tirs d\u2019arme \u00e0 feu provenant d\u2019un v\u00e9hicule ont cibl\u00e9 une autre voiture stationn\u00e9e. A l\u2019int\u00e9rieur, un homme seul est touch\u00e9 par balles au niveau du thorax. La victime, selon nos informations, est d\u00e9c\u00e9d\u00e9e sur place malgr\u00e9 l\u2019intervention des pompiers et du SAMU.\u00a0<\/p>\n<p class=\" wall-content\">Des \u00e9tuis ont \u00e9t\u00e9 retrouv\u00e9s sur les lieux et saisis. La Sous-direction de la lutte contre la criminalit\u00e9 organis\u00e9e et la d\u00e9linquance sp\u00e9cialis\u00e9e (DCOS) est en charge de l\u2019enqu\u00eate. Le ou les suspects sont en fuite et recherch\u00e9s.<\/p>\n<p class=\" wall-content\">La mort de cet homme s\u2019ajoute \u00e0 d\u2019autres victimes dans un contexte s\u00e9curitaire tendu dans la m\u00e9tropole de Lyon. Fin ao\u00fbt, <a href=\"https:\/\/actu.fr\/auvergne-rhone-alpes\/decines-charpieu_69275\/un-mort-et-un-blesse-par-des-tirs-pres-de-lyon-ce-vendredi-soir-au-moins-deux-tireurs-en-fuite-des-renforts-deployes_64721935.html\" rel=\"nofollow noopener\" target=\"_blank\">un homme a \u00e9t\u00e9 tu\u00e9 d\u2019une balle dans la t\u00eate \u00e0 D\u00e9cines-Charpieu<\/a> et cette semaine un homme a \u00e9t\u00e9 <a href=\"https:\/\/actu.fr\/auvergne-rhone-alpes\/lyon_69123\/c-est-un-quartier-de-zombies-on-en-sait-plus-sur-l-homme-qui-a-ete-tue-de-coups-de-couteau-a-la-gorge-a-lyon_64739149.html\" rel=\"nofollow noopener\" target=\"_blank\">tu\u00e9 par arme blanche dans le quartier de Gerland \u00e0 Lyon<\/a> en lien avec la consommation de stup\u00e9fiants.\u00a0<\/p>\n<p class=\" wall-content\">Personnalisez votre actualit\u00e9 en ajoutant vos villes et m\u00e9dias en favori avec <a href=\"https:\/\/moncompte.actu.fr\" title=\"D\u00e9couvez Mon Actu\" rel=\"nofollow noopener\" data-trk=\"{&quot;cta&quot;:{&quot;action&quot;:&quot;https:\\\/\\\/moncompte.actu.fr&quot;,&quot;category&quot;:&quot;mon compte&quot;,&quot;from&quot;:&quot;article footer&quot;,&quot;name&quot;:&quot;Mon actu&quot;,&quot;type&quot;:&quot;cta&quot;}}\" target=\"_blank\">Mon Actu<\/a>.<\/p>\n","protected":false},"excerpt":{"rendered":"Par Nicolas Zaugra Publi\u00e9 le 5 sept. 2026 \u00e0 10h48 Nouveau r\u00e8glement de comptes potentiel dans l\u2019agglom\u00e9ration lyonnaise.&hellip;\n","protected":false},"author":2,"featured_media":1168608,"comment_status":"","ping_status":"","sticky":false,"template":"","format":"standard","meta":{"footnotes":"","_share_on_mastodon":"0"},"categories":[1889],"tags":[1111,11,2430,1777,674,118,1011,27,303,2428,777,12,1072,25],"class_list":["post-1168607","post","type-post","status-publish","format-standard","has-post-thumbnail","category-lyon","tag-actu","tag-actualites","tag-auvergne-rhone-alpes","tag-eu","tag-europe","tag-faits-divers","tag-fr","tag-france","tag-justice","tag-lyon","tag-meurtre","tag-news","tag-police","tag-republique-francaise"],"share_on_mastodon":{"url":"https:\/\/pubeurope.com\/@fr\/117217650441784642","error":""},"_links":{"self":[{"href":"https:\/\/www.europesays.com\/fr\/wp-json\/wp\/v2\/posts\/1168607","targetHints":{"allow":["GET"]}}],"collection":[{"href":"https:\/\/www.europesays.com\/fr\/wp-json\/wp\/v2\/posts"}],"about":[{"href":"https:\/\/www.europesays.com\/fr\/wp-json\/wp\/v2\/types\/post"}],"author":[{"embeddable":true,"href":"https:\/\/www.europesays.com\/fr\/wp-json\/wp\/v2\/users\/2"}],"replies":[{"embeddable":true,"href":"https:\/\/www.europesays.com\/fr\/wp-json\/wp\/v2\/comments?post=1168607"}],"version-history":[{"count":0,"href":"https:\/\/www.europesays.com\/fr\/wp-json\/wp\/v2\/posts\/1168607\/revisions"}],"wp:featuredmedia":[{"embeddable":true,"href":"https:\/\/www.europesays.com\/fr\/wp-json\/wp\/v2\/media\/1168608"}],"wp:attachment":[{"href":"https:\/\/www.europesays.com\/fr\/wp-json\/wp\/v2\/media?parent=1168607"}],"wp:term":[{"taxonomy":"category","embeddable":true,"href":"https:\/\/www.europesays.com\/fr\/wp-json\/wp\/v2\/categories?post=1168607"},{"taxonomy":"post_tag","embeddable":true,"href":"https:\/\/www.europesays.com\/fr\/wp-json\/wp\/v2\/tags?post=1168607"}],"curies":[{"name":"wp","href":"https:\/\/api.w.org\/{rel}","templated":true}]}}