{"id":1168609,"date":"2026-09-05T09:10:14","date_gmt":"2026-09-05T09:10:14","guid":{"rendered":"https:\/\/www.europesays.com\/fr\/1168609\/"},"modified":"2026-09-05T09:10:14","modified_gmt":"2026-09-05T09:10:14","slug":"scandale-du-periscolaire-a-paris-cest-une-tragedie-affirme-valerie-pecresse-presidente-lr-de-la-region-ile-de-france-actualites-2","status":"publish","type":"post","link":"https:\/\/www.europesays.com\/fr\/1168609\/","title":{"rendered":"Scandale du p\u00e9riscolaire \u00e0 Paris: \u00ab\u00a0C&rsquo;est une trag\u00e9die\u00a0\u00bb, affirme Val\u00e9rie P\u00e9cresse, pr\u00e9sidente LR de la r\u00e9gion \u00cele-de-France : Actualit\u00e9s"},"content":{"rendered":"<p class=\"a__paragraph text-gray3 \" id=\"atm-video-summary-text\">\n                    Val\u00e9rie P\u00e9cresse, pr\u00e9sidente LR de la r\u00e9gion \u00cele-de-France, est l&rsquo;invit\u00e9e de BFMTV ce vendredi 4 septembre.\n            <\/p>\n<p class=\"small mb-0 py-0\">Vid\u00e9o suivante dans 5 secondes<\/p>\n<p>                     Partager<\/p>\n<p>                    fermer<\/p>\n<p>      Signaler une vid\u00e9o illicite<\/p>\n<p class=\"a__paragraph \" id=\"atm-2f1ad5224e8040bfb254054903fab357\">\n                    Vous allez \u00eatre redirig\u00e9 vers la plateforme Dailymotion sur laquelle le contenu est h\u00e9berg\u00e9 afin de pouvoir le signaler\n            <\/p>\n<p>                    Signaler<\/p>\n<p>                        Fermeture des commentaires<\/p>\n<p>Ch\u00e8res lectrices, chers lecteurs,<\/p>\n<p>\n        Vos avis sont pr\u00e9cieux pour faire vivre l&rsquo;actualit\u00e9 sur Orange.fr.<br \/>\n        Nous tenions cependant \u00e0 vous informer que l&rsquo;espace \u00ab commentaires \u00bb<br \/>\n        de nos articles sera suspendu \u00e0 partir du 29 septembre 2026.<br \/>\n        La lecture et la publication de messages ne seront plus possibles.<br \/>\n        Mais rassurez-vous, nos \u00e9quipes sont mobilis\u00e9es pour tenter de r\u00e9tablir cette fonctionnalit\u00e9.\n    <\/p>\n<p>\n        Bien entendu, vous pourrez continuer \u00e0 profiter de l&rsquo;ensemble de vos articles habituels.\n    <\/p>\n<p>\n        Nous vous remercions chaleureusement pour votre fid\u00e9lit\u00e9 et votre compr\u00e9hension.\n    <\/p>\n<p class=\"mb-0\">L\u2019\u00e9quipe \u00e9ditoriale Orange<\/p>\n","protected":false},"excerpt":{"rendered":"Val\u00e9rie P\u00e9cresse, pr\u00e9sidente LR de la r\u00e9gion \u00cele-de-France, est l&rsquo;invit\u00e9e de BFMTV ce vendredi 4 septembre. Vid\u00e9o suivante&hellip;\n","protected":false},"author":2,"featured_media":1168028,"comment_status":"","ping_status":"","sticky":false,"template":"","format":"standard","meta":{"footnotes":"","_share_on_mastodon":"0"},"categories":[1592],"tags":[1111,11,1777,674,1011,27,662,12,626,25],"class_list":["post-1168609","post","type-post","status-publish","format-standard","has-post-thumbnail","category-ile-de-france","tag-actu","tag-actualites","tag-eu","tag-europe","tag-fr","tag-france","tag-ile-de-france","tag-news","tag-paris","tag-republique-francaise"],"share_on_mastodon":{"url":"https:\/\/pubeurope.com\/@fr\/117217658426287913","error":""},"_links":{"self":[{"href":"https:\/\/www.europesays.com\/fr\/wp-json\/wp\/v2\/posts\/1168609","targetHints":{"allow":["GET"]}}],"collection":[{"href":"https:\/\/www.europesays.com\/fr\/wp-json\/wp\/v2\/posts"}],"about":[{"href":"https:\/\/www.europesays.com\/fr\/wp-json\/wp\/v2\/types\/post"}],"author":[{"embeddable":true,"href":"https:\/\/www.europesays.com\/fr\/wp-json\/wp\/v2\/users\/2"}],"replies":[{"embeddable":true,"href":"https:\/\/www.europesays.com\/fr\/wp-json\/wp\/v2\/comments?post=1168609"}],"version-history":[{"count":0,"href":"https:\/\/www.europesays.com\/fr\/wp-json\/wp\/v2\/posts\/1168609\/revisions"}],"wp:featuredmedia":[{"embeddable":true,"href":"https:\/\/www.europesays.com\/fr\/wp-json\/wp\/v2\/media\/1168028"}],"wp:attachment":[{"href":"https:\/\/www.europesays.com\/fr\/wp-json\/wp\/v2\/media?parent=1168609"}],"wp:term":[{"taxonomy":"category","embeddable":true,"href":"https:\/\/www.europesays.com\/fr\/wp-json\/wp\/v2\/categories?post=1168609"},{"taxonomy":"post_tag","embeddable":true,"href":"https:\/\/www.europesays.com\/fr\/wp-json\/wp\/v2\/tags?post=1168609"}],"curies":[{"name":"wp","href":"https:\/\/api.w.org\/{rel}","templated":true}]}}