{"id":1168610,"date":"2026-09-05T09:11:19","date_gmt":"2026-09-05T09:11:19","guid":{"rendered":"https:\/\/www.europesays.com\/fr\/1168610\/"},"modified":"2026-09-05T09:11:19","modified_gmt":"2026-09-05T09:11:19","slug":"jai-vu-mon-teton-trop-souvent-ces-derniers-temps-carlos-alcaraz-change-de-tenue-et-se-justifie","status":"publish","type":"post","link":"https:\/\/www.europesays.com\/fr\/1168610\/","title":{"rendered":"\u00ab J&rsquo;ai vu mon t\u00e9ton trop souvent ces derniers temps \u00bb : Carlos Alcaraz change de tenue et se justifie"},"content":{"rendered":"<p>                        <a class=\"author\" href=\"https:\/\/www.parismatch.com\/auteurs\/la-redaction\" rel=\"nofollow noopener\" target=\"_blank\">La R\u00e9daction<\/a><br \/>\n        05\/09\/2026 \u00e0 08:28, Mis \u00e0 jour le 05\/09\/2026 \u00e0 08:29<\/p>\n<p class=\"intro\">\u00c0 l&rsquo;US Open, Carlos Alcaraz fait autant parler de lui pour son tennis spectaculaire que pour sa tenue. L&rsquo;Espagnol a pourtant d\u00e9cid\u00e9 de changer de tee-shirt&#8230; mais s&rsquo;est qualifi\u00e9 pour les 1\/8e de finale.<\/p>\n<p>C&rsquo;est sans doute LA tenue qui fait le plus parler \u00e0 l&rsquo;US Open cette ann\u00e9e. Lors du premier tour de l&rsquo;US Open, Carlos Alcaraz, qui fait son retour apr\u00e8s plus de quatre mois de blessure, est apparu en d\u00e9bardeur tr\u00e8s l\u00e2che, \u00e0 la mani\u00e8re des basketteurs de la NBA. Rien d&rsquo;\u00e9tonnant : Rafael Nadal, Ben Shelton ou Ga\u00ebl Monfils ont adopt\u00e9 ce style de v\u00eatement depuis longtemps, rompant avec une tradition dans le tennis. Mais ce qui a marqu\u00e9, c&rsquo;est qu&rsquo;\u00e0 chaque coup un peu spectaculaire, <a href=\"https:\/\/www.parismatch.com\/actu\/sport\/des-sourires-un-nouveau-look-un-teton-visible-pour-son-retour-carlos-alcaraz-fait-monter-la-temperature-a-lus-open-274967\" rel=\"nofollow noopener\" target=\"_blank\">le t\u00e9ton de l&rsquo;Espagnol apparaissait pour la plus grande joie de ses fans.<\/a><\/p>\n<p>Pour son troisi\u00e8me tour, l&rsquo;homme aux sept tournois du Grand Chelem a mis un d\u00e9bardeur blanc sous son d\u00e9bardeur. Un nouveau style ? \u00ab J&rsquo;ai vu mon t\u00e9ton trop souvent ces derniers temps, a-t-il plaisant\u00e9 en conf\u00e9rence de presse. Je pense que je vais le cacher au moins un mois. J&rsquo;\u00e9tais tr\u00e8s confortable avec ce v\u00eatement, donc je pense que je vais garder cette tenue. \u00bb \u00ab C&rsquo;\u00e9tait ma d\u00e9cision \u00bb, a-t-il ajout\u00e9, \u00e9cartant l&rsquo;id\u00e9e d&rsquo;une consigne du tournoi.<\/p>\n<p>    La suite apr\u00e8s cette publicit\u00e9<\/p>\n<p>Premier test dimanche<\/p>\n<p>Nouvelle tenue, mais nouvelle victoire. Il a d\u00fb s&#8217;employer contre le Chinois Wu Yibing (113e) mais s&rsquo;est malgr\u00e9 tout hiss\u00e9 en huiti\u00e8mes de finale de l&rsquo;US Open. Vainqueur 6-3, 6-4, 6-1, le septuple laur\u00e9at de tournois majeurs n&rsquo;a que trop rarement fait ressentir sur le court l&rsquo;\u00e9cart de classement avec son adversaire, tr\u00e8s solide de fond de court. Apr\u00e8s avoir affront\u00e9 trois adversaires class\u00e9s hors du top 70, le huiti\u00e8me de finale programm\u00e9 dimanche contre l&rsquo;Am\u00e9ricain Tommy Paul (21e) aura valeur de test pour la deuxi\u00e8me t\u00eate de s\u00e9rie du tournoi, dans un US Open sans favori \u00e9vident.<\/p>\n","protected":false},"excerpt":{"rendered":"La R\u00e9daction 05\/09\/2026 \u00e0 08:28, Mis \u00e0 jour le 05\/09\/2026 \u00e0 08:29 \u00c0 l&rsquo;US Open, Carlos Alcaraz fait&hellip;\n","protected":false},"author":2,"featured_media":1168611,"comment_status":"","ping_status":"","sticky":false,"template":"","format":"standard","meta":{"footnotes":"","_share_on_mastodon":"0"},"categories":[1888],"tags":[1111,1928,11,1927,1777,674,1011,27,12,1926,626,1925,25],"class_list":["post-1168610","post","type-post","status-publish","format-standard","has-post-thumbnail","category-paris","tag-actu","tag-actu-paris","tag-actualites","tag-actualites-paris","tag-eu","tag-europe","tag-fr","tag-france","tag-news","tag-news-paris","tag-paris","tag-paris-news","tag-republique-francaise"],"share_on_mastodon":{"url":"https:\/\/pubeurope.com\/@fr\/117217662739050843","error":""},"_links":{"self":[{"href":"https:\/\/www.europesays.com\/fr\/wp-json\/wp\/v2\/posts\/1168610","targetHints":{"allow":["GET"]}}],"collection":[{"href":"https:\/\/www.europesays.com\/fr\/wp-json\/wp\/v2\/posts"}],"about":[{"href":"https:\/\/www.europesays.com\/fr\/wp-json\/wp\/v2\/types\/post"}],"author":[{"embeddable":true,"href":"https:\/\/www.europesays.com\/fr\/wp-json\/wp\/v2\/users\/2"}],"replies":[{"embeddable":true,"href":"https:\/\/www.europesays.com\/fr\/wp-json\/wp\/v2\/comments?post=1168610"}],"version-history":[{"count":0,"href":"https:\/\/www.europesays.com\/fr\/wp-json\/wp\/v2\/posts\/1168610\/revisions"}],"wp:featuredmedia":[{"embeddable":true,"href":"https:\/\/www.europesays.com\/fr\/wp-json\/wp\/v2\/media\/1168611"}],"wp:attachment":[{"href":"https:\/\/www.europesays.com\/fr\/wp-json\/wp\/v2\/media?parent=1168610"}],"wp:term":[{"taxonomy":"category","embeddable":true,"href":"https:\/\/www.europesays.com\/fr\/wp-json\/wp\/v2\/categories?post=1168610"},{"taxonomy":"post_tag","embeddable":true,"href":"https:\/\/www.europesays.com\/fr\/wp-json\/wp\/v2\/tags?post=1168610"}],"curies":[{"name":"wp","href":"https:\/\/api.w.org\/{rel}","templated":true}]}}