{"id":116863,"date":"2025-05-21T12:37:13","date_gmt":"2025-05-21T12:37:13","guid":{"rendered":"https:\/\/www.europesays.com\/fr\/116863\/"},"modified":"2025-05-21T12:37:13","modified_gmt":"2025-05-21T12:37:13","slug":"une-premiere-mondiale-pleine-de-promesses","status":"publish","type":"post","link":"https:\/\/www.europesays.com\/fr\/116863\/","title":{"rendered":"une premi\u00e8re mondiale pleine de promesses"},"content":{"rendered":"<p>             <a href=\"https:\/\/ma-sante.news\/wp-content\/uploads\/2025\/05\/premiere-mondiale-greffe-vessie-Ma-Sante.jpg\" data-caption=\"L\u2019op\u00e9ration a \u00e9t\u00e9 dirig\u00e9e par les Drs Nima Nassiri et Inderbir Gill, apr\u00e8s quatre ans de recherche. (Source : UCLA) \u00a9 Freepik\" rel=\"nofollow noopener\" target=\"_blank\"><img loading=\"lazy\" decoding=\"async\" width=\"696\" height=\"465\" class=\"entry-thumb td-modal-image\" src=\"data:image\/svg+xml,%3Csvg%20xmlns=\" http:=\"\" data-lazy- data-lazy- alt=\"Une salle d'op\u00e9ration pour la greffe de la vessie.\" title=\"premiere mondiale greffe vessie Ma Sant\u00e9\" data-lazy-src=\"https:\/\/www.europesays.com\/fr\/wp-content\/uploads\/2025\/05\/premiere-mondiale-greffe-vessie-Ma-Sante-696x465.jpg\"\/><\/a>L\u2019op\u00e9ration a \u00e9t\u00e9 dirig\u00e9e par les Drs Nima Nassiri et Inderbir Gill, apr\u00e8s quatre ans de recherche. (Source : UCLA) \u00a9 Freepik                                    \t\t\t             <a class=\"gofollow\" data-track=\"MjgsMCwxLDYw\" href=\"https:\/\/ma-sante.news\/inscrivez-vous-a-notre-newsletter\/\" rel=\"nofollow noopener\" target=\"_blank\"><img loading=\"lazy\" decoding=\"async\" width=\"1068\" height=\"131\" src=\"data:image\/svg+xml,%3Csvg%20xmlns=\" http:=\"\" data-lazy-src=\"https:\/\/www.europesays.com\/fr\/wp-content\/uploads\/2025\/03\/banniere-newsletter.png\"\/><\/a> <\/p>\n<p>Le monde de la m\u00e9decine a connu un tournant le 4 mai dernier. \u00c0 Los Angeles, au sein du prestigieux Ronald Reagan UCLA Medical Center, des chirurgiens ont r\u00e9alis\u00e9 ce que beaucoup pensaient encore impossible : greffer une vessie humaine. Cette transplantation s\u2019est accompagn\u00e9e d\u2019<a href=\"https:\/\/ma-sante.news\/greffe-de-rein-temoignage-jai-grandi-avec-la-maladie\/\" rel=\"nofollow noopener\" target=\"_blank\">une greffe de rein<\/a>, le tout en une seule et m\u00eame op\u00e9ration.<\/p>\n<p>Le patient, Oscar Larrainzar, 41 ans, vivait sous dialyse depuis sept ans. En cause : <a href=\"https:\/\/ma-sante.news\/cancer-du-rein-un-nouveau-vaccin-contre-les-recidives\/\" rel=\"nofollow noopener\" target=\"_blank\">un cancer des reins<\/a> l\u2019ayant priv\u00e9 de ses deux organes filtrants, mais aussi d\u2019une grande partie de sa vessie, rendant sa vie quotidienne extr\u00eamement difficile. Gr\u00e2ce \u00e0 cette double greffe (rein + vessie), il entre d\u00e9sormais dans une nouvelle phase de sa vie.<\/p>\n<p>        Une premi\u00e8re greffe de vessie qui entre dans l\u2019histoire    <strong>Une op\u00e9ration de 8 heures aux r\u00e9sultats imm\u00e9diats<\/strong>    <\/p>\n<p>Huit heures. C\u2019est le temps qu\u2019il a fallu \u00e0 l\u2019\u00e9quipe chirurgicale pour mener \u00e0 bien cette intervention historique. L\u2019organe greff\u00e9, une vessie pr\u00e9lev\u00e9e chez un donneur, a \u00e9t\u00e9 raccord\u00e9 \u00e0 un rein lui aussi transplant\u00e9. D\u00e8s la fin de l\u2019op\u00e9ration, les m\u00e9decins ont observ\u00e9 des r\u00e9sultats encourageants : le rein a commenc\u00e9 \u00e0 produire de l\u2019urine imm\u00e9diatement, et celle-ci s\u2019est \u00e9coul\u00e9e normalement dans la nouvelle vessie.<\/p>\n<p>Autrement dit, les deux organes se sont mis \u00e0 fonctionner ensemble, sans heurts. Un v\u00e9ritable exploit, rendu possible gr\u00e2ce \u00e0 des ann\u00e9es de recherche et \u00e0 des techniques chirurgicales de pointe.<\/p>\n<p>        <strong>Pourquoi cette premi\u00e8re greffe de vessie est-elle si importante ?<\/strong>    <\/p>\n<p>Actuellement, lorsqu\u2019une personne subit<a href=\"https:\/\/ma-sante.news\/cancer-de-la-vessie-quels-sont-les-facteurs-de-risques\/\" rel=\"nofollow noopener\" target=\"_blank\"> une cystectomie (ablation de la vessie)<\/a>, les options sont limit\u00e9es. Les chirurgiens peuvent, par exemple, cr\u00e9er une \u00ab vessie de substitution \u00bb \u00e0 partir d\u2019un segment de l\u2019intestin du patient. Mais cette solution n\u2019est pas id\u00e9ale : elle entra\u00eene souvent des infections, des d\u00e9s\u00e9quilibres \u00e9lectrolytiques et une qualit\u00e9 de vie amoindrie.<\/p>\n<p>La greffe d\u2019une vessie humaine permettrait donc une approche beaucoup plus naturelle et efficace, en reconstituant un syst\u00e8me urinaire fonctionnel et physiologique. C\u2019est aussi une chance de r\u00e9duire le recours \u00e0 des poches urinaires externes, qui peuvent \u00eatre stigmatisantes pour les patients.<\/p>\n<p>        Et maintenant, la suite ?    <\/p>\n<p>Cette premi\u00e8re greffe de vessie est certes une victoire, mais elle ne marque que le d\u00e9but d\u2019un long parcours. Les m\u00e9decins am\u00e9ricains esp\u00e8rent d\u00e9sormais \u00e9tendre cette technique \u00e0 d\u2019autres patients, dans le cadre d\u2019essais cliniques rigoureux. L\u2019objectif est de v\u00e9rifier la reproductibilit\u00e9, la s\u00e9curit\u00e9, mais aussi l\u2019efficacit\u00e9 de cette m\u00e9thode sur le long terme.<\/p>\n<p>Selon les estimations, des milliers de personnes dans le monde pourraient b\u00e9n\u00e9ficier d\u2019une telle innovation. Notamment celles souffrant de malformations cong\u00e9nitales, de cancers de la vessie ou encore de troubles neurologiques s\u00e9v\u00e8res affectant le syst\u00e8me urinaire.<\/p>\n<blockquote class=\"wp-block-quote is-layout-flow wp-block-quote-is-layout-flow\">\n<p><strong>\u00c0 SAVOIR\u00a0<\/strong><\/p>\n<p>Jusqu\u2019\u00e0 pr\u00e9sent, greffer une vessie humaine \u00e9tait jug\u00e9 trop complexe en raison de sa vascularisation d\u00e9licate. Situ\u00e9e dans une zone pelvienne tr\u00e8s dense en vaisseaux et nerfs, la vessie n\u00e9cessite des connexions chirurgicales tr\u00e8s pr\u00e9cises. Un mauvais raccordement peut entra\u00eener le rejet de l\u2019organe. En plus, sa forme et sa taille varient d\u2019un individu \u00e0 l\u2019autre, ce qui complique encore l\u2019adaptation au receveur.<\/p>\n<\/blockquote>\n<p>  <a class=\"gofollow\" data-track=\"MTIsMCwxLDYw\" href=\"https:\/\/ma-sante.news\/annonceurs\/\" rel=\"nofollow noopener\" target=\"_blank\"><img loading=\"lazy\" decoding=\"async\" width=\"2560\" height=\"2133\" src=\"data:image\/svg+xml,%3Csvg%20xmlns=\" http:=\"\" data-lazy-src=\"https:\/\/www.europesays.com\/fr\/wp-content\/uploads\/2025\/03\/pub-annonceurs-4-scaled.jpg\"\/><\/a>    <img loading=\"lazy\" decoding=\"async\" width=\"755\" height=\"495\" src=\"data:image\/svg+xml,%3Csvg%20xmlns=\" http:=\"\" data-lazy-src=\"https:\/\/www.europesays.com\/fr\/wp-content\/uploads\/2025\/03\/Image1.jpg\"\/>Inscrivez-vous \u00e0 notre newsletter <br \/>Ma Sant\u00e9                      <\/p>\n","protected":false},"excerpt":{"rendered":"L\u2019op\u00e9ration a \u00e9t\u00e9 dirig\u00e9e par les Drs Nima Nassiri et Inderbir Gill, apr\u00e8s quatre ans de recherche. (Source&hellip;\n","protected":false},"author":2,"featured_media":116864,"comment_status":"","ping_status":"","sticky":false,"template":"","format":"standard","meta":{"footnotes":""},"categories":[10],"tags":[1011,27,12197,72,23646,71],"class_list":{"0":"post-116863","1":"post","2":"type-post","3":"status-publish","4":"format-standard","5":"has-post-thumbnail","7":"category-sante","8":"tag-fr","9":"tag-france","10":"tag-greffe","11":"tag-health","12":"tag-infection-urinaire","13":"tag-sante"},"share_on_mastodon":{"url":"https:\/\/pubeurope.com\/@fr\/114545861955865165","error":""},"_links":{"self":[{"href":"https:\/\/www.europesays.com\/fr\/wp-json\/wp\/v2\/posts\/116863","targetHints":{"allow":["GET"]}}],"collection":[{"href":"https:\/\/www.europesays.com\/fr\/wp-json\/wp\/v2\/posts"}],"about":[{"href":"https:\/\/www.europesays.com\/fr\/wp-json\/wp\/v2\/types\/post"}],"author":[{"embeddable":true,"href":"https:\/\/www.europesays.com\/fr\/wp-json\/wp\/v2\/users\/2"}],"replies":[{"embeddable":true,"href":"https:\/\/www.europesays.com\/fr\/wp-json\/wp\/v2\/comments?post=116863"}],"version-history":[{"count":0,"href":"https:\/\/www.europesays.com\/fr\/wp-json\/wp\/v2\/posts\/116863\/revisions"}],"wp:featuredmedia":[{"embeddable":true,"href":"https:\/\/www.europesays.com\/fr\/wp-json\/wp\/v2\/media\/116864"}],"wp:attachment":[{"href":"https:\/\/www.europesays.com\/fr\/wp-json\/wp\/v2\/media?parent=116863"}],"wp:term":[{"taxonomy":"category","embeddable":true,"href":"https:\/\/www.europesays.com\/fr\/wp-json\/wp\/v2\/categories?post=116863"},{"taxonomy":"post_tag","embeddable":true,"href":"https:\/\/www.europesays.com\/fr\/wp-json\/wp\/v2\/tags?post=116863"}],"curies":[{"name":"wp","href":"https:\/\/api.w.org\/{rel}","templated":true}]}}