{"id":1168642,"date":"2026-09-05T09:34:19","date_gmt":"2026-09-05T09:34:19","guid":{"rendered":"https:\/\/www.europesays.com\/fr\/1168642\/"},"modified":"2026-09-05T09:34:19","modified_gmt":"2026-09-05T09:34:19","slug":"19-coureurs-sanctionnes-au-flanders-tomorrow-tour-actualite","status":"publish","type":"post","link":"https:\/\/www.europesays.com\/fr\/1168642\/","title":{"rendered":"19 coureurs sanctionn\u00e9s au Flanders Tomorrow Tour &#8211; Actualit\u00e9"},"content":{"rendered":"<p>Le jury des commissaires a sanctionn\u00e9 19 coureurs \u00e0 l&rsquo;issue de la premi\u00e8re \u00e9tape en ligne, ce vendredi apr\u00e8s-midi autour d&rsquo;Eernegem. Ils ont re\u00e7u une p\u00e9nalit\u00e9 de 20 secondes pour avoir emprunt\u00e9 un trottoir.<\/p>\n<p>Une d\u00e9cision lourde de cons\u00e9quences pour le classement g\u00e9n\u00e9ral. <a href=\"https:\/\/www.directvelo.com\/actualite\/131698\/flanders-tomorrow-tour-et-1b-classements\" rel=\"nofollow noopener\" target=\"_blank\"><strong>Kasper Haugland (Decathlon-CMA CGM) se retrouve \u00e0 38 secondes du leader Mads Landbo (Coloquick) alors qu&rsquo;il avait repris une seconde de bonification durant l&rsquo;\u00e9tape. Jasper Schoofs (Soudal-Quick Step) est \u00e0 50 secondes<\/strong>.<\/a><\/p>\n<p>Les autres coureurs concern\u00e9s sont : Aless De Bock, Thibaut Van Damme (Alpecin-Premier Tech), Oscar Amey (NSN Development Team), Liam Van Bylen (Decathlon CMA CGM), Jenthe Verstraete (EF Education-Aevolo), Duarte Marivoet Scholiers (Lotto-Groupe Wanty), Alfred Christensen (Coloquick), Ruud Junior Nagengast (Metec-Solarwatt p\/b Mantel), J\u00e9r\u00f4me Raus (Dovy Keukens-FCC),\u00a0Bas Van Heeswijk, Thor Verleysen (Volkerwessels CT), Riccardo Uderzo (Solme Olmo Arvedi), Georg Rydningen Martinsen, Sebastian Veslum (Team Drali-Repsol), Sylvester Vittinghus Stokbro, Benjamin Kofoed et Lucas Toftemark (Airtox-Carl Ras).<\/p>\n<p>La plupart des coureurs ont \u00e9t\u00e9 \u00e9pingl\u00e9s dans un virage \u00e0 gauche tr\u00e8s \u00e9troit \u00e0 l&rsquo;approche d&rsquo;un secteur pav\u00e9.\u00a0<\/p>\n<p><img decoding=\"async\" src=\"https:\/\/www.europesays.com\/fr\/wp-content\/uploads\/2026\/09\/Amende.png\" alt=\"\"\/><\/p>\n<p>En outre, ils ont \u00e9galement re\u00e7u une amende de 50 francs suisses et 5 points de moins au classement UCI et 24 points de p\u00e9nalit\u00e9 au classement par points.<\/p>\n","protected":false},"excerpt":{"rendered":"Le jury des commissaires a sanctionn\u00e9 19 coureurs \u00e0 l&rsquo;issue de la premi\u00e8re \u00e9tape en ligne, ce vendredi&hellip;\n","protected":false},"author":2,"featured_media":1168643,"comment_status":"","ping_status":"","sticky":false,"template":"","format":"standard","meta":{"footnotes":"","_share_on_mastodon":"0"},"categories":[1411],"tags":[834,828,836,829,837,827,83,826,824,823,1154,207,814,817,815,816,822,821,832,211,839,1011,27,820,818,819,835,831,830,833,838,60,212,208,825],"class_list":["post-1168642","post","type-post","status-publish","format-standard","has-post-thumbnail","category-cyclisme","tag-attaque","tag-belgique","tag-braquet","tag-bretagne","tag-chute","tag-competition","tag-coupe-de-france","tag-coureur","tag-course-cyclisme","tag-course-cycliste","tag-cycling","tag-cyclisme","tag-direct","tag-direct-velo","tag-directvelo","tag-directvelo-com","tag-epreuve","tag-epreuve-cycliste","tag-federation-francaise-de-cyclisme","tag-ffc","tag-flandres","tag-fr","tag-france","tag-live","tag-live-course","tag-live-epreuve","tag-peloton","tag-radio-peloton","tag-radio-tour","tag-ravitaillement","tag-relance","tag-sports","tag-uci","tag-velo","tag-velos"],"share_on_mastodon":{"url":"https:\/\/pubeurope.com\/@fr\/117217754529487266","error":""},"_links":{"self":[{"href":"https:\/\/www.europesays.com\/fr\/wp-json\/wp\/v2\/posts\/1168642","targetHints":{"allow":["GET"]}}],"collection":[{"href":"https:\/\/www.europesays.com\/fr\/wp-json\/wp\/v2\/posts"}],"about":[{"href":"https:\/\/www.europesays.com\/fr\/wp-json\/wp\/v2\/types\/post"}],"author":[{"embeddable":true,"href":"https:\/\/www.europesays.com\/fr\/wp-json\/wp\/v2\/users\/2"}],"replies":[{"embeddable":true,"href":"https:\/\/www.europesays.com\/fr\/wp-json\/wp\/v2\/comments?post=1168642"}],"version-history":[{"count":0,"href":"https:\/\/www.europesays.com\/fr\/wp-json\/wp\/v2\/posts\/1168642\/revisions"}],"wp:featuredmedia":[{"embeddable":true,"href":"https:\/\/www.europesays.com\/fr\/wp-json\/wp\/v2\/media\/1168643"}],"wp:attachment":[{"href":"https:\/\/www.europesays.com\/fr\/wp-json\/wp\/v2\/media?parent=1168642"}],"wp:term":[{"taxonomy":"category","embeddable":true,"href":"https:\/\/www.europesays.com\/fr\/wp-json\/wp\/v2\/categories?post=1168642"},{"taxonomy":"post_tag","embeddable":true,"href":"https:\/\/www.europesays.com\/fr\/wp-json\/wp\/v2\/tags?post=1168642"}],"curies":[{"name":"wp","href":"https:\/\/api.w.org\/{rel}","templated":true}]}}