{"id":1168655,"date":"2026-09-05T09:44:15","date_gmt":"2026-09-05T09:44:15","guid":{"rendered":"https:\/\/www.europesays.com\/fr\/1168655\/"},"modified":"2026-09-05T09:44:15","modified_gmt":"2026-09-05T09:44:15","slug":"le-jour-ou-jai-emmene-ma-mere-a-la-pharmacie-pour-son-vaccin-contre-la-grippe-les-questions-posees-avant-linjection-et-ce-qui-ne-commence-quapres","status":"publish","type":"post","link":"https:\/\/www.europesays.com\/fr\/1168655\/","title":{"rendered":"Le jour o\u00f9 j&rsquo;ai emmen\u00e9 ma m\u00e8re \u00e0 la pharmacie pour son vaccin contre la grippe : les questions pos\u00e9es avant l&rsquo;injection, et ce qui ne commence qu&rsquo;apr\u00e8s"},"content":{"rendered":"<p class=\"gpsb-badge__text\">Vous aimez notre contenu ?<\/p>\n<p><a class=\"gpsb-badge__link no-adv\" data-ad-skip=\"true\" href=\"https:\/\/google.com\/preferences\/source?q=journaldesseniors.20minutes.fr\" target=\"_blank\" rel=\"noopener sponsored nofollow\" aria-label=\"Ajoutez-nous \u00e0 vos favoris Google\">Ajoutez-nous \u00e0 vos<br \/>favoris Google<\/a><\/p>\n<p>Le jour o\u00f9 le pharmacien a repos\u00e9 son stylo pour demander \u00ab et vos traitements, madame, ils ont chang\u00e9 r\u00e9cemment ? \u00bb : ma m\u00e8re a compris que la vaccination contre la grippe ne se limitait pas \u00e0 tendre le bras.<\/p>\n<p style=\"font-weight:700;font-size:1.05em;margin:0 0 0.7em 0;color:#333;\">\u00c0 retenir<\/p>\n<ul style=\"margin:0;padding-left:1.2em;color:#444;\">\n<li style=\"margin-bottom:0.4em;\">Pourquoi le pharmacien pose des questions bien avant de sortir la seringue<\/li>\n<li style=\"margin-bottom:0.4em;\">Le secret que r\u00e9v\u00e8le le d\u00e9lai de deux semaines apr\u00e8s l&rsquo;injection<\/li>\n<li style=\"margin-bottom:0.4em;\">Comment grippe et Covid-19 s&rsquo;organisent sur le m\u00eame rendez-vous<\/li>\n<\/ul>\n<p style=\"font-weight:700;margin:0 0 0.5em 0;color:#333;font-size:0.95em;\">Sommaire<\/p>\n<ol style=\"margin:0;padding-left:1.5em;font-size:0.9em;line-height:1.6;\">\n<li><a href=\"#un-rendez-vous-qui-commence-par-un-bon-de-prise-en-charge\" style=\"color:#444;text-decoration:none;\">Un rendez-vous qui commence par un bon de prise en charge<\/a><\/li>\n<li><a href=\"#pourquoi-le-pharmacien-et-pas-seulement-le-medecin\" style=\"color:#444;text-decoration:none;\">Pourquoi le pharmacien, et pas seulement le m\u00e9decin<\/a><\/li>\n<li><a href=\"#les-questions-qui-precedent-l-injection\" style=\"color:#444;text-decoration:none;\">Les questions qui pr\u00e9c\u00e8dent l&rsquo;injection<\/a><\/li>\n<li><a href=\"#le-geste-rapide-presque-anodin\" style=\"color:#444;text-decoration:none;\">Le geste, rapide, presque anodin<\/a><\/li>\n<li><a href=\"#ce-qui-ne-commence-qu-apres-le-delai-des-deux-semaines\" style=\"color:#444;text-decoration:none;\">Ce qui ne commence qu&rsquo;apr\u00e8s : le d\u00e9lai des deux semaines<\/a><\/li>\n<li><a href=\"#grippe-et-covid-le-meme-jour-si-besoin\" style=\"color:#444;text-decoration:none;\">Grippe et Covid, le m\u00eame jour si besoin<\/a><\/li>\n<li><a href=\"#une-couverture-vaccinale-qui-remonte-doucement\" style=\"color:#444;text-decoration:none;\">Une couverture vaccinale qui remonte doucement<\/a><\/li>\n<\/ol>\n<p> Un rendez-vous qui commence par un bon de prise en charge<\/p>\n<p>Tout a d\u00e9but\u00e9 par une enveloppe de l&rsquo;Assurance Maladie, gliss\u00e9e dans la bo\u00eete aux lettres d\u00e9but octobre. Les patients \u00e9ligibles re\u00e7oivent un bon de prise en charge du vaccin de l&rsquo;Assurance Maladie. Ma m\u00e8re, 68 ans, en fait partie chaque ann\u00e9e sans exception.<\/p>\n<p>La campagne 2025-2026 a d\u00e9marr\u00e9 le 14 octobre en m\u00e9tropole, aux Antilles et en Guyane. La campagne de vaccination contre la grippe saisonni\u00e8re et la Covid-19 d\u00e9marre le 14 octobre 2025 en m\u00e9tropole, aux Antilles et en Guyane. Elle devait initialement s&rsquo;arr\u00eater fin janvier, mais la circulation active des virus a chang\u00e9 la donne.<\/p>\n<p>La campagne conjointe grippe et Covid-19 de la saison pr\u00e9c\u00e9dente a commenc\u00e9 le 14 octobre 2025 et devait s&rsquo;achever le 31 janvier 2026, avant d&rsquo;\u00eatre prolong\u00e9e jusqu&rsquo;au 28 f\u00e9vrier 2026 en raison d&rsquo;une circulation des virus grippaux toujours active. Un d\u00e9tail qui change tout pour les retardataires du calendrier.<\/p>\n<p>Pourquoi le pharmacien, et pas seulement le m\u00e9decin<\/p>\n<p>Les personnes de 11 ans et plus \u00e9ligibles \u00e0 la vaccination retirent directement leur vaccin chez le pharmacien, sur pr\u00e9sentation de leur bon de prise en charge et de leur carte Vitale. Pas besoin de passer par la case m\u00e9decin g\u00e9n\u00e9raliste, sauf cas particulier.<\/p>\n<p>Tout pharmacien habilit\u00e9 peut prescrire et vacciner contre la grippe saisonni\u00e8re. Une \u00e9volution r\u00e9cente du m\u00e9tier, n\u00e9e d&rsquo;une exp\u00e9rimentation devenue routine dans la plupart des officines de quartier.<\/p>\n<p>Pour les 65 ans et plus, deux vaccins sont sp\u00e9cifiquement recommand\u00e9s. La vaccination contre la grippe saisonni\u00e8re est recommand\u00e9e chaque ann\u00e9e pour les personnes \u00e2g\u00e9es de 65 ans et plus, avec une vaccination pr\u00e9f\u00e9rentielle par un vaccin hautement dos\u00e9 ou avec adjuvant.<\/p>\n<p> Les questions qui pr\u00e9c\u00e8dent l&rsquo;injection<\/p>\n<p>Avant de sortir la seringue, le pharmacien a interrog\u00e9 ma m\u00e8re sur ses ant\u00e9c\u00e9dents. Ces contre-indications (maladie, grossesse pour certains vaccins, allergie) sont bien connues et propres \u00e0 chaque vaccin.<\/p>\n<p>La question de l&rsquo;allergie revient syst\u00e9matiquement. Le vaccin ne doit pas \u00eatre utilis\u00e9 en cas d&rsquo;allergie aux substances actives, \u00e0 l&rsquo;un des autres composants du vaccin, ou aux r\u00e9sidus \u00e0 l&rsquo;\u00e9tat de traces, comme les \u0153ufs ou les prot\u00e9ines de poulet.<\/p>\n<p>Deuxi\u00e8me point v\u00e9rifi\u00e9 : l&rsquo;\u00e9tat de sant\u00e9 du jour m\u00eame. La vaccination doit \u00eatre diff\u00e9r\u00e9e en cas de maladie aigu\u00eb avec fi\u00e8vre. Un simple rhume sans fi\u00e8vre ne pose en revanche aucun probl\u00e8me.<\/p>\n<p>Une maladie b\u00e9nigne, m\u00eame accompagn\u00e9e d&rsquo;un peu de fi\u00e8vre, ne contre-indique pas la vaccination. Nuance utile pour tous ceux qui reportent leur rendez-vous au moindre \u00e9ternuement.<\/p>\n<p>Le geste, rapide, presque anodin<\/p>\n<p>L&rsquo;injection en elle-m\u00eame a pris moins de deux minutes. Ma m\u00e8re s&rsquo;attendait \u00e0 un protocole plus lourd, elle est repartie surprise de sa simplicit\u00e9.<\/p>\n<p>La vaccination comporte une seule injection mais doit \u00eatre renouvel\u00e9e chaque ann\u00e9e en raison des modifications de composition du vaccin. Les souches virales \u00e9voluent, le vaccin suit, chaque automne remet donc les compteurs \u00e0 z\u00e9ro.<\/p>\n<p>Des r\u00e9actions locales restent possibles, sans gravit\u00e9. La vaccination contre la grippe peut provoquer des r\u00e9actions au site d&rsquo;injection comme douleur, rougeur ou gonflement, et des r\u00e9actions plus g\u00e9n\u00e9rales telles que fi\u00e8vre et douleurs musculaires, mais ces r\u00e9actions sont connues, transitoires et sans gravit\u00e9.<\/p>\n<p>Ce qui ne commence qu&rsquo;apr\u00e8s : le d\u00e9lai des deux semaines<\/p>\n<p>Le pharmacien a pr\u00e9cis\u00e9 un point que beaucoup ignorent : la protection n&rsquo;est pas imm\u00e9diate. Il faut environ deux semaines \u00e0 l&rsquo;organisme pour produire suffisamment d&rsquo;anticorps.<\/p>\n<p>Concr\u00e8tement, une vaccination fin octobre ne prot\u00e8ge pleinement qu&rsquo;\u00e0 la mi-novembre. Se faire vacciner t\u00f4t dans la saison, avant les premiers pics \u00e9pid\u00e9miques, prend alors tout son sens.<\/p>\n<p>C&rsquo;est justement cette fen\u00eatre d&rsquo;octobre qui explique pourquoi les pharmacies et l&rsquo;Assurance Maladie insistent tant sur la pr\u00e9cocit\u00e9 du geste. Pr\u00e8s de 19 millions de personnes ont \u00e9t\u00e9 invit\u00e9es \u00e0 se faire vacciner par l&rsquo;Assurance maladie et la Mutualit\u00e9 sociale agricole pour la saison 2025-2026.<\/p>\n<p>Grippe et Covid, le m\u00eame jour si besoin<\/p>\n<p>Le pharmacien a aussi propos\u00e9 la vaccination Covid-19, sur l&rsquo;autre bras. Les 2 injections peuvent \u00eatre pratiqu\u00e9es le m\u00eame jour, sur 2 sites d&rsquo;injection distincts, ou \u00e0 des moments diff\u00e9rents, sans d\u00e9lai minimum \u00e0 respecter.<\/p>\n<p>Ma m\u00e8re a d\u00e9clin\u00e9 cette fois, pr\u00e9f\u00e9rant \u00e9chelonner. Rien n&rsquo;obligeait \u00e0 cumuler les deux dans la m\u00eame visite, le choix restait enti\u00e8rement le sien.<\/p>\n<p> Une couverture vaccinale qui remonte doucement<\/p>\n<p>Les chiffres de fin novembre montrent une dynamique plut\u00f4t encourageante chez les seniors. Selon les donn\u00e9es de d\u00e9livrance en pharmacie du panel GERS arr\u00eat\u00e9es au 23 novembre 2025, le taux de d\u00e9livrance chez les 65 ans et plus \u00e9quivaut \u00e0 une couverture de 49,2 %, soit une progression de 4,8 points par rapport \u00e0 la saison pr\u00e9c\u00e9dente.<\/p>\n<p>La saison pr\u00e9c\u00e9dente avait pourtant \u00e9t\u00e9 rude. L&rsquo;an dernier, la grippe a \u00e9t\u00e9 s\u00e9v\u00e8re pour toutes les classes d&rsquo;\u00e2ge avec 30 000 hospitalisations apr\u00e8s passage aux urgences et environ 17 600 d\u00e9c\u00e8s. Un chiffre qui remet en perspective la banalit\u00e9 apparente du petit pansement sur le bras de ma m\u00e8re, ce jour-l\u00e0.<\/p>\n<p class=\"source-link\">Sources\u00a0: <a href=\"https:\/\/www.bretagne.ars.sante.fr\/campagne-de-vaccination-2025-2026-contre-la-grippe-saisonniere-et-le-covid-19\" target=\"_blank\" rel=\"noopener nofollow\">bretagne.ars.sante.fr<\/a> | <a href=\"https:\/\/www.ordre.pharmacien.fr\/les-communications\/focus-sur\/les-actualites\/grippe-saisonniere-lancement-de-la-campagne-de-vaccination-2025-2026\" target=\"_blank\" rel=\"noopener nofollow\">ordre.pharmacien.fr<\/a> | <a href=\"https:\/\/www.service-public.gouv.fr\/particuliers\/vosdroits\/F714?lang=en\" target=\"_blank\" rel=\"noopener nofollow\">service-public.gouv.fr<\/a><\/p>\n","protected":false},"excerpt":{"rendered":"Vous aimez notre contenu ? Ajoutez-nous \u00e0 vosfavoris Google Le jour o\u00f9 le pharmacien a repos\u00e9 son stylo&hellip;\n","protected":false},"author":2,"featured_media":1168656,"comment_status":"","ping_status":"","sticky":false,"template":"","format":"standard","meta":{"footnotes":"","_share_on_mastodon":"0"},"categories":[10],"tags":[120905,1011,27,72,15299,56,39579,71,3552,120906],"class_list":["post-1168655","post","type-post","status-publish","format-standard","has-post-thumbnail","category-sante","tag-campagne-vaccinale-2025-2026","tag-fr","tag-france","tag-health","tag-pharmacie","tag-push","tag-push-2","tag-sante","tag-seniors","tag-vaccination-antigrippale"],"share_on_mastodon":{"url":"https:\/\/pubeurope.com\/@fr\/117217792288895586","error":""},"_links":{"self":[{"href":"https:\/\/www.europesays.com\/fr\/wp-json\/wp\/v2\/posts\/1168655","targetHints":{"allow":["GET"]}}],"collection":[{"href":"https:\/\/www.europesays.com\/fr\/wp-json\/wp\/v2\/posts"}],"about":[{"href":"https:\/\/www.europesays.com\/fr\/wp-json\/wp\/v2\/types\/post"}],"author":[{"embeddable":true,"href":"https:\/\/www.europesays.com\/fr\/wp-json\/wp\/v2\/users\/2"}],"replies":[{"embeddable":true,"href":"https:\/\/www.europesays.com\/fr\/wp-json\/wp\/v2\/comments?post=1168655"}],"version-history":[{"count":0,"href":"https:\/\/www.europesays.com\/fr\/wp-json\/wp\/v2\/posts\/1168655\/revisions"}],"wp:featuredmedia":[{"embeddable":true,"href":"https:\/\/www.europesays.com\/fr\/wp-json\/wp\/v2\/media\/1168656"}],"wp:attachment":[{"href":"https:\/\/www.europesays.com\/fr\/wp-json\/wp\/v2\/media?parent=1168655"}],"wp:term":[{"taxonomy":"category","embeddable":true,"href":"https:\/\/www.europesays.com\/fr\/wp-json\/wp\/v2\/categories?post=1168655"},{"taxonomy":"post_tag","embeddable":true,"href":"https:\/\/www.europesays.com\/fr\/wp-json\/wp\/v2\/tags?post=1168655"}],"curies":[{"name":"wp","href":"https:\/\/api.w.org\/{rel}","templated":true}]}}