{"id":1168661,"date":"2026-09-05T09:47:18","date_gmt":"2026-09-05T09:47:18","guid":{"rendered":"https:\/\/www.europesays.com\/fr\/1168661\/"},"modified":"2026-09-05T09:47:18","modified_gmt":"2026-09-05T09:47:18","slug":"il-voulait-sauver-des-oeufs-de-casoar-chez-lui-ce-geste-de-routine-lui-a-coute-la-vie-a-75-ans","status":"publish","type":"post","link":"https:\/\/www.europesays.com\/fr\/1168661\/","title":{"rendered":"Il voulait sauver des \u0153ufs de casoar chez lui : ce geste de routine lui a co\u00fbt\u00e9 la vie \u00e0 75 ans"},"content":{"rendered":"<p>\t\t\t\t&#13;<\/p>\n<ol class=\"w-full flex justify-start items-start mb-2 p-0 tdn-breadcrumb list-none text-base\" itemscope=\"\" itemtype=\"https:\/\/schema.org\/BreadcrumbList\">&#13;<br \/>\n&#13;<\/p>\n<li itemprop=\"itemListElement\" itemscope=\"\" itemtype=\"https:\/\/schema.org\/ListItem\" class=\"mr-1 flex items-center\">&#13;<br \/>\n\t\t<a itemprop=\"item\" class=\"text-gray-500 flex items-center\" href=\"https:\/\/www.letribunaldunet.fr\" rel=\"nofollow noopener\" target=\"_blank\">&#13;<br \/>\n\t\t\t<img loading=\"lazy\" decoding=\"async\" src=\"data:image\/svg+xml,%3Csvg%20xmlns=\" http:=\"\" alt=\"\" width=\"24\" height=\"24\" data-lazy-src=\"https:\/\/www.letribunaldunet.fr\/wp-content\/themes\/letribunaldunet-v2\/img\/icon-home-grey.svg\"\/>&#13;<br \/>\n\t\t\tTDN &gt;&#13;<br \/>\n\t\t<\/a>&#13;<br \/>\n\t\t&#13;\n\t<\/li>\n<p>&#13;<br \/>\n&#13;<\/p>\n<li itemprop=\"itemListElement\" itemscope=\"\" itemtype=\"https:\/\/schema.org\/ListItem\" class=\"mr-1 flex items-center\">&#13;<br \/>\n\t\t\t\t\t<a itemprop=\"item\" class=\"text-gray-500 flex items-center\" href=\"https:\/\/www.letribunaldunet.fr\/insolite\" rel=\"nofollow noopener\" target=\"_blank\">&#13;<br \/>\n\t\t\t\t\t\tInsolite&#13;<br \/>\n\t\t\t\t\t<\/a>&#13;<br \/>\n\t\t\t\t\t&#13;\n\t\t\t\t<\/li>\n<p>&#13;<br \/>\n\t\t\t&#13;<br \/>\n\t&#13;\n<\/ol>\n<p>\t\t\t\t\t\tPubli\u00e9 par<br \/>\n\t\t\t\t\t\t<a href=\"https:\/\/www.letribunaldunet.fr\/author\/gabrielle\" rel=\"nofollow noopener\" target=\"_blank\"><br \/>\n\t\t\t\t\t\t\t<b class=\"text-blue\"><br \/>\n\t\t\t\t\t\t\t\tGabrielle Nourry\t\t\t\t\t\t\t<\/b><br \/>\n\t\t\t\t\t\t<\/a><br \/>\n\t\t\t\t\t\t\t\t\t\t\t\t\t\t\t<b>le 05 Sep 2026 \u00e0 9:31<\/b><\/p>\n<p><img decoding=\"async\" width=\"1200\" height=\"673\" fetchpriority=\"high\" src=\"https:\/\/www.europesays.com\/fr\/wp-content\/uploads\/2026\/09\/marvin-hajos-gardait-loiseau-le-plus-dangereux-du-monde-une.jpg\" alt=\"Marvin Hajos gardait \u00ab l'oiseau le plus dangereux du monde \u00bb : la fin tragique de ce passionn\u00e9 de 75 ans\" class=\"wp-image-1288195\"  \/><\/p>\n<p class=\"wp-block-paragraph\">Il avait consacr\u00e9 sa vie \u00e0 ces oiseaux hors normes, au point d\u2019en faire des conf\u00e9rences. <strong>Marvin Hajos<\/strong>, 75 ans, \u00e9levait chez lui deux couples reproducteurs de casoars, consid\u00e9r\u00e9s comme parmi les volatiles les plus redoutables de la plan\u00e8te. Ce qui devait rester une passion s\u2019est transform\u00e9 en <strong>trag\u00e9die<\/strong> le jour o\u00f9 l\u2019un de ces g\u00e9ants a charg\u00e9 son propri\u00e9taire pour une raison bien pr\u00e9cise.<\/p>\n<p>Une passion qui remontait \u00e0 l\u2019enfance<\/p>\n<p class=\"wp-block-paragraph\">Marvin Hajos vivait \u00e0 <strong>Alachua<\/strong>, dans le nord de la Floride, o\u00f9 il avait install\u00e9 une v\u00e9ritable m\u00e9nagerie d\u2019animaux exotiques. Selon son ami Jim Glynn, interrog\u00e9 par <a href=\"https:\/\/www.fox35orlando.com\/news\/deputies-keeper-killed-by-bird-was-likely-retrieving-egg\" rel=\"nofollow noopener\" target=\"_blank\">Fox 35<\/a>, sa fascination pour les oiseaux remontait \u00e0 l\u2019enfance : il avait commenc\u00e9 \u00e0 faire du b\u00e9n\u00e9volat au zoo du Bronx d\u00e8s l\u2019\u00e2ge de 10 ans.<\/p>\n<p class=\"wp-block-paragraph\">Devenu adulte, il poss\u00e9dait une licence officielle pour \u00e9lever des <strong>casoars<\/strong>, ces oiseaux coureurs originaires d\u2019Australie et de Nouvelle-Guin\u00e9e, r\u00e9put\u00e9s pour leur caract\u00e8re farouche. Son engagement allait bien au-del\u00e0 du simple loisir : il participait activement \u00e0 la pr\u00e9servation de l\u2019esp\u00e8ce, aujourd\u2019hui menac\u00e9e dans son milieu naturel, un peu comme d\u2019autres passionn\u00e9s qui s\u2019investissent dans des causes animali\u00e8res que l\u2019on retrouve parfois relay\u00e9es jusque dans <a href=\"https:\/\/www.letribunaldunet.fr\/animaux\/pendant-canicule-cet-homme-idee-maligne-pour-observer-la-faune-video.html\" rel=\"nofollow noopener\" target=\"_blank\">l\u2019actualit\u00e9 animali\u00e8re<\/a>.<\/p>\n<p class=\"wp-block-paragraph\">\u00ab Il \u00e9tait conscient des dangers de ces animaux. Il ne laissait jamais personne d\u2019autre s\u2019y exposer. C\u2019\u00e9tait quelqu\u2019un de tr\u00e8s comp\u00e9tent \u00bb, a insist\u00e9 Jim Glynn. Une prudence qui n\u2019a pourtant pas suffi \u00e0 \u00e9viter le drame, survenu en 2019, quand la saison de reproduction a rendu la situation incontr\u00f4lable. Comme souvent avec les esp\u00e8ces sauvages, m\u00eame les experts les plus <a href=\"https:\/\/www.letribunaldunet.fr\/le-saviez-vous\/pourquoi-langue-chat-rapeuse-explication-science-2.html\" rel=\"nofollow noopener\" target=\"_blank\">chevronn\u00e9s<\/a> peuvent \u00eatre surpris.<\/p>\n<p>Le geste fatal pour sauver les \u0153ufs<\/p>\n<p class=\"wp-block-paragraph\">Ce jour-l\u00e0, l\u2019une des femelles se montrait particuli\u00e8rement agressive envers les m\u00e2les, poussant des cris pour prot\u00e9ger ses \u0153ufs. Ce comportement n\u2019a rien d\u2019anormal chez les casoars : en p\u00e9riode de reproduction, les m\u00e2les peuvent devenir agit\u00e9s au point de tenter d\u2019\u00e9craser les \u0153ufs eux-m\u00eames, provoquant la panique et la d\u00e9fense acharn\u00e9e des femelles.<\/p>\n<p class=\"wp-block-paragraph\">Pour d\u00e9samorcer la situation, <strong>Marvin Hajos<\/strong> a d\u00e9cid\u00e9 d\u2019intervenir directement. Son id\u00e9e : r\u00e9cup\u00e9rer les \u0153ufs pour les placer dans un incubateur, \u00e0 l\u2019abri de la confusion ambiante et des m\u00e2les mena\u00e7ants. Un geste guid\u00e9 par sa longue exp\u00e9rience, mais qui l\u2019a expos\u00e9 \u00e0 un danger mortel.<\/p>\n<p class=\"wp-block-paragraph\">Le lieutenant Brett Rhodenizer, du bureau du sh\u00e9rif du comt\u00e9, a r\u00e9sum\u00e9 la sc\u00e8ne aux enqu\u00eateurs : \u00ab Nous pensons qu\u2019il est entr\u00e9 pour r\u00e9cup\u00e9rer cet \u0153uf, et qu\u2019\u00e0 un moment donn\u00e9, l\u2019oiseau a r\u00e9ussi \u00e0 l\u2019attaquer. \u00bb L\u2019un des grands volatiles s\u2019est jet\u00e9 sur lui, le projetant violemment au sol.<\/p>\n<p class=\"wp-block-paragraph\">Des situations extr\u00eames qui rappellent, sur un tout autre registre, \u00e0 quel point <a href=\"https:\/\/www.letribunaldunet.fr\/science\/peninsule-iberique-rotation-inversee-geologues.html\" rel=\"nofollow noopener\" target=\"_blank\">la nature r\u00e9serve son lot de surprises<\/a> aux scientifiques et passionn\u00e9s du monde entier.<\/p>\n<p class=\"wp-block-paragraph\">Bless\u00e9 au sol, Marvin a eu le temps d\u2019appeler sa fille \u00e0 l\u2019aide. Mais celle-ci n\u2019a rien pu faire pour le sauver \u00e0 temps. Une femme pr\u00e9sente sur la propri\u00e9t\u00e9, d\u00e9crite comme sa compagne, a confi\u00e9 par la suite qu\u2019il \u00e9tait mort \u00ab en faisant ce qu\u2019il aimait \u00bb.<\/p>\n<p><img loading=\"lazy\" decoding=\"async\" width=\"1376\" height=\"768\" src=\"data:image\/svg+xml,%3Csvg%20xmlns=\" http:=\"\" alt=\"Homme \u00e2g\u00e9 pensif pr\u00e8s d'une voli\u00e8re en bois\" class=\"wp-image-1288196\" data-lazy- data-lazy- data-lazy-src=\"https:\/\/www.europesays.com\/fr\/wp-content\/uploads\/2026\/09\/marvin-hajos-gardait-loiseau-le-plus-dangereux-du-monde-1.jpg\"\/><\/p>\n<p>Un rival digne d\u2019un v\u00e9lociraptor<\/p>\n<p class=\"wp-block-paragraph\">Pour comprendre l\u2019ampleur du danger, il suffit de regarder les pattes d\u2019un casoar. Chaque orteil est arm\u00e9 d\u2019une griffe massive, semblable \u00e0 celle d\u2019un <strong>v\u00e9lociraptor<\/strong> \u2014 sauf que l\u2019oiseau, lui, est bien plus imposant que le dinosaure.<\/p>\n<p class=\"wp-block-paragraph\">Le casoar austral peut mesurer jusqu\u2019\u00e0 1,80 m\u00e8tre et peser environ 45 kilos, tout en \u00e9tant capable de sprinter \u00e0 pr\u00e8s de 50 km\/h. De quoi rivaliser avec certaines <a href=\"https:\/\/www.letribunaldunet.fr\/insolite\/evolution-jouets-francais-50-ans-disparus-rayons.html\" rel=\"nofollow noopener\" target=\"_blank\">images d\u2019un autre temps<\/a> qui semblent tout droit sorties d\u2019un film pr\u00e9historique.<\/p>\n<p class=\"wp-block-paragraph\">Ces oiseaux ne s\u2019en prennent pourtant que rarement aux humains. La plupart du temps, ils pr\u00e9f\u00e8rent fuir plut\u00f4t que combattre. Mais accul\u00e9s, provoqu\u00e9s, ou comme ici en pleine d\u00e9fense de leur prog\u00e9niture, ils peuvent devenir extr\u00eamement violents en quelques secondes.<\/p>\n<p class=\"wp-block-paragraph\">Le cas de Marvin Hajos reste d\u2019ailleurs exceptionnel : il est seulement la <strong>deuxi\u00e8me personne au monde<\/strong> confirm\u00e9e avoir \u00e9t\u00e9 tu\u00e9e par un casoar. Le premier cas document\u00e9 remonte \u00e0 <strong>1926<\/strong>, en Australie, lorsqu\u2019un adolescent et ses amis avaient frapp\u00e9 l\u2019un de ces oiseaux avec un gourdin, d\u00e9clenchant une attaque mortelle en repr\u00e9sailles.<\/p>\n<p class=\"wp-block-paragraph\">Presque un si\u00e8cle plus tard, l\u2019histoire de Marvin rappelle que m\u00eame les experts les plus prudents ne sont jamais totalement \u00e0 l\u2019abri face \u00e0 des animaux aussi impr\u00e9visibles.<\/p>\n<p class=\"wp-block-paragraph\">Deux morts en pr\u00e8s d\u2019un si\u00e8cle, et pourtant une le\u00e7on intacte : le respect n\u2019exclut jamais le danger. La passion de Marvin Hajos pour les casoars a fait de lui un expert reconnu, mais elle lui a aussi co\u00fbt\u00e9 la vie dans un geste presque instinctif de protection animale. Une histoire qui interroge sur la fronti\u00e8re t\u00e9nue entre passion d\u00e9vorante et prudence n\u00e9cessaire.<\/p>\n","protected":false},"excerpt":{"rendered":"&#13; &#13; &#13; &#13; &#13; &#13; TDN &gt;&#13; &#13; &#13; &#13; &#13; &#13; &#13; Insolite&#13; &#13; &#13; &#13;&hellip;\n","protected":false},"author":2,"featured_media":1168662,"comment_status":"","ping_status":"","sticky":false,"template":"","format":"standard","meta":{"footnotes":"","_share_on_mastodon":"0"},"categories":[7],"tags":[1011,27,43,40,41,39,42,44],"class_list":["post-1168661","post","type-post","status-publish","format-standard","has-post-thumbnail","category-sciences-et-technologies","tag-fr","tag-france","tag-science","tag-science-and-technology","tag-sciences","tag-sciences-et-technologies","tag-technologies","tag-technology"],"share_on_mastodon":{"url":"https:\/\/pubeurope.com\/@fr\/117217805655392630","error":""},"_links":{"self":[{"href":"https:\/\/www.europesays.com\/fr\/wp-json\/wp\/v2\/posts\/1168661","targetHints":{"allow":["GET"]}}],"collection":[{"href":"https:\/\/www.europesays.com\/fr\/wp-json\/wp\/v2\/posts"}],"about":[{"href":"https:\/\/www.europesays.com\/fr\/wp-json\/wp\/v2\/types\/post"}],"author":[{"embeddable":true,"href":"https:\/\/www.europesays.com\/fr\/wp-json\/wp\/v2\/users\/2"}],"replies":[{"embeddable":true,"href":"https:\/\/www.europesays.com\/fr\/wp-json\/wp\/v2\/comments?post=1168661"}],"version-history":[{"count":0,"href":"https:\/\/www.europesays.com\/fr\/wp-json\/wp\/v2\/posts\/1168661\/revisions"}],"wp:featuredmedia":[{"embeddable":true,"href":"https:\/\/www.europesays.com\/fr\/wp-json\/wp\/v2\/media\/1168662"}],"wp:attachment":[{"href":"https:\/\/www.europesays.com\/fr\/wp-json\/wp\/v2\/media?parent=1168661"}],"wp:term":[{"taxonomy":"category","embeddable":true,"href":"https:\/\/www.europesays.com\/fr\/wp-json\/wp\/v2\/categories?post=1168661"},{"taxonomy":"post_tag","embeddable":true,"href":"https:\/\/www.europesays.com\/fr\/wp-json\/wp\/v2\/tags?post=1168661"}],"curies":[{"name":"wp","href":"https:\/\/api.w.org\/{rel}","templated":true}]}}