{"id":1168665,"date":"2026-09-05T09:49:12","date_gmt":"2026-09-05T09:49:12","guid":{"rendered":"https:\/\/www.europesays.com\/fr\/1168665\/"},"modified":"2026-09-05T09:49:12","modified_gmt":"2026-09-05T09:49:12","slug":"crue-au-nepal-un-troisieme-rescape-de-nationalite-chinoise-extrait-vivant-dun-tunnel-dix-jours-apres-les-inondations","status":"publish","type":"post","link":"https:\/\/www.europesays.com\/fr\/1168665\/","title":{"rendered":"Crue au N\u00e9pal: un troisi\u00e8me rescap\u00e9, de nationalit\u00e9 chinoise, extrait vivant d&rsquo;un tunnel dix jours apr\u00e8s les inondations"},"content":{"rendered":"<p>Un troisi\u00e8me rescap\u00e9, de nationalit\u00e9 chinoise, a \u00e9t\u00e9 extrait vivant d&rsquo;un tunnel, a indiqu\u00e9 l&rsquo;arm\u00e9e ce samedi 5\u00a0septembre.<\/p>\n<p>Les secours <a href=\"https:\/\/www.bfmtv.com\/international\/video-une-maison-miraculee-devenue-virale-apres-les-crues-devastatrices-au-nepal_VN-202609040681.html\" title=\"Une maison miracul\u00e9e devenue virale apr\u00e8s les crues d\u00e9vastatrices au N\u00e9pal\" class=\"internal_link\" rel=\"nofollow noopener\" target=\"_blank\">n\u00e9palais<\/a> sont parvenus samedi \u00e0 extraire une troisi\u00e8me personne, de nationalit\u00e9 chinoise, d&rsquo;un tunnel du nord du pays o\u00f9 il \u00e9tait retenu prisonnier depuis la crue meurtri\u00e8re du 26\u00a0ao\u00fbt, a-t-on appris aupr\u00e8s de l&rsquo;arm\u00e9e.<\/p>\n<p>\u00ab\u00a0Un ressortissant chinois vient juste d&rsquo;\u00eatre sorti d&rsquo;un tunnel\u00a0\u00bb, a d\u00e9clar\u00e9 \u00e0 l&rsquo;AFP un porte-parole de l&rsquo;arm\u00e9e, Raja Ram Basnet, sans autre d\u00e9tail. Vendredi, deux ouvriers n\u00e9palais avaient d\u00e9j\u00e0 \u00e9t\u00e9 extraits vivants d&rsquo;un tunnel enseveli sous la boue, les premiers depuis la catastrophe.<\/p>\n<p><img decoding=\"async\" src=\"https:\/\/www.europesays.com\/fr\/wp-content\/uploads\/2026\/09\/principale-750_1.jpg\"  alt=\"N\u00e9pal : des villages entiers engloutis \u2013 29\/08\" title=\"N\u00e9pal : des villages entiers engloutis \u2013 29\/08\"\/>N\u00e9pal : des villages entiers engloutis \u2013 29\/08<\/p>\n<p><strong>&gt;&gt; Plus d&rsquo;informations \u00e0 venir sur BFM\u2026<\/strong><\/p>\n","protected":false},"excerpt":{"rendered":"Un troisi\u00e8me rescap\u00e9, de nationalit\u00e9 chinoise, a \u00e9t\u00e9 extrait vivant d&rsquo;un tunnel, a indiqu\u00e9 l&rsquo;arm\u00e9e ce samedi 5\u00a0septembre.&hellip;\n","protected":false},"author":2,"featured_media":1168666,"comment_status":"","ping_status":"","sticky":false,"template":"","format":"standard","meta":{"footnotes":"","_share_on_mastodon":"0"},"categories":[5],"tags":[11,1011,27,14,12,28],"class_list":["post-1168665","post","type-post","status-publish","format-standard","has-post-thumbnail","category-international","tag-actualites","tag-fr","tag-france","tag-international","tag-news","tag-world"],"share_on_mastodon":{"url":"https:\/\/pubeurope.com\/@fr\/117217813232448220","error":""},"_links":{"self":[{"href":"https:\/\/www.europesays.com\/fr\/wp-json\/wp\/v2\/posts\/1168665","targetHints":{"allow":["GET"]}}],"collection":[{"href":"https:\/\/www.europesays.com\/fr\/wp-json\/wp\/v2\/posts"}],"about":[{"href":"https:\/\/www.europesays.com\/fr\/wp-json\/wp\/v2\/types\/post"}],"author":[{"embeddable":true,"href":"https:\/\/www.europesays.com\/fr\/wp-json\/wp\/v2\/users\/2"}],"replies":[{"embeddable":true,"href":"https:\/\/www.europesays.com\/fr\/wp-json\/wp\/v2\/comments?post=1168665"}],"version-history":[{"count":0,"href":"https:\/\/www.europesays.com\/fr\/wp-json\/wp\/v2\/posts\/1168665\/revisions"}],"wp:featuredmedia":[{"embeddable":true,"href":"https:\/\/www.europesays.com\/fr\/wp-json\/wp\/v2\/media\/1168666"}],"wp:attachment":[{"href":"https:\/\/www.europesays.com\/fr\/wp-json\/wp\/v2\/media?parent=1168665"}],"wp:term":[{"taxonomy":"category","embeddable":true,"href":"https:\/\/www.europesays.com\/fr\/wp-json\/wp\/v2\/categories?post=1168665"},{"taxonomy":"post_tag","embeddable":true,"href":"https:\/\/www.europesays.com\/fr\/wp-json\/wp\/v2\/tags?post=1168665"}],"curies":[{"name":"wp","href":"https:\/\/api.w.org\/{rel}","templated":true}]}}