{"id":1168670,"date":"2026-09-05T09:52:17","date_gmt":"2026-09-05T09:52:17","guid":{"rendered":"https:\/\/www.europesays.com\/fr\/1168670\/"},"modified":"2026-09-05T09:52:17","modified_gmt":"2026-09-05T09:52:17","slug":"environnement-le-casse-tete-des-autorites-face-au-risque-incendie-dans-les-gorges-de-la-loire","status":"publish","type":"post","link":"https:\/\/www.europesays.com\/fr\/1168670\/","title":{"rendered":"Environnement. \u00a0Le casse-t\u00eate des autorit\u00e9s face au risque incendie dans les Gorges de la Loire"},"content":{"rendered":"<p>Ce sont de belles b\u00e2tisses, construites au XVIIe\u00a0si\u00e8cle, entour\u00e9es par la Loire d\u2019un c\u00f4t\u00e9 et la for\u00eat de l\u2019autre. <a href=\"https:\/\/www.leprogres.fr\/environnement\/2024\/08\/21\/les-echandes-un-petit-coin-de-paradis-tres-prise-en-bord-de-loire\" target=\"_blank\" rel=\"nofollow noopener\">V\u00e9ritable paradis, le hameau des \u00c9chandes<\/a>, \u00e0 proximit\u00e9 du barrage de Grangent, a failli conna\u00eetre le drame tout r\u00e9cemment. Le d\u00e9but du mois de juillet a vu le d\u00e9part d\u2019un incendie, heureusement vite ma\u00eetris\u00e9 par les sapeurs-pompiers du Service d\u00e9partemental d&rsquo;incendie et de secours (Sdis).<\/p>\n<p>Cet \u00e9pisode n\u2019a pas \u00e9t\u00e9 un cas isol\u00e9, d\u2019autres d\u00e9parts de feu ont \u00e9t\u00e9 recens\u00e9s au cours de l\u00e9t\u00e9 et des pr\u00e9c\u00e9dents, au c\u0153ur de la r\u00e9serve naturelle des Gorges de la Loire.<\/p>\n<p>Po&#8230;<\/p>\n","protected":false},"excerpt":{"rendered":"Ce sont de belles b\u00e2tisses, construites au XVIIe\u00a0si\u00e8cle, entour\u00e9es par la Loire d\u2019un c\u00f4t\u00e9 et la for\u00eat de&hellip;\n","protected":false},"author":2,"featured_media":1168671,"comment_status":"","ping_status":"","sticky":false,"template":"","format":"standard","meta":{"footnotes":"","_share_on_mastodon":"0"},"categories":[9653],"tags":[1111,11,2430,271,272,7539,436,1777,674,274,107,1011,27,3367,12,25,4001,29878,10806,104,14024,14025],"class_list":["post-1168670","post","type-post","status-publish","format-standard","has-post-thumbnail","category-saint-etienne","tag-actu","tag-actualites","tag-auvergne-rhone-alpes","tag-crime","tag-delit-et-contravention","tag-edition-loire-sud","tag-environnement","tag-eu","tag-europe","tag-faits-divers-justice","tag-fil-info","tag-fr","tag-france","tag-loire","tag-news","tag-republique-francaise","tag-saint-etienne","tag-saint-victor-sur-loire","tag-selection-de-la-redaction-42","tag-societe","tag-unieux","tag-unieux-bassin"],"share_on_mastodon":{"url":"https:\/\/pubeurope.com\/@fr\/117217823869240384","error":""},"_links":{"self":[{"href":"https:\/\/www.europesays.com\/fr\/wp-json\/wp\/v2\/posts\/1168670","targetHints":{"allow":["GET"]}}],"collection":[{"href":"https:\/\/www.europesays.com\/fr\/wp-json\/wp\/v2\/posts"}],"about":[{"href":"https:\/\/www.europesays.com\/fr\/wp-json\/wp\/v2\/types\/post"}],"author":[{"embeddable":true,"href":"https:\/\/www.europesays.com\/fr\/wp-json\/wp\/v2\/users\/2"}],"replies":[{"embeddable":true,"href":"https:\/\/www.europesays.com\/fr\/wp-json\/wp\/v2\/comments?post=1168670"}],"version-history":[{"count":0,"href":"https:\/\/www.europesays.com\/fr\/wp-json\/wp\/v2\/posts\/1168670\/revisions"}],"wp:featuredmedia":[{"embeddable":true,"href":"https:\/\/www.europesays.com\/fr\/wp-json\/wp\/v2\/media\/1168671"}],"wp:attachment":[{"href":"https:\/\/www.europesays.com\/fr\/wp-json\/wp\/v2\/media?parent=1168670"}],"wp:term":[{"taxonomy":"category","embeddable":true,"href":"https:\/\/www.europesays.com\/fr\/wp-json\/wp\/v2\/categories?post=1168670"},{"taxonomy":"post_tag","embeddable":true,"href":"https:\/\/www.europesays.com\/fr\/wp-json\/wp\/v2\/tags?post=1168670"}],"curies":[{"name":"wp","href":"https:\/\/api.w.org\/{rel}","templated":true}]}}