{"id":1168672,"date":"2026-09-05T09:53:18","date_gmt":"2026-09-05T09:53:18","guid":{"rendered":"https:\/\/www.europesays.com\/fr\/1168672\/"},"modified":"2026-09-05T09:53:18","modified_gmt":"2026-09-05T09:53:18","slug":"asse-un-coup-xxl-a-5-millions-pour-remplacer-srassin-cet-hiver","status":"publish","type":"post","link":"https:\/\/www.europesays.com\/fr\/1168672\/","title":{"rendered":"ASSE : Un coup XXL \u00e0 5 millions pour remplacer Srassin cet hiver ?"},"content":{"rendered":"<p>Lucas Stassin s\u2019appr\u00eate \u00e0 quitter Saint-\u00c9tienne. Strasbourg, \u00e0 la recherche d\u2019un avant-centre de toute urgence apr\u00e8s les blessures et le d\u00e9part d\u2019Emmanuel Emegha, pousse fort pour le recruter, et les n\u00e9gociations avancent.<\/p>\n<p class=\"wp-block-paragraph\">Pour compenser ce d\u00e9part, les Verts ont pris contact avec Adriano Bertaccini, attaquant belge de 26 ans \u00e9voluant \u00e0 Anderlecht. La saison derni\u00e8re, il a sign\u00e9 neuf buts et sept passes d\u00e9cisives sous les couleurs bruxelloises. Le journaliste Sacha Tavolieri de Sky Sports a r\u00e9v\u00e9l\u00e9 sur son compte X : \u00ab Anderlecht r\u00e9clame toujours un transfert d\u00e9finitif. Pour pallier un possible d\u00e9part de Lucas Stassin, l\u2019AS Saint-\u00c9tienne est venu aux renseignements. Norwich City aussi. Un d\u00e9part est \u00e0 l\u2019ordre du jour. \u00bb<\/p>\n<p class=\"wp-block-paragraph\"><strong>Bertaccini coch\u00e9, mais l\u2019ASSE ne se pr\u00e9cipite pas<\/strong><\/p>\n<p class=\"wp-block-paragraph\">Valoris\u00e9 \u00e0 environ 5 millions d\u2019euros, Bertaccini pla\u00eet \u00e0 Ian Cathro. Mais le club st\u00e9phanois prend son temps : sans Stassin dans le onze de d\u00e9part depuis le d\u00e9but de saison, les Verts ont quand m\u00eame \u00e9cras\u00e9 Grenoble 4-0 samedi, avec Irvin Cardona en pointe. Pas vraiment de quoi paniquer.<\/p>\n","protected":false},"excerpt":{"rendered":"Lucas Stassin s\u2019appr\u00eate \u00e0 quitter Saint-\u00c9tienne. Strasbourg, \u00e0 la recherche d\u2019un avant-centre de toute urgence apr\u00e8s les blessures&hellip;\n","protected":false},"author":2,"featured_media":784389,"comment_status":"","ping_status":"","sticky":false,"template":"","format":"standard","meta":{"footnotes":"","_share_on_mastodon":"0"},"categories":[9653],"tags":[1111,11,2430,1777,674,1011,27,12,25,4001],"class_list":["post-1168672","post","type-post","status-publish","format-standard","has-post-thumbnail","category-saint-etienne","tag-actu","tag-actualites","tag-auvergne-rhone-alpes","tag-eu","tag-europe","tag-fr","tag-france","tag-news","tag-republique-francaise","tag-saint-etienne"],"share_on_mastodon":{"url":"https:\/\/pubeurope.com\/@fr\/117217827725554970","error":""},"_links":{"self":[{"href":"https:\/\/www.europesays.com\/fr\/wp-json\/wp\/v2\/posts\/1168672","targetHints":{"allow":["GET"]}}],"collection":[{"href":"https:\/\/www.europesays.com\/fr\/wp-json\/wp\/v2\/posts"}],"about":[{"href":"https:\/\/www.europesays.com\/fr\/wp-json\/wp\/v2\/types\/post"}],"author":[{"embeddable":true,"href":"https:\/\/www.europesays.com\/fr\/wp-json\/wp\/v2\/users\/2"}],"replies":[{"embeddable":true,"href":"https:\/\/www.europesays.com\/fr\/wp-json\/wp\/v2\/comments?post=1168672"}],"version-history":[{"count":0,"href":"https:\/\/www.europesays.com\/fr\/wp-json\/wp\/v2\/posts\/1168672\/revisions"}],"wp:featuredmedia":[{"embeddable":true,"href":"https:\/\/www.europesays.com\/fr\/wp-json\/wp\/v2\/media\/784389"}],"wp:attachment":[{"href":"https:\/\/www.europesays.com\/fr\/wp-json\/wp\/v2\/media?parent=1168672"}],"wp:term":[{"taxonomy":"category","embeddable":true,"href":"https:\/\/www.europesays.com\/fr\/wp-json\/wp\/v2\/categories?post=1168672"},{"taxonomy":"post_tag","embeddable":true,"href":"https:\/\/www.europesays.com\/fr\/wp-json\/wp\/v2\/tags?post=1168672"}],"curies":[{"name":"wp","href":"https:\/\/api.w.org\/{rel}","templated":true}]}}