{"id":1168675,"date":"2026-09-05T09:55:44","date_gmt":"2026-09-05T09:55:44","guid":{"rendered":"https:\/\/www.europesays.com\/fr\/1168675\/"},"modified":"2026-09-05T09:55:44","modified_gmt":"2026-09-05T09:55:44","slug":"nouveau-visage-nouveaux-resultats-le-depart-reussi-de-las-nancy-lorraine-est-a-confirmer","status":"publish","type":"post","link":"https:\/\/www.europesays.com\/fr\/1168675\/","title":{"rendered":"Nouveau visage, nouveaux r\u00e9sultats\u00a0: le d\u00e9part r\u00e9ussi de l&rsquo;AS Nancy Lorraine est \u00e0 confirmer"},"content":{"rendered":"<p>Malgr\u00e9 un \u00e9t\u00e9 marqu\u00e9 par d&rsquo;importants remaniements, l&rsquo;ASNL r\u00e9ussit un d\u00e9but de saison convaincant avec 7 points en 4 matchs. Entre nouveau jeu offensif et solidit\u00e9 retrouv\u00e9e, les Nanc\u00e9iens abordent les deux matchs \u00e0 venir face \u00e0 Nantes puis Reims avec ambition mais pr\u00e9caution.<\/p>\n<p>L&rsquo;ASNL cr\u00e9e la surprise en ce d\u00e9but de championnat. Alors que l&rsquo;\u00e9t\u00e9 laissait craindre une p\u00e9riode de rodage compliqu\u00e9e en raison du changement d&rsquo;entra\u00eeneur et du renouvellement massif de l&rsquo;effectif, le club r\u00e9alise un d\u00e9part particuli\u00e8rement encourageant. Avec sept points engrang\u00e9s lors des quatre premi\u00e8res journ\u00e9es, l&rsquo;\u00e9quipe fait preuve d&rsquo;une capacit\u00e9 d&rsquo;adaptation et affiche d\u00e9j\u00e0 un temps d&rsquo;avance sur les pr\u00e9visions initiales.<\/p>\n<p>Au-del\u00e0 du simple bilan comptable, c&rsquo;est l&rsquo;identit\u00e9 de jeu affich\u00e9e qui s\u00e9duit. Sous la conduite d&rsquo;Oswald Tanchot, la formation nanc\u00e9ienne op\u00e8re une mutation tactique remarquable. L&rsquo;\u00e9quipe rompt avec le style des saisons pr\u00e9c\u00e9dentes pour proposer un football plus ambitieux, articul\u00e9 autour de la possession et de la cr\u00e9ativit\u00e9 offensive. Cette transformation s&rsquo;effectue sans compromettre la rigueur d\u00e9fensive, offrant un \u00e9quilibre rassurant pour la suite de la comp\u00e9tition.<\/p>\n<p>Au r\u00e9v\u00e9lateur nantais et r\u00e9mois<\/p>\n<p>Ce renouveau s&rsquo;appr\u00eate toutefois \u00e0 passer un test qui ne manque pas de saveur. Le prochain d\u00e9placement sur la pelouse du FC Nantes, ce lundi (20h45), repr\u00e9sente une opportunit\u00e9 id\u00e9ale de confirmer cette dynamique face \u00e0 un adversaire rel\u00e9gu\u00e9 de Ligue 1 mais en souffrance. Ce choc \u00e0 la Beaujoire, suivi de la r\u00e9ception de Reims, constituera un v\u00e9ritable barom\u00e8tre pour mesurer le potentiel r\u00e9el des Rouge et Blanc sur la dur\u00e9e.<\/p>\n<p>Face \u00e0 cet enthousiasme naissant, le mot d&rsquo;ordre reste la mesure. Si la coh\u00e9sion et les r\u00e9sultats actuels ne doivent rien au hasard, l&rsquo;entourage du club rappelle qu&rsquo;il convient de ne pas br\u00fbler les \u00e9tapes. Seuls l&rsquo;humilit\u00e9 et le travail permettront de transformer ce superbe d\u00e9part en une r\u00e9ussite p\u00e9renne tout au long de la saison. Ecoutez <strong>100% ASNL le podcast.<\/strong><\/p>\n<p>\u00c0 lire aussi   <img decoding=\"async\" src=\"https:\/\/www.europesays.com\/fr\/wp-content\/uploads\/2026\/09\/1788602144_90_400x400.jpeg\" alt=\"\" style=\"--_image-preview:url('data:image\/jpeg;base64,\/9j\/2wBDACgcHiMeGSgjISMtKygwPGRBPDc3PHtYXUlkkYCZlo+AjIqgtObDoKrarYqMyP\/L2u71\/\/\/\/m8H\/\/\/\/6\/+b9\/\/j\/2wBDASstLTw1PHZBQXb4pYyl+Pj4+Pj4+Pj4+Pj4+Pj4+Pj4+Pj4+Pj4+Pj4+Pj4+Pj4+Pj4+Pj4+Pj4+Pj4+Pj4+Pj\/wAARCAAXACoDASIAAhEBAxEB\/8QAFwABAQEBAAAAAAAAAAAAAAAAAAIBBP\/EABYQAQEBAAAAAAAAAAAAAAAAAAABEf\/EABcBAAMBAAAAAAAAAAAAAAAAAAECAwT\/xAAXEQEBAQEAAAAAAAAAAAAAAAAAAQIR\/9oADAMBAAIRAxEAPwDmkVhIrA6rcpwxeJoxOxmGDTARQIxr0VNA8Z9JtZoGI\/\/Z');\" loading=\"lazy\" fetchpriority=\"low\" aria-hidden=\"true\" class=\"svelte-1cksh76 rounded\" onload=\"this.__e=event\" onerror=\"this.__e=event\"\/><\/p>\n","protected":false},"excerpt":{"rendered":"Malgr\u00e9 un \u00e9t\u00e9 marqu\u00e9 par d&rsquo;importants remaniements, l&rsquo;ASNL r\u00e9ussit un d\u00e9but de saison convaincant avec 7 points en&hellip;\n","protected":false},"author":2,"featured_media":1168676,"comment_status":"","ping_status":"","sticky":false,"template":"","format":"standard","meta":{"footnotes":"","_share_on_mastodon":"0"},"categories":[9635],"tags":[1111,11,1777,674,1011,27,775,1702,12,25],"class_list":["post-1168675","post","type-post","status-publish","format-standard","has-post-thumbnail","category-nancy","tag-actu","tag-actualites","tag-eu","tag-europe","tag-fr","tag-france","tag-grand-est","tag-nancy","tag-news","tag-republique-francaise"],"share_on_mastodon":{"url":"https:\/\/pubeurope.com\/@fr\/117217836951197304","error":""},"_links":{"self":[{"href":"https:\/\/www.europesays.com\/fr\/wp-json\/wp\/v2\/posts\/1168675","targetHints":{"allow":["GET"]}}],"collection":[{"href":"https:\/\/www.europesays.com\/fr\/wp-json\/wp\/v2\/posts"}],"about":[{"href":"https:\/\/www.europesays.com\/fr\/wp-json\/wp\/v2\/types\/post"}],"author":[{"embeddable":true,"href":"https:\/\/www.europesays.com\/fr\/wp-json\/wp\/v2\/users\/2"}],"replies":[{"embeddable":true,"href":"https:\/\/www.europesays.com\/fr\/wp-json\/wp\/v2\/comments?post=1168675"}],"version-history":[{"count":0,"href":"https:\/\/www.europesays.com\/fr\/wp-json\/wp\/v2\/posts\/1168675\/revisions"}],"wp:featuredmedia":[{"embeddable":true,"href":"https:\/\/www.europesays.com\/fr\/wp-json\/wp\/v2\/media\/1168676"}],"wp:attachment":[{"href":"https:\/\/www.europesays.com\/fr\/wp-json\/wp\/v2\/media?parent=1168675"}],"wp:term":[{"taxonomy":"category","embeddable":true,"href":"https:\/\/www.europesays.com\/fr\/wp-json\/wp\/v2\/categories?post=1168675"},{"taxonomy":"post_tag","embeddable":true,"href":"https:\/\/www.europesays.com\/fr\/wp-json\/wp\/v2\/tags?post=1168675"}],"curies":[{"name":"wp","href":"https:\/\/api.w.org\/{rel}","templated":true}]}}