{"id":1168677,"date":"2026-09-05T09:57:13","date_gmt":"2026-09-05T09:57:13","guid":{"rendered":"https:\/\/www.europesays.com\/fr\/1168677\/"},"modified":"2026-09-05T09:57:13","modified_gmt":"2026-09-05T09:57:13","slug":"a-la-veille-des-elections-professionnelles-la-secretaire-generale-de-la-cfdt-marylise-leon-en-visite-sur-la-base-navale-de-toulon","status":"publish","type":"post","link":"https:\/\/www.europesays.com\/fr\/1168677\/","title":{"rendered":"\u00c0 la veille des \u00e9lections professionnelles, la secr\u00e9taire g\u00e9n\u00e9rale de la CFDT Marylise L\u00e9on en visite sur la base navale de Toulon"},"content":{"rendered":"<p>La visite de <a href=\"https:\/\/www.nicematin.com\/societe\/politique\/faire-les-poches-des-chomeurs-ne-resoudra-pas-les-problemes-du-pays-denonce-la-leader-de-la-cfdt-marylise-leon-981974\" rel=\"nofollow noopener\" target=\"_blank\">Marylise L\u00e9on<\/a> ce jeudi 10\u00a0septembre \u00e0 Toulon arrive \u00e0 point nomm\u00e9 pour le syndicat CFDT D\u00e9fense M\u00e9diterran\u00e9e. Car deux \u00e9lections professionnelles d\u00e9terminantes se profilent\u00a0: <strong>celles de la fonction publique, du 3\u00a0au 10\u00a0d\u00e9cembre, et celles de Naval Group, du 8\u00a0au 15\u00a0octobre.<\/strong> Quatri\u00e8me syndicat (derri\u00e8re FO, l\u2019Unsa et la CGT) sur la base navale o\u00f9 quelque 6\u00a0500\u00a0civils travaillent, la CFDT a donc une carte \u00e0 jouer, et fait appel \u00e0 sa m\u00e9diatique secr\u00e9taire nationale pour susciter l\u2019int\u00e9r\u00eat des salari\u00e9s. \u00ab\u00a0En 2022\u00a0Laurent Berger \u00e9tait venu mais il \u00e9tait mont\u00e9 sur un sous-marin. L\u00e0 nous l\u2019emmenons au plus pr\u00e8s des m\u00e9tiers, dans les hangars o\u00f9 il fait chaud avec la canicule, mais aussi dans les bureaux \u00e0 Naval Group\u00a0\u00bb, pr\u00e9cise Fabien Scharff, secr\u00e9taire du Syndicat D\u00e9fense M\u00e9diterran\u00e9e qui revendique <strong>1\u00a0223\u00a0adh\u00e9rents dont 280\u00a0\u00e0 Naval group.<\/strong><\/p>\n<p>O\u00f9 les revendications sont assez diff\u00e9rentes de celles des personnels civils du secteur d\u00e9fense, soit pr\u00e8s de 10\u00a0000\u00a0personnes dans la r\u00e9gion. \u00ab\u00a0\u00c0 l\u2019arsenal, le point essentiel est celui de la revalorisation salariale, avec la valeur du point d\u2019indice gel\u00e9e depuis des ann\u00e9es et le co\u00fbt de la vie qui explose. Cela cr\u00e9e un manque d\u2019attractivit\u00e9, avec de plus en plus de demandes de ruptures conventionnelles\u00a0; les gens pr\u00e9f\u00e8rent cr\u00e9er leur entreprise. Dans le domaine de la cybers\u00e9curit\u00e9, dans le priv\u00e9, la diff\u00e9rence de salaires par rapport au secteur public les \u00e9c\u0153ure\u00a0\u00bb, estime le syndicaliste qui pointe aussi \u00ab\u00a0le stress li\u00e9 aux r\u00e9organisations incessantes.\u00a0\u00bb<\/p>\n<p class=\"fs-5 \">Ce jeudi, Marylise L\u00e9on, apr\u00e8s un d\u00e9jeuner aux c\u00f4t\u00e9s des autorit\u00e9s de la base de d\u00e9fense, et une rencontre avec les militants et adh\u00e9rents CFDT, visitera ainsi notamment l\u2019atelier du service logistique de la Marine et rencontrera des salari\u00e9s de Naval Group. \u00ab\u00a0O\u00f9 les salaires au contraire sont plut\u00f4t attractifs. Le sujet de pr\u00e9occupation est plut\u00f4t celui de la d\u00e9connexion, en particulier parmi les cadres. Le d\u00e9placement des activit\u00e9s de Saint-Tropez vers le site des Bormettes \u00e0 La Londe-les-Maures g\u00e9n\u00e8re aussi du stress, la crainte qu\u2019il soit sous-dimensionn\u00e9 par rapport au carnet de commandes.\u00a0\u00bb<\/p>\n<p class=\"fs-5 \">Autant de sujets que souhaitent aborder ce jeudi les militants CFDT, qui organisent aussi une conf\u00e9rence de presse en milieu d\u2019apr\u00e8s-midi.<\/p>\n","protected":false},"excerpt":{"rendered":"La visite de Marylise L\u00e9on ce jeudi 10\u00a0septembre \u00e0 Toulon arrive \u00e0 point nomm\u00e9 pour le syndicat CFDT&hellip;\n","protected":false},"author":2,"featured_media":1168678,"comment_status":"","ping_status":"","sticky":false,"template":"","format":"standard","meta":{"footnotes":"","_share_on_mastodon":"0"},"categories":[9619],"tags":[1111,11,1777,674,1011,27,12,882,25,2310],"class_list":["post-1168677","post","type-post","status-publish","format-standard","has-post-thumbnail","category-toulon","tag-actu","tag-actualites","tag-eu","tag-europe","tag-fr","tag-france","tag-news","tag-provence-alpes-cote-dazur","tag-republique-francaise","tag-toulon"],"share_on_mastodon":{"url":"https:\/\/pubeurope.com\/@fr\/117217843204406582","error":""},"_links":{"self":[{"href":"https:\/\/www.europesays.com\/fr\/wp-json\/wp\/v2\/posts\/1168677","targetHints":{"allow":["GET"]}}],"collection":[{"href":"https:\/\/www.europesays.com\/fr\/wp-json\/wp\/v2\/posts"}],"about":[{"href":"https:\/\/www.europesays.com\/fr\/wp-json\/wp\/v2\/types\/post"}],"author":[{"embeddable":true,"href":"https:\/\/www.europesays.com\/fr\/wp-json\/wp\/v2\/users\/2"}],"replies":[{"embeddable":true,"href":"https:\/\/www.europesays.com\/fr\/wp-json\/wp\/v2\/comments?post=1168677"}],"version-history":[{"count":0,"href":"https:\/\/www.europesays.com\/fr\/wp-json\/wp\/v2\/posts\/1168677\/revisions"}],"wp:featuredmedia":[{"embeddable":true,"href":"https:\/\/www.europesays.com\/fr\/wp-json\/wp\/v2\/media\/1168678"}],"wp:attachment":[{"href":"https:\/\/www.europesays.com\/fr\/wp-json\/wp\/v2\/media?parent=1168677"}],"wp:term":[{"taxonomy":"category","embeddable":true,"href":"https:\/\/www.europesays.com\/fr\/wp-json\/wp\/v2\/categories?post=1168677"},{"taxonomy":"post_tag","embeddable":true,"href":"https:\/\/www.europesays.com\/fr\/wp-json\/wp\/v2\/tags?post=1168677"}],"curies":[{"name":"wp","href":"https:\/\/api.w.org\/{rel}","templated":true}]}}