{"id":1168679,"date":"2026-09-05T09:58:17","date_gmt":"2026-09-05T09:58:17","guid":{"rendered":"https:\/\/www.europesays.com\/fr\/1168679\/"},"modified":"2026-09-05T09:58:17","modified_gmt":"2026-09-05T09:58:17","slug":"la-marine-nationale-fete-ses-400-ans-ce-samedi-avec-animations-ceremonie-et-concerts-a-toulon","status":"publish","type":"post","link":"https:\/\/www.europesays.com\/fr\/1168679\/","title":{"rendered":"La Marine nationale f\u00eate ses 400 ans ce samedi avec animations, c\u00e9r\u00e9monie et concerts \u00e0 Toulon"},"content":{"rendered":"<p>La place de la Libert\u00e9 accueille ce samedi huit heures de festivit\u00e9s pour c\u00e9l\u00e9brer quatre si\u00e8cles de Marine nationale au c\u0153ur de Toulon.\n<\/p>\n<p>400 ans Marine Toulon \u2013 CREDIT : Ville de Toulon<\/p>\n<p>La Marine nationale c\u00e9l\u00e8bre ses 400 ans \u00e0 Toulon ce samedi 5 septembre 2026. De 14h \u00e0 22h, la place de la Libert\u00e9 accueillera un apr\u00e8s-midi et une soir\u00e9e ouverts au public, m\u00ealant d\u00e9couverte des m\u00e9tiers et des \u00e9quipements de la Marine, c\u00e9r\u00e9monie militaire et musique. L\u2019acc\u00e8s \u00e0 l\u2019\u00e9v\u00e9nement est annonc\u00e9 comme libre.<\/p>\n<p>Toulon occupe une place particuli\u00e8re dans cette ann\u00e9e anniversaire. La Marine nationale pr\u00e9sente la ville comme l\u2019un de ses points d\u2019ancrage historiques, tandis que 2026 marque quatre si\u00e8cles depuis l\u2019institution, en 1626 sous l\u2019impulsion du cardinal de Richelieu, d\u2019une Marine d\u2019\u00c9tat permanente et organis\u00e9e sous un commandement unifi\u00e9.<\/p>\n<p>Un village pour rencontrer les marins de 14h \u00e0 18h<\/p>\n<p>Les festivit\u00e9s d\u00e9buteront \u00e0 14h place de la Libert\u00e9 avec l\u2019installation d\u2019un village d\u2019animations accessible jusqu\u2019\u00e0 18h.<\/p>\n<p>Le public pourra participer \u00e0 des ateliers p\u00e9dagogiques, rencontrer directement des marins et d\u00e9couvrir une exposition de maquettes. Plusieurs stands partenaires seront \u00e9galement install\u00e9s sur la place. L\u2019objectif affich\u00e9 est de permettre au plus grand nombre de mieux conna\u00eetre les missions, les \u00e9quipements et les femmes et hommes de la Marine nationale.<\/p>\n<p>L\u2019\u00e9v\u00e9nement s\u2019adresse ainsi aussi bien aux passionn\u00e9s qu\u2019aux familles et aux curieux souhaitant d\u00e9couvrir l\u2019univers de la Marine sans entrer dans la base navale.<\/p>\n<p>\u00c0 18h, Toulon comm\u00e9morera la bataille de Chesapeake<\/p>\n<p>Le ton changera \u00e0 18h avec une c\u00e9r\u00e9monie militaire consacr\u00e9e \u00e0 la bataille de la baie de Chesapeake, remport\u00e9e par la flotte fran\u00e7aise le 5 septembre 1781.<\/p>\n<p>Cette victoire navale constitue un \u00e9pisode majeur de l\u2019histoire de la Marine. La R\u00e9gion Sud rappelle qu\u2019elle a jou\u00e9 un r\u00f4le d\u00e9cisif dans le processus ayant conduit \u00e0 l\u2019ind\u00e9pendance des \u00c9tats-Unis. La c\u00e9r\u00e9monie organis\u00e9e \u00e0 Toulon doit notamment mettre en avant \u00ab l\u2019audace et l\u2019esprit d\u2019innovation des \u00e9quipages \u00bb, selon le programme de la Marine nationale.<\/p>\n<p>Le choix du 5 septembre n\u2019est donc pas anodin : cette date est traditionnellement consacr\u00e9e \u00e0 la comm\u00e9moration de Chesapeake au sein de la Marine. En cette ann\u00e9e de quadricentenaire, des c\u00e9r\u00e9monies autour de cette bataille figurent parmi les grands rendez-vous programm\u00e9s pour les 400 ans.<\/p>\n<p><strong>Concert de jazz \u00e0 19h puis DJ jusqu\u2019\u00e0 22h<\/strong><\/p>\n<p>Apr\u00e8s la c\u00e9r\u00e9monie militaire, la place de la Libert\u00e9 prendra une ambiance plus festive.<\/p>\n<p>\u00c0 19h, la Musique de la Marine nationale donnera un concert de jazz. La soir\u00e9e se poursuivra ensuite de 20h \u00e0 22h avec un DJ. Des foodtrucks seront pr\u00e9sents de 19h \u00e0 22h pour permettre au public de se restaurer sur place.<\/p>\n<p>L\u2019ensemble de la manifestation est annonc\u00e9 en acc\u00e8s libre, de 14h \u00e0 22h, place de la Libert\u00e9. L\u2019Office de tourisme Provence M\u00e9diterran\u00e9e pr\u00e9cise \u00e9galement que les animaux ne sont pas accept\u00e9s sur l\u2019\u00e9v\u00e9nement.<\/p>\n<p>Les 400 ans de la Marine se poursuivront \u00e0 Toulon en septembre<\/p>\n<p>Cette journ\u00e9e du 5 septembre ne constitue pas le dernier rendez-vous du quadricentenaire dans la cit\u00e9 varoise.<\/p>\n<p>Le 19 septembre, un spectacle son et lumi\u00e8re consacr\u00e9 \u00e0 quatre si\u00e8cles d\u2019histoire de la Marine est annonc\u00e9 au fort Lamalgue, avec des images d\u2019archives et une cr\u00e9ation musicale interpr\u00e9t\u00e9e par l\u2019orchestre de la Musique de la Marine nationale. Le spectacle doit d\u00e9buter \u00e0 20h30.<\/p>\n<p>Puis, le 3 octobre, une course de 10 kilom\u00e8tres baptis\u00e9e \u00ab Foul\u00e9e des 400 ans \u00bb doit \u00eatre organis\u00e9e \u00e0 l\u2019int\u00e9rieur de la base navale de Toulon, avec un d\u00e9part porte Malbousquet et une arriv\u00e9e au stade Jaur\u00e9guiberry.<\/p>\n<p>Deux expositions consacr\u00e9es aux quatre si\u00e8cles de la Marine sont par ailleurs accessibles au Centre des archives de Toulon jusqu\u2019au 25 janvier 2027, dont \u00ab Quatre si\u00e8cles de Marine \u00e0 Toulon, 1626-2026 \u00bb, compos\u00e9e de plus de 150 documents d\u2019archives et ouvrages.<\/p>\n<p>Le programme de ce samedi 5 septembre \u00e0 Toulon<\/p>\n<p><strong>14h \u00e0 18h :<\/strong> village d\u2019animations, ateliers p\u00e9dagogiques, rencontres avec les marins, maquettes et stands partenaires.<br \/><strong>18h :<\/strong> c\u00e9r\u00e9monie militaire comm\u00e9morant la victoire fran\u00e7aise de la bataille de Chesapeake du 5 septembre 1781.<br \/><strong>19h :<\/strong> concert de jazz de la Musique de la Marine nationale.<br \/><strong>20h \u00e0 22h :<\/strong> soir\u00e9e avec DJ.<br \/><strong>19h \u00e0 22h :<\/strong> foodtrucks sur place.<\/p>\n<p><strong>Lieu :<\/strong> place de la Libert\u00e9 \u00e0 Toulon.<br \/><strong>Acc\u00e8s :<\/strong> libre.<\/p>\n","protected":false},"excerpt":{"rendered":"La place de la Libert\u00e9 accueille ce samedi huit heures de festivit\u00e9s pour c\u00e9l\u00e9brer quatre si\u00e8cles de Marine&hellip;\n","protected":false},"author":2,"featured_media":1168680,"comment_status":"","ping_status":"","sticky":false,"template":"","format":"standard","meta":{"footnotes":"","_share_on_mastodon":"0"},"categories":[9619],"tags":[1111,11,1777,674,1011,27,12,882,25,2310],"class_list":["post-1168679","post","type-post","status-publish","format-standard","has-post-thumbnail","category-toulon","tag-actu","tag-actualites","tag-eu","tag-europe","tag-fr","tag-france","tag-news","tag-provence-alpes-cote-dazur","tag-republique-francaise","tag-toulon"],"share_on_mastodon":{"url":"https:\/\/pubeurope.com\/@fr\/117217847198004360","error":""},"_links":{"self":[{"href":"https:\/\/www.europesays.com\/fr\/wp-json\/wp\/v2\/posts\/1168679","targetHints":{"allow":["GET"]}}],"collection":[{"href":"https:\/\/www.europesays.com\/fr\/wp-json\/wp\/v2\/posts"}],"about":[{"href":"https:\/\/www.europesays.com\/fr\/wp-json\/wp\/v2\/types\/post"}],"author":[{"embeddable":true,"href":"https:\/\/www.europesays.com\/fr\/wp-json\/wp\/v2\/users\/2"}],"replies":[{"embeddable":true,"href":"https:\/\/www.europesays.com\/fr\/wp-json\/wp\/v2\/comments?post=1168679"}],"version-history":[{"count":0,"href":"https:\/\/www.europesays.com\/fr\/wp-json\/wp\/v2\/posts\/1168679\/revisions"}],"wp:featuredmedia":[{"embeddable":true,"href":"https:\/\/www.europesays.com\/fr\/wp-json\/wp\/v2\/media\/1168680"}],"wp:attachment":[{"href":"https:\/\/www.europesays.com\/fr\/wp-json\/wp\/v2\/media?parent=1168679"}],"wp:term":[{"taxonomy":"category","embeddable":true,"href":"https:\/\/www.europesays.com\/fr\/wp-json\/wp\/v2\/categories?post=1168679"},{"taxonomy":"post_tag","embeddable":true,"href":"https:\/\/www.europesays.com\/fr\/wp-json\/wp\/v2\/tags?post=1168679"}],"curies":[{"name":"wp","href":"https:\/\/api.w.org\/{rel}","templated":true}]}}