{"id":1168681,"date":"2026-09-05T09:59:14","date_gmt":"2026-09-05T09:59:14","guid":{"rendered":"https:\/\/www.europesays.com\/fr\/1168681\/"},"modified":"2026-09-05T09:59:14","modified_gmt":"2026-09-05T09:59:14","slug":"shopping-a-montpellier-stradivarius-deploie-son-nouveau-concept-a-odysseum","status":"publish","type":"post","link":"https:\/\/www.europesays.com\/fr\/1168681\/","title":{"rendered":"Shopping \u00e0 Montpellier : Stradivarius d\u00e9ploie son nouveau concept \u00e0 Odysseum"},"content":{"rendered":"<p>                    Par<br \/>\n        <strong><br \/>\n            <a href=\"https:\/\/actu.fr\/auteur\/g-martin\" title=\"Consulter tous les articles de Gil Martin\" rel=\"nofollow noopener\" target=\"_blank\">Gil Martin<\/a><br \/>\n                    <\/strong><\/p>\n<p>        Publi\u00e9 le<\/p>\n<p>            5 sept. 2026 \u00e0 11h32        <\/p>\n<p>C\u2019\u00e9tait l\u2019une des op\u00e9ration estivales d\u2019Odysseum les plus attendues : <strong>le magasin Stradivarius a r\u00e9ouvert ses portes<\/strong> il y a quelques jours dans un format enti\u00e8rement r\u00e9nov\u00e9 et deux fois plus grand.<\/p>\n<p>Une boutique sur plus de 800 m2<\/p>\n<p class=\" wall-content\">La boutique de l\u2019enseigne espagnole, qui propose des v\u00eatements et des accessoires de mode \u00e0 prix comp\u00e9titifs, se d\u00e9ploie d\u00e9sormais <strong>sur plus de 800 m2 <\/strong>en adoptant le dernier concept d\u00e9velopp\u00e9 par la marque, \u00ab WAVE 2.0 \u00bb.<\/p>\n<p>\u00ab R\u00e9inventer les codes du pr\u00eat-\u00e0-porter urbain \u00bb<\/p>\n<p class=\" wall-content\">Ce concept, selon Stradivarius, \u00ab\u00a0<strong>r\u00e9invente les codes du pr\u00eat-\u00e0-porter urbain\u00a0<\/strong>\u00bb en visant, outre la pr\u00e9sentation des nouvelles collections, \u00e0 am\u00e9liorer l\u2019exp\u00e9rience client gr\u00e2ce notamment \u00e0 un am\u00e9nagement int\u00e9rieur adoptant <strong>mobilier suspendu au plafond<\/strong> en bois de ch\u00e2taignier, meubles aux formes et aux finitions arrondies dans la m\u00eame essence, <strong>et plus d\u2019espace au sol pour exposer les collections<\/strong>.<\/p>\n<p>Atmosph\u00e8re et \u00e9clairage retravaill\u00e9s<\/p>\n<p class=\" wall-content\">L\u2019atmosph\u00e8re a \u00e9galement \u00e9t\u00e9 travaill\u00e9e et, une fois franchies les grandes baies vitr\u00e9es, se veut \u00ab\u00a0apaisante\u00a0\u00bb gr\u00e2ce \u00e0 une <strong>palette chromatique douce<\/strong> m\u00ealant le blanc, le gris, l\u2019ocre et le beige. L\u2019\u00e9clairage a fait l\u2019objet d\u2019un soin particulier<strong> avec un syst\u00e8me LED de derni\u00e8re g\u00e9n\u00e9ration<\/strong> offrant une lumi\u00e8re homog\u00e8ne pour mettre en valeur les collections.<\/p>\n<p>    <a href=\"https:\/\/www.google.com\/maps\/embed?pb=!1m18!1m12!1m3!1d2889.0907198425944!2d3.9183421757154115!3d43.604652671104404!2m3!1f0!2f0!3f0!3m2!1i1024!2i768!4f13.1!3m3!1m2!1s0x12b6a5714667b6f9%3A0xfa900081ef66bf9c!2sStradivarius!5e0!3m2!1sfr!2sfr!4v1788343538565!5m2!1sfr!2sfr\" title=\"Ouvrie le lien\" rel=\"nofollow noopener\" target=\"_blank\">Cliquez ici pour visualiser le contenu<\/a><\/p>\n<p>Vid\u00e9os : en ce moment sur ActuUn parcours client plus fluide<\/p>\n<p class=\" wall-content\">A Odysseum, le concept \u00ab\u00a0Wave 2.0\u00a0\u00bb propose aussi une totale transition digitale pens\u00e9e pour <strong>\u00e9liminer l\u2019attente en caisse et fluidifier le parcours d\u2019achat<\/strong>. La zone de paiement int\u00e8gre un nouvel espace de caisses en libre-service \u00e0 passage rapide ainsi que des bornes de retour autonomes. Le dispositif comprend huit caisses automatiques (ACO), dont deux syst\u00e8mes de pointe d\u00e9di\u00e9s au recyclage des esp\u00e8ces.<\/p>\n<p class=\" wall-content\">A Montpellier, Stradivarius <strong>amorce un nouveau virage<\/strong> face \u00e0 Primark afin de s\u00e9duire la client\u00e8le d\u00e9sormais tourn\u00e9e vers le fast-fashion.<\/p>\n<p class=\" wall-content\">Personnalisez votre actualit\u00e9 en ajoutant vos villes et m\u00e9dias en favori avec <a href=\"https:\/\/moncompte.actu.fr\" title=\"D\u00e9couvez Mon Actu\" rel=\"nofollow noopener\" data-trk=\"{&quot;cta&quot;:{&quot;action&quot;:&quot;https:\\\/\\\/moncompte.actu.fr&quot;,&quot;category&quot;:&quot;mon compte&quot;,&quot;from&quot;:&quot;article footer&quot;,&quot;name&quot;:&quot;Mon actu&quot;,&quot;type&quot;:&quot;cta&quot;}}\" target=\"_blank\">Mon Actu<\/a>.<\/p>\n","protected":false},"excerpt":{"rendered":"Par Gil Martin Publi\u00e9 le 5 sept. 2026 \u00e0 11h32 C\u2019\u00e9tait l\u2019une des op\u00e9ration estivales d\u2019Odysseum les plus&hellip;\n","protected":false},"author":2,"featured_media":1168682,"comment_status":"","ping_status":"","sticky":false,"template":"","format":"standard","meta":{"footnotes":"","_share_on_mastodon":"0"},"categories":[9599],"tags":[1111,11,1777,674,1011,27,2208,12,2680,25,104],"class_list":["post-1168681","post","type-post","status-publish","format-standard","has-post-thumbnail","category-montpellier","tag-actu","tag-actualites","tag-eu","tag-europe","tag-fr","tag-france","tag-montpellier","tag-news","tag-occitanie","tag-republique-francaise","tag-societe"],"share_on_mastodon":{"url":"https:\/\/pubeurope.com\/@fr\/117217851529219721","error":""},"_links":{"self":[{"href":"https:\/\/www.europesays.com\/fr\/wp-json\/wp\/v2\/posts\/1168681","targetHints":{"allow":["GET"]}}],"collection":[{"href":"https:\/\/www.europesays.com\/fr\/wp-json\/wp\/v2\/posts"}],"about":[{"href":"https:\/\/www.europesays.com\/fr\/wp-json\/wp\/v2\/types\/post"}],"author":[{"embeddable":true,"href":"https:\/\/www.europesays.com\/fr\/wp-json\/wp\/v2\/users\/2"}],"replies":[{"embeddable":true,"href":"https:\/\/www.europesays.com\/fr\/wp-json\/wp\/v2\/comments?post=1168681"}],"version-history":[{"count":0,"href":"https:\/\/www.europesays.com\/fr\/wp-json\/wp\/v2\/posts\/1168681\/revisions"}],"wp:featuredmedia":[{"embeddable":true,"href":"https:\/\/www.europesays.com\/fr\/wp-json\/wp\/v2\/media\/1168682"}],"wp:attachment":[{"href":"https:\/\/www.europesays.com\/fr\/wp-json\/wp\/v2\/media?parent=1168681"}],"wp:term":[{"taxonomy":"category","embeddable":true,"href":"https:\/\/www.europesays.com\/fr\/wp-json\/wp\/v2\/categories?post=1168681"},{"taxonomy":"post_tag","embeddable":true,"href":"https:\/\/www.europesays.com\/fr\/wp-json\/wp\/v2\/tags?post=1168681"}],"curies":[{"name":"wp","href":"https:\/\/api.w.org\/{rel}","templated":true}]}}