{"id":1168683,"date":"2026-09-05T10:00:22","date_gmt":"2026-09-05T10:00:22","guid":{"rendered":"https:\/\/www.europesays.com\/fr\/1168683\/"},"modified":"2026-09-05T10:00:22","modified_gmt":"2026-09-05T10:00:22","slug":"montpellier-des-anciennes-combinaisons-de-ski-pourraient-finir-sur-la-scene-de-lopera","status":"publish","type":"post","link":"https:\/\/www.europesays.com\/fr\/1168683\/","title":{"rendered":"Montpellier : des anciennes combinaisons de ski pourraient finir sur la sc\u00e8ne de l\u2019Op\u00e9ra"},"content":{"rendered":"<p class=\"font-merriweather font-normal text-[18px] leading-[145%]\">Une ancienne combinaison de ski oubli\u00e9e dans un placard pourrait bient\u00f4t conna\u00eetre une seconde vie sous les projecteurs. Du 8 au 12 septembre, l\u2019Op\u00e9ra Orchestre national Montpellier Occitanie collecte des v\u00eatements et accessoires destin\u00e9s aux artistes de son prochain spectacle.<\/p>\n<p class=\"font-merriweather font-normal text-[18px] leading-[145%]\">Cette op\u00e9ration est organis\u00e9e en partenariat avec Emma\u00fcs Montpellier dans le cadre de la politique de responsabilit\u00e9 sociale et environnementale de l\u2019institution.<\/p>\n<p>Des costumes con\u00e7us \u00e0 partir de v\u00eatements r\u00e9employ\u00e9s<\/p>\n<p class=\"font-merriweather font-normal text-[18px] leading-[145%]\">Plut\u00f4t que de produire ou d\u2019acheter des costumes neufs, l\u2019Op\u00e9ra Orchestre souhaite privil\u00e9gier le r\u00e9emploi de v\u00eatements existants afin de r\u00e9duire l\u2019impact environnemental de ses productions.<\/p>\n<p class=\"font-merriweather font-normal text-[18px] leading-[145%]\">Les \u00e9quipements collect\u00e9s, qui devront \u00eatre en parfait ou en tr\u00e8s bon \u00e9tat, seront ensuite transform\u00e9s et r\u00e9invent\u00e9s par les ateliers costumes et accessoires de l\u2019institution. Ils habilleront les femmes et les hommes du Ch\u0153ur de l\u2019Op\u00e9ra dans Le Baiser de la f\u00e9e, pr\u00e9sent\u00e9 les 22, 23 et 27 d\u00e9cembre 2026.<\/p>\n<p>Des tenues color\u00e9es inspir\u00e9es des ann\u00e9es 1980 et 1990<\/p>\n<p class=\"font-merriweather font-normal text-[18px] leading-[145%]\">L\u2019appel aux dons concerne principalement des \u00e9quipements color\u00e9s rappelant les tenues de ski des ann\u00e9es 1980 et 1990.<\/p>\n<p class=\"font-merriweather font-normal text-[18px] leading-[145%]\">L\u2019Op\u00e9ra recherche :<\/p>\n<ul>\n<li>\n<p class=\"font-merriweather font-normal text-[18px] leading-[145%]\">des vestes et des pantalons de ski, \u00e0 l\u2019exclusion des pulls et des polaires ;<\/p>\n<\/li>\n<li>\n<p class=\"font-merriweather font-normal text-[18px] leading-[145%]\">des combinaisons int\u00e9grales ;<\/p>\n<\/li>\n<li>\n<p class=\"font-merriweather font-normal text-[18px] leading-[145%]\">des casques et des b\u00e2tons ;<\/p>\n<\/li>\n<li>\n<p class=\"font-merriweather font-normal text-[18px] leading-[145%]\">des bandeaux ;<\/p>\n<\/li>\n<li>\n<p class=\"font-merriweather font-normal text-[18px] leading-[145%]\">des lunettes et des masques de ski ;<\/p>\n<\/li>\n<li>\n<p class=\"font-merriweather font-normal text-[18px] leading-[145%]\">des chapkas et autres chapeaux en fourrure ;<\/p>\n<\/li>\n<li>\n<p class=\"font-merriweather font-normal text-[18px] leading-[145%]\">des doudounes color\u00e9es ;<\/p>\n<\/li>\n<li>\n<p class=\"font-merriweather font-normal text-[18px] leading-[145%]\">des chaussures de ski pour hommes ;<\/p>\n<\/li>\n<li>\n<p class=\"font-merriweather font-normal text-[18px] leading-[145%]\">des apr\u00e8s-ski de type \u00ab moon boots \u00bb.<\/p>\n<\/li>\n<\/ul>\n<p>Deux points de collecte \u00e0 Saint-Aun\u00e8s et Montpellier<\/p>\n<p class=\"font-merriweather font-normal text-[18px] leading-[145%]\">Les v\u00eatements et \u00e9quipements pourront \u00eatre d\u00e9pos\u00e9s du 8 au 12 septembre, chez Emma\u00fcs Montpellier \u00e0 Saint-Aun\u00e8s, dans le b\u00e2timent Textile. Le point de collecte sera ouvert de 8h \u00e0 12h et de 14h \u00e0 18h.<\/p>\n<p class=\"font-merriweather font-normal text-[18px] leading-[145%]\">Une collecte sera \u00e9galement organis\u00e9e \u00e0 l\u2019Op\u00e9ra Com\u00e9die, samedi 12 septembre, de 11h \u00e0 12h30 et de 14h \u00e0 17h.<\/p>\n<p>Une \u0153uvre red\u00e9couverte apr\u00e8s plus d\u2019un si\u00e8cle<\/p>\n<p class=\"font-merriweather font-normal text-[18px] leading-[145%]\">Cette nouvelle production marquera le 150e anniversaire de la naissance du compositeur ukrainien Th\u00e9odore Akimenko. Cr\u00e9\u00e9 \u00e0 partir d\u2019un manuscrit de 1914 rest\u00e9 enfoui pendant plus d\u2019un si\u00e8cle, Le Baiser de la f\u00e9e est librement inspir\u00e9 du conte La Vierge des glaces de Hans Christian Andersen.<\/p>\n<p class=\"font-merriweather font-normal text-[18px] leading-[145%]\">L\u2019\u0153uvre met en sc\u00e8ne Rudy, un jeune homme hant\u00e9 par la mort de son p\u00e8re en montagne, qui inaugure un complexe h\u00f4telier de luxe au c\u0153ur des Alpes. Il se retrouve confront\u00e9 \u00e0 la Vierge, figure protectrice d\u2019un monde sauvage et silencieux menac\u00e9 par les activit\u00e9s humaines.<\/p>\n<p class=\"font-merriweather font-normal text-[18px] leading-[145%]\">Port\u00e9e par le collectif Opera Popolare, en r\u00e9sidence \u00e0 l\u2019Op\u00e9ra Orchestre, la mise en sc\u00e8ne m\u00ealera prises de vue r\u00e9elles, th\u00e9\u00e2tre d\u2019objets et univers du jeu vid\u00e9o. Elle abordera \u00e9galement les cons\u00e9quences du r\u00e9chauffement climatique, prolongeant ainsi sur sc\u00e8ne la d\u00e9marche environnementale engag\u00e9e autour de la conception des costumes.<\/p>\n","protected":false},"excerpt":{"rendered":"Une ancienne combinaison de ski oubli\u00e9e dans un placard pourrait bient\u00f4t conna\u00eetre une seconde vie sous les projecteurs.&hellip;\n","protected":false},"author":2,"featured_media":1168684,"comment_status":"","ping_status":"","sticky":false,"template":"","format":"standard","meta":{"footnotes":"","_share_on_mastodon":"0"},"categories":[9599],"tags":[1111,11,1777,674,1011,27,2208,12,2680,25],"class_list":["post-1168683","post","type-post","status-publish","format-standard","has-post-thumbnail","category-montpellier","tag-actu","tag-actualites","tag-eu","tag-europe","tag-fr","tag-france","tag-montpellier","tag-news","tag-occitanie","tag-republique-francaise"],"share_on_mastodon":{"url":"https:\/\/pubeurope.com\/@fr\/117217855610549341","error":""},"_links":{"self":[{"href":"https:\/\/www.europesays.com\/fr\/wp-json\/wp\/v2\/posts\/1168683","targetHints":{"allow":["GET"]}}],"collection":[{"href":"https:\/\/www.europesays.com\/fr\/wp-json\/wp\/v2\/posts"}],"about":[{"href":"https:\/\/www.europesays.com\/fr\/wp-json\/wp\/v2\/types\/post"}],"author":[{"embeddable":true,"href":"https:\/\/www.europesays.com\/fr\/wp-json\/wp\/v2\/users\/2"}],"replies":[{"embeddable":true,"href":"https:\/\/www.europesays.com\/fr\/wp-json\/wp\/v2\/comments?post=1168683"}],"version-history":[{"count":0,"href":"https:\/\/www.europesays.com\/fr\/wp-json\/wp\/v2\/posts\/1168683\/revisions"}],"wp:featuredmedia":[{"embeddable":true,"href":"https:\/\/www.europesays.com\/fr\/wp-json\/wp\/v2\/media\/1168684"}],"wp:attachment":[{"href":"https:\/\/www.europesays.com\/fr\/wp-json\/wp\/v2\/media?parent=1168683"}],"wp:term":[{"taxonomy":"category","embeddable":true,"href":"https:\/\/www.europesays.com\/fr\/wp-json\/wp\/v2\/categories?post=1168683"},{"taxonomy":"post_tag","embeddable":true,"href":"https:\/\/www.europesays.com\/fr\/wp-json\/wp\/v2\/tags?post=1168683"}],"curies":[{"name":"wp","href":"https:\/\/api.w.org\/{rel}","templated":true}]}}