{"id":1168691,"date":"2026-09-05T10:09:17","date_gmt":"2026-09-05T10:09:17","guid":{"rendered":"https:\/\/www.europesays.com\/fr\/1168691\/"},"modified":"2026-09-05T10:09:17","modified_gmt":"2026-09-05T10:09:17","slug":"gims-niska-cinema-les-6-festivals-incontournables-de-la-rentree-pres-de-rennes","status":"publish","type":"post","link":"https:\/\/www.europesays.com\/fr\/1168691\/","title":{"rendered":"Gims, Niska, cin\u00e9ma\u2026 Les 6 festivals incontournables de la rentr\u00e9e pr\u00e8s de Rennes"},"content":{"rendered":"<p>1 I\u2019m From Rennes<\/p>\n<p><strong>Du mercredi 09\/09 au samedi 12\/09, \u00e0 Rennes<\/strong><\/p>\n<p>Le festival de la sc\u00e8ne rennaise <a href=\"https:\/\/www.letelegramme.fr\/ille-et-vilaine\/rennes-35000\/la-gratuite-a-un-cout-a-rennes-ce-festival-prend-un-virage-radical-pour-son-edition-2026-7087155.php\" target=\"_blank\" rel=\"nofollow noopener\">change de formule<\/a> pour son \u00e9dition 2026. Apr\u00e8s des difficult\u00e9s financi\u00e8res, l\u2019\u00e9v\u00e9nement s\u2019installe \u00e0 la salle de la Cit\u00e9 avec une programmation payante (letelegramme.fr, 21\/07). Au programme : les sons afro-carib\u00e9ens de Club magma, les beats hypnotiques d\u2019Ellie James, le folk de Louise Thomas, mais aussi Odoneila (d\u00e9couverte aux Trans musicales) ou encore Vicky Veryno qui sortait son album Hitchhike cette ann\u00e9e.<\/p>\n<p class=\"note\">Renseignements : imfromrennes.com<\/p>\n<blockquote class=\"instagram-media\" data-instgrm-captioned=\"\" data-instgrm-permalink=\"https:\/\/www.instagram.com\/p\/DZ7t9sCNGRv\/?utm_source=ig_embed&amp;utm_campaign=loading\" data-instgrm-version=\"14\" style=\" background:#FFF; border:0; border-radius:3px; box-shadow:0 0 1px 0 rgba(0,0,0,0.5),0 1px 10px 0 rgba(0,0,0,0.15); margin: 1px; max-width:540px; min-width:326px; padding:0; width:99.375%; width:-webkit-calc(100% - 2px); width:calc(100% - 2px);\"\/><p>2 La Flume enchant\u00e9e<\/p>\n<p><strong>Du vendredi 11\/09 au dimanche 13\/09, \u00e0 G\u00e9vez\u00e9<\/strong><\/p>\n<p>Belle affiche pour <a href=\"https:\/\/www.letelegramme.fr\/ille-et-vilaine\/gims-luiza-en-ille-et-vilaine-ce-festival-frappe-fort-pour-son-edition-2026-6944408.php\" target=\"_blank\" rel=\"nofollow noopener\">l\u2019\u00e9v\u00e9nement culturel et musical de la rentr\u00e9e<\/a> \u00e0 G\u00e9vez\u00e9. Gims, <a href=\"https:\/\/www.letelegramme.fr\/ille-et-vilaine\/en-ille-et-vilaine-ce-festival-annonce-une-nouvelle-grosse-tete-daffiche-pour-sa-prochaine-edition-6953892.php\" target=\"_blank\" rel=\"nofollow noopener\">Bigflo et Oli<\/a>, Bob Sinclair et Skip the Use sont \u00e0 l\u2019affiche de La Flume enchant\u00e9e pour son \u00e9dition 2026, mais aussi Zaz ou encore la Renno-br\u00e9silienne Luiza. Le festival est organis\u00e9 par Gevez\u2019en Gaule, qui veut v\u00e9hiculer une image positive de G\u00e9vez\u00e9 comme lieu attractif \u00e0 15 km de Rennes.<\/p>\n<p class=\"note\">Renseignements : <a href=\"http:\/\/www.festival-laflumeenchantee.fr\" target=\"_blank\" rel=\"nofollow noopener\">www.festival-laflumeenchantee.fr<\/a><\/p>\n<blockquote class=\"instagram-media\" data-instgrm-captioned=\"\" data-instgrm-permalink=\"https:\/\/www.instagram.com\/p\/DVbg2ujDKfY\/?utm_source=ig_embed&amp;utm_campaign=loading\" data-instgrm-version=\"14\" style=\" background:#FFF; border:0; border-radius:3px; box-shadow:0 0 1px 0 rgba(0,0,0,0.5),0 1px 10px 0 rgba(0,0,0,0.15); margin: 1px; max-width:540px; min-width:326px; padding:0; width:99.375%; width:-webkit-calc(100% - 2px); width:calc(100% - 2px);\"\/><p>3 Rave park<\/p>\n<p><strong>Du jeudi 01\/10 au samedi 03\/10, \u00e0 Rennes<\/strong><\/p>\n<p>Rave park d\u00e9marre d\u00e8s le jeudi \u00e0 L\u2019\u00c9tage avec Arch, label et collectif m\u00ealant rap contemporain, electro et culture club. \u00c9galement \u00e0 l\u2019affiche, Niska, Rox ou encore Sheng comptent parmi une lineup marqu\u00e9e par les ponts entre les styles et les cultures. Attention aux modalit\u00e9s d\u2019entr\u00e9e : l\u2019acc\u00e8s au Libert\u00e9 et \u00e0 L\u2019\u00c9tage pour les moins de 16 ans est autoris\u00e9 uniquement s\u2019ils sont accompagn\u00e9s d\u2019un tuteur l\u00e9gal. \u00c0 L\u2019Espace Club, entr\u00e9e interdite aux mineurs.<\/p>\n<p class=\"note\">Renseignements : <a href=\"https:\/\/ravepark.bzh\/\" target=\"_blank\" rel=\"nofollow noopener\">ravepark.bzh<\/a><\/p>\n<p>4 Pr\u00e9 en bulles<\/p>\n<p><strong>Dimanche 27\/09, \u00e0 B\u00e9d\u00e9e<\/strong><\/p>\n<p>La 17e \u00e9dition du festival Pr\u00e9 en bulles propose comme \u00e0 son habitude un programme fourni avec des d\u00e9dicaces, des expositions et des animations. Le m\u00e9dia breton Splann ! animera un temps d\u2019\u00e9change autour d\u2019un sujet de soci\u00e9t\u00e9. On aime particuli\u00e8rement le spectacle musical cont\u00e9 \u00ab Cette nuit une chouette m\u2019a dit \u00bb, par la harpiste Morgane Le Cuff, en fran\u00e7ais mais avec de v\u00e9ritables morceaux de gallo \u00e0 l\u2019int\u00e9rieur (50 mn, \u00e0 partir de 4 ans).<\/p>\n<p class=\"note\">Renseignements : <a href=\"https:\/\/www.preenbulles.fr\" target=\"_blank\" rel=\"nofollow noopener\">www.preenbulles.fr<\/a><\/p>\n<p>5 Le Son d\u2019Gaston<\/p>\n<p><strong>Samedi 19\/09, \u00e0 Le Rheu<\/strong><\/p>\n<p>Le festival Le Son d\u2019Gaston revient pour une 5e \u00e9dition en plein air -mais avec tout le confort d\u2019un espace couvert de plus de 1 000 m2 quand m\u00eame. De quoi profiter des concerts quelles que soient les conditions m\u00e9t\u00e9o !<\/p>\n<p>Avec Tribeqa, The Buttshakers, Mad Foxes, Molotov Brothers et MCL Crew, vainqueurs du tremplin maison. De 18 h \u00e0 1 h.<\/p>\n<p class=\"note\">Renseignements : <a href=\"http:\/\/lesondgaston.fr\" target=\"_blank\" rel=\"nofollow noopener\">lesondgaston.fr<\/a><\/p>\n<blockquote class=\"instagram-media\" data-instgrm-captioned=\"\" data-instgrm-permalink=\"https:\/\/www.instagram.com\/reel\/DbOTSXjj6oz\/?utm_source=ig_embed&amp;utm_campaign=loading\" data-instgrm-version=\"14\" style=\" background:#FFF; border:0; border-radius:3px; box-shadow:0 0 1px 0 rgba(0,0,0,0.5),0 1px 10px 0 rgba(0,0,0,0.15); margin: 1px; max-width:540px; min-width:326px; padding:0; width:99.375%; width:-webkit-calc(100% - 2px); width:calc(100% - 2px);\"\/><p>6 Court m\u00e9trange<\/p>\n<p><strong>Du mardi 29\/09 au dimanche 04\/10, \u00e0 Rennes<\/strong><\/p>\n<p>Il ne fait pas bon \u00eatre un personnage de film projet\u00e9 \u00e0 Court m\u00e9trange, tant ces derniers ont tendance \u00e0 mourir dans des circonstances myst\u00e9rieuses, insolites ou atroces (voir les trois \u00e0 la fois). Normal, pour un festival d\u00e9di\u00e9 au fantastique, un genre qui est rarement de tout repos. C\u2019est aussi le couperet qui menace un \u00e9v\u00e9nement luttant pour son existence dans un milieu culturel sinistr\u00e9. Pied de nez \u00e0 la Camarde (qui peut difficilement riposter en la mati\u00e8re), la mort est le th\u00e8me retenu cette ann\u00e9e, qui irriguera treize s\u00e9ances de courts m\u00e9trages, un d\u00e9bat philosophique, des visites au Mus\u00e9e de Bretagne, un parcours jeune public mais \u00e9galement un cin\u00e9-concert avec le Conservatoire de Rennes.<\/p>\n<p><script async src=\"\/\/www.instagram.com\/embed.js\"><\/script><\/p>\n","protected":false},"excerpt":{"rendered":"1 I\u2019m From Rennes Du mercredi 09\/09 au samedi 12\/09, \u00e0 Rennes Le festival de la sc\u00e8ne rennaise&hellip;\n","protected":false},"author":2,"featured_media":1168692,"comment_status":"","ping_status":"","sticky":false,"template":"","format":"standard","meta":{"footnotes":"","_share_on_mastodon":"0"},"categories":[2821],"tags":[1111,11,829,251,3173,872,1777,674,849,3337,1011,27,848,873,12,584,25],"class_list":["post-1168691","post","type-post","status-publish","format-standard","has-post-thumbnail","category-rennes","tag-actu","tag-actualites","tag-bretagne","tag-culture","tag-culture-a-rennes","tag-culture-et-loisirs","tag-eu","tag-europe","tag-festival","tag-festivals","tag-fr","tag-france","tag-ille-et-vilaine","tag-musique","tag-news","tag-rennes","tag-republique-francaise"],"share_on_mastodon":{"url":"https:\/\/pubeurope.com\/@fr\/117217890635790020","error":""},"_links":{"self":[{"href":"https:\/\/www.europesays.com\/fr\/wp-json\/wp\/v2\/posts\/1168691","targetHints":{"allow":["GET"]}}],"collection":[{"href":"https:\/\/www.europesays.com\/fr\/wp-json\/wp\/v2\/posts"}],"about":[{"href":"https:\/\/www.europesays.com\/fr\/wp-json\/wp\/v2\/types\/post"}],"author":[{"embeddable":true,"href":"https:\/\/www.europesays.com\/fr\/wp-json\/wp\/v2\/users\/2"}],"replies":[{"embeddable":true,"href":"https:\/\/www.europesays.com\/fr\/wp-json\/wp\/v2\/comments?post=1168691"}],"version-history":[{"count":0,"href":"https:\/\/www.europesays.com\/fr\/wp-json\/wp\/v2\/posts\/1168691\/revisions"}],"wp:featuredmedia":[{"embeddable":true,"href":"https:\/\/www.europesays.com\/fr\/wp-json\/wp\/v2\/media\/1168692"}],"wp:attachment":[{"href":"https:\/\/www.europesays.com\/fr\/wp-json\/wp\/v2\/media?parent=1168691"}],"wp:term":[{"taxonomy":"category","embeddable":true,"href":"https:\/\/www.europesays.com\/fr\/wp-json\/wp\/v2\/categories?post=1168691"},{"taxonomy":"post_tag","embeddable":true,"href":"https:\/\/www.europesays.com\/fr\/wp-json\/wp\/v2\/tags?post=1168691"}],"curies":[{"name":"wp","href":"https:\/\/api.w.org\/{rel}","templated":true}]}}