{"id":1168693,"date":"2026-09-05T10:10:29","date_gmt":"2026-09-05T10:10:29","guid":{"rendered":"https:\/\/www.europesays.com\/fr\/1168693\/"},"modified":"2026-09-05T10:10:29","modified_gmt":"2026-09-05T10:10:29","slug":"je-nai-pas-besoin-dy-aller-ils-vivent-tout-pres-de-rennes-mais-ont-arrete-de-sy-rendre","status":"publish","type":"post","link":"https:\/\/www.europesays.com\/fr\/1168693\/","title":{"rendered":"\u00ab\u00a0Je n\u2019ai pas besoin d\u2019y aller\u00a0\u00bb\u00a0: ils vivent tout pr\u00e8s de Rennes mais ont arr\u00eat\u00e9 de s\u2019y rendre"},"content":{"rendered":"<p>\u00c0 seulement 15 minutes de la capitale bretonne, la commune de La M\u00e9zi\u00e8re a toutes les caract\u00e9ristiques de la banale ville dortoir. Mais ces derni\u00e8res ann\u00e9es, commerces et services s\u2019y sont multipli\u00e9s, accompagn\u00e9s par le dynamisme d\u2019une cinquantaine d\u2019associations. De quoi permettre \u00e0 la population locale de s\u2019affranchir du grand fr\u00e8re rennais.<\/p>\n<p><a class=\"tlg-kiosque tlg-kiosque-rennes gtm-kiosque-rennes\" href=\"https:\/\/www.lemensuel.com\/rennes\" target=\"_blank\" rel=\"nofollow noopener\"><img decoding=\"async\" src=\"https:\/\/www.europesays.com\/fr\/wp-content\/uploads\/2026\/09\/MDR_une_complete.png\" alt=\"Couverture Mensuel Rennes\"\/><\/p>\n<p>Le Mensuel de Rennes<\/p>\n<p>Magazine curieux et (im)pertinent !<\/p>\n<p>D\u00e9couvrez<\/a><\/p>\n<p>\u00ab Je vis dans un lotissement en lisi\u00e8re du bourg, mais je ne m\u2019attendais pas \u00e0 ce qu\u2019il y ait un tel esprit de village \u00bb, t\u00e9moigne une habitante. \u00ab On a m\u00eame un th\u00e9\u00e2tre dans une station-service, pas besoin d\u2019aller \u00e0 Rennes pour la culture. \u00bb<\/p>\n<p>Proximit\u00e9 des services<\/p>\n<p>L\u2019acc\u00e8s \u00e0 la propri\u00e9t\u00e9, des espaces verts plus vastes et une vie de village constituent les principaux arguments avanc\u00e9s par les r\u00e9sidents pour justifier cet \u00e9loignement volontaire. Si Rennes reste un p\u00f4le d\u2019attraction \u00e9conomique majeur, ces communes p\u00e9riurbaines comme La M\u00e9zi\u00e8re se sont beaucoup d\u00e9velopp\u00e9es ces derni\u00e8res ann\u00e9es.<\/p>\n<p>Enseignante sur place, Laurence confirme cette tendance : \u00ab Je me rends compte que je vis de plus en plus sans Rennes. En fait, c\u2019est la proximit\u00e9 des services qui est rassurante. Au quotidien, je n\u2019ai pas besoin d\u2019y aller. La M\u00e9zi\u00e8re est une ville agr\u00e9able avec un milieu associatif tr\u00e8s d\u00e9velopp\u00e9. \u00bb<\/p>\n","protected":false},"excerpt":{"rendered":"\u00c0 seulement 15 minutes de la capitale bretonne, la commune de La M\u00e9zi\u00e8re a toutes les caract\u00e9ristiques de&hellip;\n","protected":false},"author":2,"featured_media":1168694,"comment_status":"","ping_status":"","sticky":false,"template":"","format":"standard","meta":{"footnotes":"","_share_on_mastodon":"0"},"categories":[2821],"tags":[1111,11,829,1777,674,1011,27,848,12,584,25],"class_list":["post-1168693","post","type-post","status-publish","format-standard","has-post-thumbnail","category-rennes","tag-actu","tag-actualites","tag-bretagne","tag-eu","tag-europe","tag-fr","tag-france","tag-ille-et-vilaine","tag-news","tag-rennes","tag-republique-francaise"],"share_on_mastodon":{"url":"https:\/\/pubeurope.com\/@fr\/117217896521708494","error":""},"_links":{"self":[{"href":"https:\/\/www.europesays.com\/fr\/wp-json\/wp\/v2\/posts\/1168693","targetHints":{"allow":["GET"]}}],"collection":[{"href":"https:\/\/www.europesays.com\/fr\/wp-json\/wp\/v2\/posts"}],"about":[{"href":"https:\/\/www.europesays.com\/fr\/wp-json\/wp\/v2\/types\/post"}],"author":[{"embeddable":true,"href":"https:\/\/www.europesays.com\/fr\/wp-json\/wp\/v2\/users\/2"}],"replies":[{"embeddable":true,"href":"https:\/\/www.europesays.com\/fr\/wp-json\/wp\/v2\/comments?post=1168693"}],"version-history":[{"count":0,"href":"https:\/\/www.europesays.com\/fr\/wp-json\/wp\/v2\/posts\/1168693\/revisions"}],"wp:featuredmedia":[{"embeddable":true,"href":"https:\/\/www.europesays.com\/fr\/wp-json\/wp\/v2\/media\/1168694"}],"wp:attachment":[{"href":"https:\/\/www.europesays.com\/fr\/wp-json\/wp\/v2\/media?parent=1168693"}],"wp:term":[{"taxonomy":"category","embeddable":true,"href":"https:\/\/www.europesays.com\/fr\/wp-json\/wp\/v2\/categories?post=1168693"},{"taxonomy":"post_tag","embeddable":true,"href":"https:\/\/www.europesays.com\/fr\/wp-json\/wp\/v2\/tags?post=1168693"}],"curies":[{"name":"wp","href":"https:\/\/api.w.org\/{rel}","templated":true}]}}